{"id":20073,"date":"2022-07-29T16:34:13","date_gmt":"2022-07-29T13:34:13","guid":{"rendered":"http:\/\/akdenizolaygazetesi.com\/?p=20073"},"modified":"2022-07-29T16:34:13","modified_gmt":"2022-07-29T13:34:13","slug":"toroslar-belediyesi-hayvan-sevgisini-duvarlara-tasidi","status":"publish","type":"post","link":"https:\/\/akdenizolaygazetesi.com\/?p=20073","title":{"rendered":"TOROSLAR BELED\u0130YES\u0130 HAYVAN SEVG\u0130S\u0130N\u0130 DUVARLARA TA\u015eIDI"},"content":{"rendered":"<p>Toroslar Belediyesi; kent esteti\u011fi ve \u00e7evre d\u00fczenleme \u00e7al\u0131\u015fmalar\u0131 kapsam\u0131nda trafolar \u00fczerine yapt\u0131\u011f\u0131 resim \u00e7al\u0131\u015fmalar\u0131yla il\u00e7eyi renklendiriyor.<\/p>\n<p>Park ve ye\u015fil alanlarda temizlik ve bak\u0131m \u00e7al\u0131\u015fmalar\u0131n\u0131 aral\u0131ks\u0131z s\u00fcrd\u00fcren belediye, parklarda bulunan trafo binalar\u0131n\u0131 k\u00fclt\u00fcrel mirasa ait motiflerin yan\u0131 s\u0131ra \u00f6zellikle hayvan sevgisini yans\u0131tan fig\u00fcrlerle s\u00fcsl\u00fcyor.<\/p>\n<p>Belediyenin Park ve Bah\u00e7eler M\u00fcd\u00fcrl\u00fc\u011f\u00fc ressam\u0131 taraf\u0131ndan s\u00fcrd\u00fcr\u00fclen \u00e7al\u0131\u015fmalar ile so\u011fuk bir g\u00f6r\u00fcnt\u00fc olu\u015fturan trafo binalar\u0131, daha modern ve g\u00fczel bir g\u00f6r\u00fcn\u00fcme kavu\u015fuyor.<\/p>\n<p>Trafo binalar\u0131na \u00fc\u00e7 boyutlu bal\u0131k,  ku\u015f, g\u00fcvercin, at ve k\u00f6pek gibi hayvan fig\u00fcrleri i\u015flenirken, duvarlardaki sanat \u00e7al\u0131\u015fmalar\u0131, farkl\u0131 t\u00fcr ve temalarda yap\u0131lmaya devam edecek.<\/p>\n<p>Vatanda\u015flar ise yap\u0131lan bu resimler sayesinde parklar\u0131n bamba\u015fka bir g\u00f6r\u00fcn\u00fcm kazand\u0131\u011f\u0131n\u0131 belirtirken, kent esteti\u011fine sundu\u011fu katk\u0131lardan dolay\u0131 Toroslar Belediye Ba\u015fkan\u0131 Ats\u0131z Af\u015f\u0131n Y\u0131lmaz&#8217;a te\u015fekk\u00fcr ettiler.<\/p>\n<p>&#8220;Trafo Renklendirme \u00c7al\u0131\u015fmalar\u0131m\u0131z, Vatanda\u015f\u0131m\u0131z\u0131n Ho\u015funa Gidiyor&#8221;<\/p>\n<p>Toroslar Belediye Ba\u015fkan\u0131 Ats\u0131z Af\u015f\u0131n Y\u0131lmaz, trafo binalar\u0131na yapt\u0131klar\u0131 resim \u00e7al\u0131\u015fmalar\u0131 ile vatanda\u015flardan olumlu tepkiler ald\u0131klar\u0131n\u0131 kaydederek; &#8220;Bu alanlara modern bir g\u00f6r\u00fcn\u00fcm kazand\u0131r\u0131rken, \u00e7ocuklar\u0131m\u0131z\u0131n hayal d\u00fcnyas\u0131n\u0131 da zenginle\u015ftirmek istedik&#8221; dedi.<\/p>\n<p>Sokak sanat\u0131 ile il\u00e7eye renk katt\u0131klar\u0131n\u0131 vurgulayan Ba\u015fkan Y\u0131lmaz; &#8220;Hizmet \u00e7al\u0131\u015fmalar\u0131m\u0131z\u0131n yan\u0131nda il\u00e7emizin \u00e7ehresini de\u011fi\u015ftirecek sanatsal faaliyetlere de \u00f6nem veriyoruz. D\u0131\u015f cepheleri y\u0131pranm\u0131\u015f olan trafolar\u0131n reng\u00e2renk de\u011fi\u015fimi, \u00f6zellikle \u00e7ocuklar\u0131m\u0131z ve mahalle sakinleri taraf\u0131ndan b\u00fcy\u00fck be\u011feni topluyor. Trafolar\u0131n boyanmas\u0131 il\u00e7emize ayr\u0131 bir renk katt\u0131. \u0130l\u00e7emizi renklendirmeye devam edece\u011fiz&#8221; \u015feklinde konu\u015ftu.<\/p>\n","protected":false},"excerpt":{"rendered":"<p>Toroslar Belediyesi; kent esteti\u011fi ve \u00e7evre d\u00fczenleme \u00e7al\u0131\u015fmalar\u0131 kapsam\u0131nda trafolar \u00fczerine yapt\u0131\u011f\u0131 resim \u00e7al\u0131\u015fmalar\u0131yla il\u00e7eyi renklendiriyor. Park ve ye\u015fil alanlarda temizlik ve bak\u0131m \u00e7al\u0131\u015fmalar\u0131n\u0131 aral\u0131ks\u0131z s\u00fcrd\u00fcren belediye, parklarda bulunan trafo &hellip; <a href=\"https:\/\/akdenizolaygazetesi.com\/?p=20073\" class=\"more-link\">Devam\u0131n\u0131 Oku&#8230;<\/a><\/p>\n","protected":false},"author":2,"featured_media":20074,"comment_status":"open","ping_status":"open","sticky":false,"template":"","format":"standard","meta":[],"categories":[3],"tags":[],"_links":{"self":[{"href":"https:\/\/akdenizolaygazetesi.com\/index.php?rest_route=\/wp\/v2\/posts\/20073"}],"collection":[{"href":"https:\/\/akdenizolaygazetesi.com\/index.php?rest_route=\/wp\/v2\/posts"}],"about":[{"href":"https:\/\/akdenizolaygazetesi.com\/index.php?rest_route=\/wp\/v2\/types\/post"}],"author":[{"embeddable":true,"href":"https:\/\/akdenizolaygazetesi.com\/index.php?rest_route=\/wp\/v2\/users\/2"}],"replies":[{"embeddable":true,"href":"https:\/\/akdenizolaygazetesi.com\/index.php?rest_route=%2Fwp%2Fv2%2Fcomments&post=20073"}],"version-history":[{"count":1,"href":"https:\/\/akdenizolaygazetesi.com\/index.php?rest_route=\/wp\/v2\/posts\/20073\/revisions"}],"predecessor-version":[{"id":20075,"href":"https:\/\/akdenizolaygazetesi.com\/index.php?rest_route=\/wp\/v2\/posts\/20073\/revisions\/20075"}],"wp:featuredmedia":[{"embeddable":true,"href":"https:\/\/akdenizolaygazetesi.com\/index.php?rest_route=\/wp\/v2\/media\/20074"}],"wp:attachment":[{"href":"https:\/\/akdenizolaygazetesi.com\/index.php?rest_route=%2Fwp%2Fv2%2Fmedia&parent=20073"}],"wp:term":[{"taxonomy":"category","embeddable":true,"href":"https:\/\/akdenizolaygazetesi.com\/index.php?rest_route=%2Fwp%2Fv2%2Fcategories&post=20073"},{"taxonomy":"post_tag","embeddable":true,"href":"https:\/\/akdenizolaygazetesi.com\/index.php?rest_route=%2Fwp%2Fv2%2Ftags&post=20073"}],"curies":[{"name":"wp","href":"https:\/\/api.w.org\/{rel}","templated":true}]}}