{"id":20111,"date":"2022-08-02T12:42:24","date_gmt":"2022-08-02T09:42:24","guid":{"rendered":"http:\/\/akdenizolaygazetesi.com\/?p=20111"},"modified":"2022-08-02T12:42:24","modified_gmt":"2022-08-02T09:42:24","slug":"ilk-kez-ata-binmenin-heyecanini-yasadilar","status":"publish","type":"post","link":"https:\/\/akdenizolaygazetesi.com\/?p=20111","title":{"rendered":"&#8220;\u0130lk Kez Ata Binmenin Heyecan\u0131n\u0131 Ya\u015fad\u0131lar&#8221;"},"content":{"rendered":"<p>Toroslar Belediyesi, 14-17 ya\u015f aral\u0131\u011f\u0131ndaki k\u0131z \u00f6\u011frencileri Silifke Kap\u0131zl\u0131&#8217;daki Gen\u00e7lik Kamp\u0131&#8217;nda bulu\u015fturdu.<\/p>\n<p>&#8220;Toroslar \u0130lerle Gen\u00e7lik Seninle&#8221; Projesi kapsam\u0131nda ge\u00e7ti\u011fimiz y\u0131l 740 gencin kamp hayalini ger\u00e7e\u011fe d\u00f6n\u00fc\u015ft\u00fcren Toroslar Belediye Ba\u015fkan\u0131 Ats\u0131z Af\u015f\u0131n Y\u0131lmaz, bu y\u0131l da gen\u00e7leri unutmad\u0131.<\/p>\n<p>\u0130l\u00e7enin d\u00f6rt bir yan\u0131ndan kampa gelen k\u0131z \u00f6\u011frenciler; denizin tad\u0131n\u0131 \u00e7\u0131kar\u0131rken, spor ve e\u011flence dolu aktivitelerle moral depoluyor.<\/p>\n<p>\u0130ki grup halinde yap\u0131lan ve 5 A\u011fustos&#8217;a kadar devam edecek olan kamp\u0131n ilki sona erdi. Gen\u00e7lik ve Spor Bakanl\u0131\u011f\u0131&#8217;n\u0131n i\u015fbirli\u011fiyle d\u00fczenlenen kampta toplam 200 \u00f6\u011frenci, kamp deneyimi ya\u015fayacak.<\/p>\n<p> &#8220;\u0130lk Kez Ata Binmenin Heyecan\u0131n\u0131 Ya\u015fad\u0131lar&#8221;<\/p>\n<p>Gen\u00e7lik liderlerinin yan\u0131 s\u0131ra Toroslar Belediyesi Teknik ve Mesleki E\u011fitim Kurslar\u0131 (TORTEK) e\u011fitmenlerinin de g\u00f6rev ald\u0131\u011f\u0131 kampta gen\u00e7ler; y\u00fczme, plaj voleybolu, masa tenisi, dart, lang\u0131rt, sinema, tiyatro ve ilk yard\u0131m dersinin yan\u0131 s\u0131ra dans ve halk oyunlar\u0131 e\u011fitimi ile el i\u015fi \u00e7al\u0131\u015fmalar\u0131 da yaparak dolu dolu 3 g\u00fcn ge\u00e7irdi.<\/p>\n<p>Denizle, sosyal ve sportif etkinliklerle bulu\u015fan gen\u00e7ler, ilk kez ata binmenin heyecan\u0131n\u0131 da ya\u015fad\u0131.<\/p>\n<p>Gen\u00e7ler, Ba\u015fkan Y\u0131lmaz&#8217;a Te\u015fekk\u00fcr Etti<\/p>\n<p>Kampta yeni dostluklar kurarak, unutulmaz anlar ya\u015fayan gen\u00e7ler ise hem e\u011fitici hem de e\u011flenceli bir kamp yapt\u0131klar\u0131n\u0131 belirterek, kendilerine b\u00f6yle bir imkan sunan Ba\u015fkan Y\u0131lmaz&#8217;a te\u015fekk\u00fcr etti.<\/p>\n<p>Ba\u015fkan Y\u0131lmaz; &#8220;Gen\u00e7ler, Bizim G\u00f6zbebe\u011fimiz&#8221;<\/p>\n<p>Toroslar Belediye Ba\u015fkan\u0131 Ats\u0131z Af\u015f\u0131n Y\u0131lmaz, gen\u00e7lere y\u00f6nelik sosyal ve k\u00fclt\u00fcrel faaliyetlerine devam ettiklerini belirterek; &#8220;Gen\u00e7lik kamplar\u0131n\u0131n en g\u00fczel ya\u015fanm\u0131\u015fl\u0131\u011f\u0131 yeni dostluklar\u0131n kurulmas\u0131 ve kamp deneyimlerinin y\u0131llarca unutulmamas\u0131d\u0131r. Biz de Toroslar Belediyesi olarak gen\u00e7lerimizin hayallerini ger\u00e7e\u011fe d\u00f6n\u00fc\u015ft\u00fcrmenin mutlulu\u011funu ya\u015f\u0131yoruz&#8221; dedi.<\/p>\n<p>&#8220;Amac\u0131m\u0131z, gen\u00e7lerimizin yaz d\u00f6nemini daha verimli ge\u00e7irmeleridir&#8221; diyen Ba\u015fkan Y\u0131lmaz; &#8220;Gen\u00e7lerimizin, sa\u011fl\u0131kl\u0131, e\u011fitimli ve mutlu bireyler olarak hayata devam etmeleri, bilgi \u00e7a\u011f\u0131n\u0131n b\u00fct\u00fcn geli\u015fmi\u015fliklerini kullanabilen, ara\u015ft\u0131ran, sporcu kimlikleriyle \u00f6ne \u00e7\u0131kmalar\u0131 ve T\u00fcrk Milletinin de\u011ferlerini \u00f6z\u00fcmsemi\u015f bir nesil olarak yeti\u015fmeleri en b\u00fcy\u00fck arzumuz. \u00c7ocuklar\u0131m\u0131z\u0131n daha g\u00fczel yar\u0131nlara haz\u0131rlanabilmeleri i\u00e7in bu aktiviteleri \u00f6nemsiyoruz. Bu do\u011frultuda \u00e7al\u0131\u015fmalar\u0131m\u0131z\u0131 ve projelerimizi hayata ge\u00e7irmeye devam edece\u011fiz&#8221; diye konu\u015ftu.<\/p>\n","protected":false},"excerpt":{"rendered":"<p>Toroslar Belediyesi, 14-17 ya\u015f aral\u0131\u011f\u0131ndaki k\u0131z \u00f6\u011frencileri Silifke Kap\u0131zl\u0131&#8217;daki Gen\u00e7lik Kamp\u0131&#8217;nda bulu\u015fturdu. &#8220;Toroslar \u0130lerle Gen\u00e7lik Seninle&#8221; Projesi kapsam\u0131nda ge\u00e7ti\u011fimiz y\u0131l 740 gencin kamp hayalini ger\u00e7e\u011fe d\u00f6n\u00fc\u015ft\u00fcren Toroslar Belediye Ba\u015fkan\u0131 Ats\u0131z &hellip; <a href=\"https:\/\/akdenizolaygazetesi.com\/?p=20111\" class=\"more-link\">Devam\u0131n\u0131 Oku&#8230;<\/a><\/p>\n","protected":false},"author":2,"featured_media":20112,"comment_status":"open","ping_status":"open","sticky":false,"template":"","format":"standard","meta":[],"categories":[1,2,3,10],"tags":[],"_links":{"self":[{"href":"https:\/\/akdenizolaygazetesi.com\/index.php?rest_route=\/wp\/v2\/posts\/20111"}],"collection":[{"href":"https:\/\/akdenizolaygazetesi.com\/index.php?rest_route=\/wp\/v2\/posts"}],"about":[{"href":"https:\/\/akdenizolaygazetesi.com\/index.php?rest_route=\/wp\/v2\/types\/post"}],"author":[{"embeddable":true,"href":"https:\/\/akdenizolaygazetesi.com\/index.php?rest_route=\/wp\/v2\/users\/2"}],"replies":[{"embeddable":true,"href":"https:\/\/akdenizolaygazetesi.com\/index.php?rest_route=%2Fwp%2Fv2%2Fcomments&post=20111"}],"version-history":[{"count":1,"href":"https:\/\/akdenizolaygazetesi.com\/index.php?rest_route=\/wp\/v2\/posts\/20111\/revisions"}],"predecessor-version":[{"id":20113,"href":"https:\/\/akdenizolaygazetesi.com\/index.php?rest_route=\/wp\/v2\/posts\/20111\/revisions\/20113"}],"wp:featuredmedia":[{"embeddable":true,"href":"https:\/\/akdenizolaygazetesi.com\/index.php?rest_route=\/wp\/v2\/media\/20112"}],"wp:attachment":[{"href":"https:\/\/akdenizolaygazetesi.com\/index.php?rest_route=%2Fwp%2Fv2%2Fmedia&parent=20111"}],"wp:term":[{"taxonomy":"category","embeddable":true,"href":"https:\/\/akdenizolaygazetesi.com\/index.php?rest_route=%2Fwp%2Fv2%2Fcategories&post=20111"},{"taxonomy":"post_tag","embeddable":true,"href":"https:\/\/akdenizolaygazetesi.com\/index.php?rest_route=%2Fwp%2Fv2%2Ftags&post=20111"}],"curies":[{"name":"wp","href":"https:\/\/api.w.org\/{rel}","templated":true}]}}