{"id":20117,"date":"2022-08-02T12:45:40","date_gmt":"2022-08-02T09:45:40","guid":{"rendered":"http:\/\/akdenizolaygazetesi.com\/?p=20117"},"modified":"2022-08-02T12:45:40","modified_gmt":"2022-08-02T09:45:40","slug":"uretici-kadin-stantlari-tarsusta-farkli-noktalarda-yeniden-acildi","status":"publish","type":"post","link":"https:\/\/akdenizolaygazetesi.com\/?p=20117","title":{"rendered":"\u00dcRET\u0130C\u0130 KADIN STANTLARI TARSUS&#8217;TA FARKLI NOKTALARDA YEN\u0130DEN A\u00c7ILDI"},"content":{"rendered":"<p>Mersin B\u00fcy\u00fck\u015fehir Belediyesi&#8217;nin kad\u0131n eme\u011fini \u00f6nceleyen ve aile ekonomilerine destek olan &#8216;\u00dcretici Kad\u0131n Stantlar\u0131&#8217; a\u00e7\u0131lmaya devam ediyor. B\u00fcy\u00fck\u015fehir Belediyesi Kad\u0131n ve Aile Hizmetleri Dairesi Ba\u015fkanl\u0131\u011f\u0131 taraf\u0131ndan y\u00fcr\u00fct\u00fclen proje kapsam\u0131nda, Tarsus K\u00fclt\u00fcr Park i\u00e7i ve bir al\u0131\u015f-veri\u015f merkezinde stantlar a\u00e7\u0131ld\u0131.<\/p>\n<p>Mersin B\u00fcy\u00fck\u015fehir Belediye Ba\u015fkan\u0131 Vahap Se\u00e7er&#8217;in olduk\u00e7a \u00f6nemsedi\u011fi ve destekledi\u011fi proje ile evdeki gizli i\u015f g\u00fcc\u00fc de ortaya \u00e7\u0131k\u0131yor. Kad\u0131nlar\u0131n ev ekonomilerine katk\u0131 sunan \u00e7al\u0131\u015fma, onlara sosyalle\u015fme imkan\u0131 da sa\u011fl\u0131yor.<\/p>\n<p>Tarsus&#8217;un me\u015fhur i\u011fne oyalar\u0131, \u00f6rg\u00fc \u00fcr\u00fcnleri ve yazmas\u0131, bunun yan\u0131nda s\u0131kmas\u0131, b\u00f6re\u011fi, kokulu \u00e7\u00f6re\u011fi, karaku\u015f tatl\u0131s\u0131, tazecik baharatlar\u0131, mam\u00fclleri ile sezonun g\u00f6zdesi Tarsus Beyaz\u0131 \u00fcz\u00fcm\u00fc ve b\u00f6lgesel daha pek \u00e7ok \u00fcr\u00fcn\u00fcn yer ald\u0131\u011f\u0131 stantlara, toplumun de\u011fi\u015fik kesimlerinden ve her ya\u015f grubundan insanlar ilgi g\u00f6sterdi.<\/p>\n<p>&#8220;Ekonomimize katk\u0131 sa\u011fl\u0131yoruz&#8221;<\/p>\n<p>Stand\u0131nda Tarsus&#8217;a has bir \u00fcr\u00fcn olan Tarsus Beyaz\u0131 \u00fcz\u00fcm \u00e7e\u015fidinden olduk\u00e7a \u00e7ok satan Sevim \u00c7al\u0131\u015fkan, &#8220;\u00dcretici kad\u0131nlar olarak, bu stant imkan\u0131n\u0131 bize sunan B\u00fcy\u00fck\u015fehir Belediyesi&#8217;ne \u00e7ok te\u015fekk\u00fcr ediyoruz. Elimizin eme\u011fi, g\u00f6z\u00fcm\u00fcz\u00fcn nuru \u00fcr\u00fcnleri satarak, ekonomimize katk\u0131 sa\u011fl\u0131yoruz. Etkinliklerinden de memnunuz&#8221; dedi.<\/p>\n<p>&#8220;Onkoloji hastas\u0131y\u0131m; iyi ki kat\u0131lm\u0131\u015f\u0131m&#8221;<\/p>\n<p>Kad\u0131n \u00fcreticilerden Sultan Co\u015fkun, &#8220;\u0130yi ki kat\u0131lm\u0131\u015f\u0131m, \u00e7ok ho\u015fuma gidiyor. Kendim \u00fcretiyorum, kendim sat\u0131yorum. B\u00fcy\u00fck\u015fehir Belediyesi&#8217;nin bebek e\u011fitimi vard\u0131, ona da kat\u0131ld\u0131m. Yani bu etkinliklerle hem stres at\u0131yorum, hem de Belediye&#8217;nin bize sipari\u015f verdi\u011fi \u015feyleri evde \u00fcretiyorum. Ben ayr\u0131ca Onkoloji hastas\u0131y\u0131m. Yani \u00e7ok seviyorum, iyi ki kat\u0131lm\u0131\u015f\u0131m diyorum&#8221; \u015feklinde konu\u015ftu.<\/p>\n<p>&#8220;Elde etti\u011fim gelirle 2 \u00e7ocu\u011fumu okutuyorum&#8221;<\/p>\n<p>\u00dcretti\u011fi eli\u015fi \u00fcr\u00fcnlerini stantlarda satarak iki \u00e7ocu\u011funun e\u011fitim hayat\u0131na destek oldu\u011funu belirten Song\u00fcl \u00c7\u00f6mez ise, &#8220;Evde tasarl\u0131yordum \u00fcr\u00fcnlerimi. Daha sonra \u00fcr\u00fcnlerimi yapt\u0131ktan sonra Belda han\u0131mla ve Meral han\u0131mla tan\u0131\u015ft\u0131m. Bana desteklerinden dolay\u0131 \u00e7ok memnunum. \u00c7ocuklar\u0131m\u0131 okutuyorum bu gelirle&#8221; dedi.<br \/>\nBa\u015fkan Se\u00e7er&#8217;e kad\u0131n eme\u011fine verdi\u011fi \u00f6nemden dolay\u0131 te\u015fekk\u00fcrlerini ileten Song\u00fcl \u00c7\u00f6mez, &#8220;Kendilerine \u00e7ok minnettar\u0131m, te\u015fekk\u00fcr ediyorum. Ekonomik gelir sa\u011flay\u0131nca, daha \u00e7ok \u00f6zg\u00fcven sahibi oldum&#8221; diye konu\u015ftu.<\/p>\n","protected":false},"excerpt":{"rendered":"<p>Mersin B\u00fcy\u00fck\u015fehir Belediyesi&#8217;nin kad\u0131n eme\u011fini \u00f6nceleyen ve aile ekonomilerine destek olan &#8216;\u00dcretici Kad\u0131n Stantlar\u0131&#8217; a\u00e7\u0131lmaya devam ediyor. B\u00fcy\u00fck\u015fehir Belediyesi Kad\u0131n ve Aile Hizmetleri Dairesi Ba\u015fkanl\u0131\u011f\u0131 taraf\u0131ndan y\u00fcr\u00fct\u00fclen proje kapsam\u0131nda, Tarsus &hellip; <a href=\"https:\/\/akdenizolaygazetesi.com\/?p=20117\" class=\"more-link\">Devam\u0131n\u0131 Oku&#8230;<\/a><\/p>\n","protected":false},"author":2,"featured_media":20118,"comment_status":"open","ping_status":"open","sticky":false,"template":"","format":"standard","meta":[],"categories":[34,1,2,3,5],"tags":[],"_links":{"self":[{"href":"https:\/\/akdenizolaygazetesi.com\/index.php?rest_route=\/wp\/v2\/posts\/20117"}],"collection":[{"href":"https:\/\/akdenizolaygazetesi.com\/index.php?rest_route=\/wp\/v2\/posts"}],"about":[{"href":"https:\/\/akdenizolaygazetesi.com\/index.php?rest_route=\/wp\/v2\/types\/post"}],"author":[{"embeddable":true,"href":"https:\/\/akdenizolaygazetesi.com\/index.php?rest_route=\/wp\/v2\/users\/2"}],"replies":[{"embeddable":true,"href":"https:\/\/akdenizolaygazetesi.com\/index.php?rest_route=%2Fwp%2Fv2%2Fcomments&post=20117"}],"version-history":[{"count":1,"href":"https:\/\/akdenizolaygazetesi.com\/index.php?rest_route=\/wp\/v2\/posts\/20117\/revisions"}],"predecessor-version":[{"id":20119,"href":"https:\/\/akdenizolaygazetesi.com\/index.php?rest_route=\/wp\/v2\/posts\/20117\/revisions\/20119"}],"wp:featuredmedia":[{"embeddable":true,"href":"https:\/\/akdenizolaygazetesi.com\/index.php?rest_route=\/wp\/v2\/media\/20118"}],"wp:attachment":[{"href":"https:\/\/akdenizolaygazetesi.com\/index.php?rest_route=%2Fwp%2Fv2%2Fmedia&parent=20117"}],"wp:term":[{"taxonomy":"category","embeddable":true,"href":"https:\/\/akdenizolaygazetesi.com\/index.php?rest_route=%2Fwp%2Fv2%2Fcategories&post=20117"},{"taxonomy":"post_tag","embeddable":true,"href":"https:\/\/akdenizolaygazetesi.com\/index.php?rest_route=%2Fwp%2Fv2%2Ftags&post=20117"}],"curies":[{"name":"wp","href":"https:\/\/api.w.org\/{rel}","templated":true}]}}