{"id":20123,"date":"2022-08-02T12:48:52","date_gmt":"2022-08-02T09:48:52","guid":{"rendered":"http:\/\/akdenizolaygazetesi.com\/?p=20123"},"modified":"2022-08-02T12:48:52","modified_gmt":"2022-08-02T09:48:52","slug":"lgs-gulnar-1-si-buyuksehir-kurs-merkezinden-cikti","status":"publish","type":"post","link":"https:\/\/akdenizolaygazetesi.com\/?p=20123","title":{"rendered":"LGS G\u00dcLNAR 1.&#8217;S\u0130 B\u00dcY\u00dcK\u015eEH\u0130R KURS MERKEZ\u0130&#8217;NDEN \u00c7IKTI"},"content":{"rendered":"<p>1 milyon 236 bin 313 \u00f6\u011frencinin yar\u0131\u015ft\u0131\u011f\u0131 LGS s\u0131nav\u0131nda G\u00fclnar 1.&#8217;si olan 13 ya\u015f\u0131ndaki \u0130zzet Nergiz, ba\u015far\u0131s\u0131n\u0131n mutlulu\u011funu ailesi ve G\u00fclnar Kurs Merkezi \u00f6\u011fretmenleri ile payla\u015ft\u0131.<\/p>\n<p>Tar\u0131m ve hayvanc\u0131l\u0131k ile ge\u00e7imini sa\u011flayan 3 \u00e7ocuklu Nergiz ailesinin son \u00e7ocu\u011fu olan \u0130zzet Nergiz, y\u0131l boyunca verdi\u011fi emeklerin kar\u015f\u0131l\u0131\u011f\u0131n\u0131 LGS G\u00fclnar 1.&#8217;si olarak ald\u0131. Ba\u015far\u0131s\u0131n\u0131n s\u0131rr\u0131n\u0131 \u00e7ok \u00e7al\u0131\u015fmak ve Mersin B\u00fcy\u00fck\u015fehir Belediyesi Sosyal Hizmetler Dairesi&#8217;ne ba\u011fl\u0131 G\u00fclnar Kurs Merkezi \u00f6\u011fretmenlerinin kendisi ile birebir ve yak\u0131ndan ilgilenmelerine ba\u011flayan ba\u015far\u0131l\u0131 \u00f6\u011frenci &#8220;\u00c7ok sevin\u00e7 verici bir duygu. \u00c7\u00fcnk\u00fc ba\u015far\u0131l\u0131 oldum. G\u00fclnar birincisi olunca \u00e7ok mutlu oldum. A\u00e7\u0131k\u00e7as\u0131 b\u00f6yle bir sonu\u00e7 bekliyordum. Mersin B\u00fcy\u00fck\u015fehir Belediyesi \u00f6\u011fretmenlerimin yapt\u0131\u011f\u0131 deneme s\u0131navlar\u0131nda da zaten, 2-3 defa birinci olmu\u015ftum&#8221; dedi.<\/p>\n<p>&#8220;Ba\u015far\u0131mda B\u00fcy\u00fck\u015fehir&#8217;in pay\u0131 \u00e7ok b\u00fcy\u00fck&#8221;<\/p>\n<p>Derslerden arta kalan bo\u015f zamanlar\u0131nda ailesinin hayvanlar\u0131 ile ilgilenen ve annesine yard\u0131mc\u0131 olan \u0130zzet, y\u0131l boyunca Mersin B\u00fcy\u00fck\u015fehir Belediyesi Sosyal Hizmetler Dairesi G\u00fclnar Kurs Merkezi \u00f6\u011fretmenleri ile irtibat halinde oldu\u011funu s\u00f6yledi. Bilmedi\u011fi sorular\u0131 onlara sordu\u011funu ve d\u00f6nem d\u00f6nem deneme s\u0131nav\u0131na tabi tutuldu\u011funu aktaran \u0130zzet Nergiz &#8220;Bana hep yard\u0131mc\u0131 oldular. Bazen onlar ar\u0131yordu, bazen de bilemedi\u011fim sorular oldu\u011funda ben onlar\u0131 ar\u0131yordum. Benim i\u00e7in \u00f6nemli bir destekti. Kendimi peki\u015ftirmemde de yard\u0131mc\u0131 oldular. Ba\u015far\u0131mda bunun da pay\u0131 \u00e7ok b\u00fcy\u00fck&#8221; diye konu\u015ftu.<\/p>\n<p>Yeni hedefi Yaz\u0131l\u0131m M\u00fchendisli\u011fi<\/p>\n<p>Yeni hedefinin ba\u015far\u0131l\u0131 bir lise e\u011fitiminin ard\u0131ndan YKS&#8217;de Yaz\u0131l\u0131m M\u00fchendisli\u011fi b\u00f6l\u00fcm\u00fcn\u00fc kazanmak oldu\u011funu s\u00f6yleyen \u0130zzet Nergiz, &#8220;Yaz\u0131l\u0131m M\u00fchendisi olmay\u0131 hedefliyorum. Bu konuda kendimi geli\u015ftirmek istiyorum. Mersin veya G\u00fclnar&#8217;da lise e\u011fitimimi tamamlayaca\u011f\u0131m. Lise e\u011fitimimde de B\u00fcy\u00fck\u015fehir&#8217;e ait Kurs Merkezleri&#8217;ndeki \u00f6\u011fretmenlerle ileti\u015fim i\u00e7inde olaca\u011f\u0131m&#8221; \u015feklinde konu\u015ftu.<br \/>\n\u00d6n\u00fcm\u00fczdeki y\u0131l LGS s\u0131nav\u0131na girecek olan \u00f6\u011frencilere tavsiyelerde de bulunan \u0130zzet Nergiz &#8220;S\u0131nava girecek arkada\u015flar\u0131ma tavsiyem, B\u00fcy\u00fck\u015fehir Belediyesi&#8217;nin Kurs Merkezi&#8217;nden destek almalar\u0131. Onlara \u00e7ok b\u00fcy\u00fck faydas\u0131 olur. \u00c7\u00fcnk\u00fc oradan gelen denemeler, \u00f6\u011fretmenlerle kuracaklar\u0131 ileti\u015fim ile kendilerini daha \u00e7ok peki\u015ftirebilirler, daha \u00e7ok ba\u015far\u0131ya ula\u015fabilirler. Her t\u00fcrl\u00fc faydas\u0131 olur onlara&#8221; ifadelerini kulland\u0131.<\/p>\n<p>Anne Fatma Nergiz: &#8220;B\u00fcy\u00fck\u015fehir bizi bu \u00fccra k\u00f6\u015fede unutmad\u0131&#8221;<\/p>\n<p>O\u011flunun ba\u015far\u0131s\u0131 ile gurur duydu\u011funu ifade eden anne Fatma Nergis ise duygular\u0131n\u0131 &#8220;O\u011flum birinci oldu\u011fu i\u00e7in \u00e7ok mutlu oldum. \u00c7ok \u00e7al\u0131\u015ft\u0131. Geceleri yatmad\u0131, bazen elinde kalem, test ka\u011f\u0131d\u0131yla uyuyakal\u0131yordu. Uyand\u0131rd\u0131\u011f\u0131mda ise tekrar atak yap\u0131p, an\u0131nda \u00e7al\u0131\u015fmaya devam ediyordu. O\u011flumdan \u00e7ok memnunun, ayn\u0131 zamanda evde bana da yard\u0131mc\u0131 oluyor. Mersin B\u00fcy\u00fck\u015fehir Belediyemizin g\u00f6nderdi\u011fi denemelerden de \u00e7ok faydaland\u0131. B\u00fcy\u00fck\u015fehir bu \u00fccra k\u00f6\u015felerde bizi unutmad\u0131. Buras\u0131 \u00f6nceden kasabayd\u0131 ama \u015fimdi mahalle oldu. Bir k\u00f6y okulumuz vard\u0131, ama ula\u015f\u0131m\u0131 baya\u011f\u0131 bir zordu. Okul m\u00fcd\u00fcr\u00fcm\u00fcz\u00fcn de, o\u011flumun ba\u015far\u0131s\u0131nda \u00e7ok pay\u0131 var. O denemelerle o\u011flum \u00e7al\u0131\u015ft\u0131, kazand\u0131. Beni de \u00e7ok mutlu etti&#8221; s\u00f6zleriyle anlatt\u0131.<\/p>\n<p>Ba\u015fkan Se\u00e7er&#8217;den tebrik<\/p>\n<p>B\u00fcy\u00fck\u015fehir Belediyesi Sosyal Hizmetler Dairesi G\u00fclnar Kurs Merkezi&#8217;nde LGS s\u0131nav\u0131na haz\u0131rlanan ba\u015far\u0131l\u0131 gence bir hediye paketi g\u00f6nderen Ba\u015fkan Vahap Se\u00e7er, hediye paketi i\u00e7inde yer alan Atat\u00fcrk&#8217;\u00fcn Nutuk kitab\u0131n\u0131n giri\u015f sayfas\u0131na yazd\u0131\u011f\u0131 yaz\u0131da, &#8220;Sevgili \u0130zzet, Ulu \u00d6nder Mustafa Kemal Atat\u00fcrk&#8217;\u00fcn \u00e7izdi\u011fi yolda, g\u00f6sterdi\u011fi hedefte, \u00fclkemize ve insanl\u0131\u011fa faydal\u0131 bir birey olaca\u011f\u0131ndan hi\u00e7 \u015f\u00fcphem yok. Ba\u015far\u0131lar\u0131n daim, yolun a\u00e7\u0131k olsun&#8221; ifadelerini kulland\u0131. <\/p>\n","protected":false},"excerpt":{"rendered":"<p>1 milyon 236 bin 313 \u00f6\u011frencinin yar\u0131\u015ft\u0131\u011f\u0131 LGS s\u0131nav\u0131nda G\u00fclnar 1.&#8217;si olan 13 ya\u015f\u0131ndaki \u0130zzet Nergiz, ba\u015far\u0131s\u0131n\u0131n mutlulu\u011funu ailesi ve G\u00fclnar Kurs Merkezi \u00f6\u011fretmenleri ile payla\u015ft\u0131. Tar\u0131m ve hayvanc\u0131l\u0131k ile &hellip; <a href=\"https:\/\/akdenizolaygazetesi.com\/?p=20123\" class=\"more-link\">Devam\u0131n\u0131 Oku&#8230;<\/a><\/p>\n","protected":false},"author":2,"featured_media":20124,"comment_status":"open","ping_status":"open","sticky":false,"template":"","format":"standard","meta":[],"categories":[2,3,5],"tags":[],"_links":{"self":[{"href":"https:\/\/akdenizolaygazetesi.com\/index.php?rest_route=\/wp\/v2\/posts\/20123"}],"collection":[{"href":"https:\/\/akdenizolaygazetesi.com\/index.php?rest_route=\/wp\/v2\/posts"}],"about":[{"href":"https:\/\/akdenizolaygazetesi.com\/index.php?rest_route=\/wp\/v2\/types\/post"}],"author":[{"embeddable":true,"href":"https:\/\/akdenizolaygazetesi.com\/index.php?rest_route=\/wp\/v2\/users\/2"}],"replies":[{"embeddable":true,"href":"https:\/\/akdenizolaygazetesi.com\/index.php?rest_route=%2Fwp%2Fv2%2Fcomments&post=20123"}],"version-history":[{"count":1,"href":"https:\/\/akdenizolaygazetesi.com\/index.php?rest_route=\/wp\/v2\/posts\/20123\/revisions"}],"predecessor-version":[{"id":20125,"href":"https:\/\/akdenizolaygazetesi.com\/index.php?rest_route=\/wp\/v2\/posts\/20123\/revisions\/20125"}],"wp:featuredmedia":[{"embeddable":true,"href":"https:\/\/akdenizolaygazetesi.com\/index.php?rest_route=\/wp\/v2\/media\/20124"}],"wp:attachment":[{"href":"https:\/\/akdenizolaygazetesi.com\/index.php?rest_route=%2Fwp%2Fv2%2Fmedia&parent=20123"}],"wp:term":[{"taxonomy":"category","embeddable":true,"href":"https:\/\/akdenizolaygazetesi.com\/index.php?rest_route=%2Fwp%2Fv2%2Fcategories&post=20123"},{"taxonomy":"post_tag","embeddable":true,"href":"https:\/\/akdenizolaygazetesi.com\/index.php?rest_route=%2Fwp%2Fv2%2Ftags&post=20123"}],"curies":[{"name":"wp","href":"https:\/\/api.w.org\/{rel}","templated":true}]}}