{"id":20129,"date":"2022-08-02T12:52:31","date_gmt":"2022-08-02T09:52:31","guid":{"rendered":"http:\/\/akdenizolaygazetesi.com\/?p=20129"},"modified":"2022-08-02T12:52:31","modified_gmt":"2022-08-02T09:52:31","slug":"yoruk-kulturu-ve-degerleri-uygulamali-olarak-anlatildi","status":"publish","type":"post","link":"https:\/\/akdenizolaygazetesi.com\/?p=20129","title":{"rendered":"Y\u00d6R\u00dcK K\u00dcLT\u00dcR\u00dc ve DE\u011eERLER\u0130 UYGULAMALI OLARAK ANLATILDI"},"content":{"rendered":"<p>Mersin B\u00fcy\u00fck\u015fehir Belediyesi&#8217;nin Dar\u0131sekisi \u00d6rnek K\u00f6y\u00fc&#8217;nde yap\u0131lan Temmuz ay\u0131 etkinlikleri aras\u0131nda yer alan &#8216;Y\u00f6r\u00fck Gecesi&#8217; yo\u011fun ilgi g\u00f6rd\u00fc.<\/p>\n<p>Mersin B\u00fcy\u00fck\u015fehir Belediyesi K\u00fclt\u00fcr ve Sosyal \u0130\u015fler Dairesi&#8217;nin Dar\u0131sekisi \u00d6rnek K\u00f6y\u00fc i\u00e7in olu\u015fturdu\u011fu etkinlik takviminde yer alan programlardan &#8216;Y\u00f6r\u00fck Gecesi&#8217;nde Y\u00f6r\u00fck k\u00fclt\u00fcr\u00fc, de\u011ferleri ve gelenekleri uygulamal\u0131 olarak kat\u0131l\u0131mc\u0131lara anlat\u0131ld\u0131.<\/p>\n<p>&#8220;Y\u00f6r\u00fcklerin daha fazla tan\u0131t\u0131lmas\u0131 gerekir&#8221;<\/p>\n<p>Sosyal Hizmetler Dairesi Ba\u015fkan\u0131 Serdal G\u00f6kayaz, K\u00fclt\u00fcr ve Sosyal \u0130\u015fler Dairesi Koordinat\u00f6r\u00fc Bengi \u0130spir \u00d6zd\u00fclger, Dar\u0131sekisi Mahallesi Muhtar\u0131 Yakup Yetkin&#8217;in de kat\u0131ld\u0131\u011f\u0131 geceye, Dar\u0131sekisi ve \u00e7evre k\u00f6ylerden vatanda\u015flar yo\u011fun ilgi g\u00f6sterdi. Gecede \u015fiirler okundu ve geleneksel at\u0131\u015fmalar yap\u0131ld\u0131. &#8216;Y\u00f6r\u00fck D\u00fc\u011f\u00fcn\u00fc&#8217; isimli belgesel g\u00f6sterimi ve halk oyunlar\u0131 ekibinin g\u00f6sterisi ise b\u00fcy\u00fck be\u011feni toplad\u0131.<\/p>\n<p>Gecenin a\u00e7\u0131l\u0131\u015f\u0131nda konu\u015fan Y\u00f6r\u00fck k\u00fclt\u00fcr\u00fc duayeni Mehmet Do\u011fan, Y\u00f6r\u00fcklerin de\u011ferlerinin daha fazla tan\u0131t\u0131lmas\u0131 ve sahiplenilmesi gerekti\u011fini s\u00f6yledi. K\u00fclt\u00fcr ve Sosyal \u0130\u015fler Dairesi Koordinat\u00f6r\u00fc Bengi \u0130spir \u00d6zd\u00fclger ise b\u00f6yle bir geceyi d\u00fczenlemekten dolay\u0131 \u00e7ok mutlu olduklar\u0131n\u0131 ve bu t\u00fcr etkinlikleri artt\u0131rarak devam edeceklerini ifade etti.<\/p>\n<p>Konu\u015fmalar\u0131n ard\u0131ndan s\u0131ras\u0131 ile \u00f6nce Bahar \u015een isimli Y\u00f6r\u00fck kad\u0131n\u0131 taraf\u0131ndan \u015fiir okundu, ard\u0131ndan \u00c2\u015f\u0131k Cumali Efe taraf\u0131ndan deyi\u015f okundu ve Bahar-Halil \u015een \u00e7ifti taraf\u0131ndan da &#8216;At\u0131\u015fma&#8217; yap\u0131ld\u0131.<\/p>\n<p>Gece; Mersin \u015eair ve Yazarlar Derne\u011fi Ba\u015fkan\u0131 R\u00fc\u015ft\u00fc Ayd\u0131n&#8217;\u0131n y\u00f6netmenli\u011fini yapt\u0131\u011f\u0131 &#8216;Y\u00f6r\u00fck D\u00fc\u011f\u00fcn\u00fc&#8217; isimli belgeselin sunumunun ard\u0131ndan, Dar\u0131sekisi Halk Oyunlar\u0131 ekibinin g\u00f6sterisi ile sona erdi.<\/p>\n<p>Mersin B\u00fcy\u00fck\u015fehir Belediyesi taraf\u0131ndan Dar\u0131sekisi \u00d6rnek K\u00f6y\u00fc&#8217;nde ger\u00e7ekle\u015ftirilen etkinlikler A\u011fustos Ay\u0131&#8217;nda da devam edecek.<\/p>\n","protected":false},"excerpt":{"rendered":"<p>Mersin B\u00fcy\u00fck\u015fehir Belediyesi&#8217;nin Dar\u0131sekisi \u00d6rnek K\u00f6y\u00fc&#8217;nde yap\u0131lan Temmuz ay\u0131 etkinlikleri aras\u0131nda yer alan &#8216;Y\u00f6r\u00fck Gecesi&#8217; yo\u011fun ilgi g\u00f6rd\u00fc. Mersin B\u00fcy\u00fck\u015fehir Belediyesi K\u00fclt\u00fcr ve Sosyal \u0130\u015fler Dairesi&#8217;nin Dar\u0131sekisi \u00d6rnek K\u00f6y\u00fc i\u00e7in &hellip; <a href=\"https:\/\/akdenizolaygazetesi.com\/?p=20129\" class=\"more-link\">Devam\u0131n\u0131 Oku&#8230;<\/a><\/p>\n","protected":false},"author":2,"featured_media":20130,"comment_status":"open","ping_status":"open","sticky":false,"template":"","format":"standard","meta":[],"categories":[34,1,2,3],"tags":[],"_links":{"self":[{"href":"https:\/\/akdenizolaygazetesi.com\/index.php?rest_route=\/wp\/v2\/posts\/20129"}],"collection":[{"href":"https:\/\/akdenizolaygazetesi.com\/index.php?rest_route=\/wp\/v2\/posts"}],"about":[{"href":"https:\/\/akdenizolaygazetesi.com\/index.php?rest_route=\/wp\/v2\/types\/post"}],"author":[{"embeddable":true,"href":"https:\/\/akdenizolaygazetesi.com\/index.php?rest_route=\/wp\/v2\/users\/2"}],"replies":[{"embeddable":true,"href":"https:\/\/akdenizolaygazetesi.com\/index.php?rest_route=%2Fwp%2Fv2%2Fcomments&post=20129"}],"version-history":[{"count":1,"href":"https:\/\/akdenizolaygazetesi.com\/index.php?rest_route=\/wp\/v2\/posts\/20129\/revisions"}],"predecessor-version":[{"id":20131,"href":"https:\/\/akdenizolaygazetesi.com\/index.php?rest_route=\/wp\/v2\/posts\/20129\/revisions\/20131"}],"wp:featuredmedia":[{"embeddable":true,"href":"https:\/\/akdenizolaygazetesi.com\/index.php?rest_route=\/wp\/v2\/media\/20130"}],"wp:attachment":[{"href":"https:\/\/akdenizolaygazetesi.com\/index.php?rest_route=%2Fwp%2Fv2%2Fmedia&parent=20129"}],"wp:term":[{"taxonomy":"category","embeddable":true,"href":"https:\/\/akdenizolaygazetesi.com\/index.php?rest_route=%2Fwp%2Fv2%2Fcategories&post=20129"},{"taxonomy":"post_tag","embeddable":true,"href":"https:\/\/akdenizolaygazetesi.com\/index.php?rest_route=%2Fwp%2Fv2%2Ftags&post=20129"}],"curies":[{"name":"wp","href":"https:\/\/api.w.org\/{rel}","templated":true}]}}