{"id":20147,"date":"2022-08-03T13:02:12","date_gmt":"2022-08-03T10:02:12","guid":{"rendered":"http:\/\/akdenizolaygazetesi.com\/?p=20147"},"modified":"2022-08-03T13:02:12","modified_gmt":"2022-08-03T10:02:12","slug":"mersin-buyuksehirden-iklim-degisikliginin-olumsuz-etkilerine-karsi-onemli-adim","status":"publish","type":"post","link":"https:\/\/akdenizolaygazetesi.com\/?p=20147","title":{"rendered":"MERS\u0130N B\u00dcY\u00dcK\u015eEH\u0130R&#8217;DEN \u0130KL\u0130M DE\u011e\u0130\u015e\u0130KL\u0130\u011e\u0130N\u0130N OLUMSUZ ETK\u0130LER\u0130NE KAR\u015eI \u00d6NEML\u0130 ADIM"},"content":{"rendered":"<p>Mersin B\u00fcy\u00fck\u015fehir Belediyesi, Ba\u015fkan Vahap Se\u00e7er \u00f6nc\u00fcl\u00fc\u011f\u00fcnde temel belediyecilik hizmetlerinin yan\u0131 s\u0131ra, Mersin&#8217;in gelece\u011fini korumay\u0131 ama\u00e7layan \u00f6nemli \u00e7al\u0131\u015fmalar\u0131 hayata ge\u00e7irmeye de devam ediyor. Ba\u015fkan Se\u00e7er, &#8220;Mersin S\u00fcrd\u00fcr\u00fclebilir Enerji ve \u0130klim Eylem Plan\u0131&#8217;n\u0131n Haz\u0131rlanmas\u0131 Projesi&#8221; i\u00e7in, T\u00dcB\u0130TAK Marmara Ara\u015ft\u0131rma Merkezi (MAM) ile i\u015f birli\u011fi protokol\u00fc imzalad\u0131. \u0130klim de\u011fi\u015fikli\u011fi ile m\u00fccadelede \u00f6nemli bir ad\u0131m olan bu protokolle; kente ait sera gaz\u0131 emisyonunun azalt\u0131lmas\u0131 ve iklim de\u011fi\u015fikli\u011fine uyum kapasitesinin artt\u0131r\u0131lmas\u0131na y\u00f6nelik \u00e7al\u0131\u015fmalar\u0131n belirlenmesi hedefleniyor.<br \/>\nProtokol imza t\u00f6reninde; Ba\u015fkan Se\u00e7er&#8217;in yan\u0131 s\u0131ra B\u00fcy\u00fck\u015fehir Belediyesi Genel Sekreteri Olcay Tok, \u00c7evre Koruma ve Kontrol Daire Ba\u015fkan\u0131 Dr. B\u00fclent Halisdemir, T\u00dcB\u0130TAK Ba\u015fkan Yard\u0131mc\u0131s\u0131 ve MAM Ba\u015fkan\u0131 Prof. Dr. Ahmet Yozgatl\u0131gil, T\u00dcB\u0130TAK MAM \u0130klim De\u011fi\u015fikli\u011fi ve S\u00fcrd\u00fcr\u00fclebilirlik Ba\u015fkan Yard\u0131mc\u0131s\u0131 Prof. Dr. Burcu \u00d6zsoy ile ODT\u00dc Deniz Bilimleri Enstit\u00fcs\u00fc M\u00fcd\u00fcr\u00fc Prof. Dr. Bar\u0131\u015f Saliho\u011flu yer ald\u0131.<br \/>\n&#8220;Enerji ve \u0130klim Plan\u0131&#8217;n\u0131 haz\u0131rlayacak olan ilk belediyeyiz&#8221;<br \/>\n\u0130mza t\u00f6reni \u00f6ncesinde kamuoyuna, ger\u00e7ekle\u015ftirilecek olan protokole ili\u015fkin a\u00e7\u0131klamalarda bulunan Ba\u015fkan Se\u00e7er, Mersin&#8217;in \u0130stanbul&#8217;un \u00fc\u00e7 kat\u0131ndan fazla bir y\u00fcz\u00f6l\u00e7\u00fcm\u00fcne sahip oldu\u011funu belirterek, &#8220;Mersin&#8217;de insan, do\u011fa ve \u00e7evre odakl\u0131 belediye olma sorumlulu\u011fumuzla beraber, k\u00fcresel iklim de\u011fi\u015fikli\u011fi ile m\u00fccadele ve uyum konusunda da \u00f6rnek belediyelerden biri olmay\u0131 hedefliyoruz Bu \u00e7er\u00e7evede; T\u00dcB\u0130TAK ile yapaca\u011f\u0131m\u0131z &#8216;S\u00fcrd\u00fcr\u00fclebilir Enerji ve \u0130klim Eylem Plan\u0131&#8217; ile Mersin&#8217;e ait sera gaz\u0131 emisyonlar\u0131n\u0131n azalt\u0131m\u0131na ve Mersin&#8217;in iklim de\u011fi\u015fikli\u011fine uyum kapasitesinin artt\u0131r\u0131lmas\u0131na y\u00f6nelik eylemleri belirleyece\u011fiz&#8221; dedi. &#8220;T\u00dcB\u0130TAK ile i\u015fbirli\u011fi i\u00e7inde Enerji ve \u0130klim Plan\u0131&#8217;n\u0131 haz\u0131rlayacak olan ilk belediye olman\u0131n gururunu ya\u015f\u0131yoruz&#8221; vurgusuyla konu\u015fmas\u0131n\u0131 s\u00fcrd\u00fcren Ba\u015fkan Se\u00e7er, &#8220;Bu \u00e7al\u0131\u015fma; iklim de\u011fi\u015fikli\u011fi konusunda Mersin&#8217;in kar\u015f\u0131la\u015faca\u011f\u0131 durumlar ve al\u0131nmas\u0131 gereken \u00f6nlemler hakk\u0131nda bize \u0131\u015f\u0131k tutacak. Eylem Plan\u0131&#8217;n\u0131n, 2023 y\u0131l\u0131 May\u0131s-Haziran aylar\u0131nda bitirilmesi \u00f6ng\u00f6r\u00fcl\u00fcyor. Bundan sonraki s\u00fcre\u00e7te de iklim de\u011fi\u015fikli\u011finin olumsuz etkilerine kar\u015f\u0131 diren\u00e7li ve ya\u015fan\u0131labilir bir kent olmak i\u00e7in, T\u00dcB\u0130TAK ile i\u015fbirli\u011fimizi art\u0131rarak s\u00fcrd\u00fcrece\u011fiz&#8221; ifadelerini kulland\u0131.<br \/>\n &#8220;\u0130klim de\u011fi\u015fikli\u011fi ile m\u00fccadele ve s\u0131f\u0131r at\u0131k uygulamalar\u0131m\u0131z\u0131 kal\u0131c\u0131 hale getirmek istiyoruz&#8221;<br \/>\nBug\u00fcne kadar iklim de\u011fi\u015fikli\u011fi ile m\u00fccadele konusunda yapt\u0131klar\u0131 \u00e7al\u0131\u015fmalar\u0131 da k\u0131saca aktaran Ba\u015fkan Se\u00e7er, \u015fu bilgileri payla\u015ft\u0131:<br \/>\n&#8220;\u0130klim De\u011fi\u015fikli\u011fi ve Temiz Enerji \u015eube M\u00fcd\u00fcrl\u00fc\u011f\u00fc&#8217;n\u00fc kurduk. Yeni Daire Ba\u015fkanl\u0131\u011f\u0131&#8217;na ba\u011fland\u0131.Faaliyet g\u00f6sterdi\u011fimiz birimlerimizin, Karbon Ayak \u0130zini hesaplad\u0131k ve raporlad\u0131k. &#8216;D\u00fcnya Belediye Ba\u015fkanlar\u0131 K\u00fcresel \u0130klim ve Enerji S\u00f6zle\u015fmesi&#8217;ne imza atarak, iklim de\u011fi\u015fikli\u011fi ile m\u00fccadele i\u00e7in MEDCITIES (Akdeniz Kentler Birli\u011fi) ve ICLEI (S\u00fcrd\u00fcr\u00fclebilirlik i\u00e7in Yerel Y\u00f6netimler) kurulu\u015flar\u0131na \u00fcye olduk. B\u00f6ylece iklim de\u011fi\u015fikli\u011fi ile m\u00fccadeleye verdi\u011fimiz \u00f6nemi, t\u00fcm d\u00fcnyaya deklare etmi\u015f olduk. T\u00fcrkiye&#8217;nin ilk &#8216;\u0130klim ve \u00c7evre Bilim Merkezi&#8217;nin kurulmas\u0131 \u00e7al\u0131\u015fmalar\u0131n\u0131 s\u00fcrd\u00fcr\u00fcyoruz. &#8216;Mersin \u0130klim De\u011fi\u015fikli\u011fi Uyum ve Azalt\u0131m Eylem Plan\u0131&#8217; i\u00e7in, Avrupa Birli\u011fi projesi haz\u0131rlayarak ba\u015fvurumuzu g\u00f6nderdik. Ba\u015fvurumuz kabul edildi. Nihai sonu\u00e7 olarak da Ekim-Kas\u0131m ay\u0131 gibi a\u00e7\u0131klanmas\u0131n\u0131 bekliyoruz. Ge\u00e7en y\u0131l Sera Gaz\u0131 Emisyon Envanteri \u00e7al\u0131\u015fmam\u0131z\u0131 tamamlad\u0131k ve raporlad\u0131k. En son olarak da &#8216;\u0130klim De\u011fi\u015fikli\u011fi ve S\u0131f\u0131r At\u0131k Daire Ba\u015fkanl\u0131\u011f\u0131&#8217;n\u0131 kurduk. B\u00f6ylece iklim de\u011fi\u015fikli\u011fi ile m\u00fccadele ve s\u0131f\u0131r at\u0131k uygulamalar\u0131m\u0131z\u0131n kal\u0131c\u0131 hale gelmesini sa\u011flayacak karar alma s\u00fcre\u00e7lerini de h\u0131zland\u0131rm\u0131\u015f olaca\u011f\u0131z.&#8221;<br \/>\n&#8220;Yenilenebilir enerjiye \u00f6nem veren bir belediyeyiz&#8221;<br \/>\nMersin B\u00fcy\u00fck\u015fehir Belediyesi&#8217;ne ba\u011fl\u0131 Mersin Su ve Kanalizasyon \u0130daresi&#8217;nde de g\u00fcne\u015f enerjisi santralleri ve yenilenebilir enerji kullan\u0131m\u0131 konusunda \u00f6nemli \u00e7al\u0131\u015fmalar yapt\u0131klar\u0131n\u0131 belirten Se\u00e7er, &#8220;MESK\u0130 b\u00fcnyemizde \u015fu anda yenilenebilir enerji kurulu g\u00fc\u00e7 miktar\u0131m\u0131z 3 megavat, ancak \u00e7al\u0131\u015fmalar\u0131m\u0131z devam ediyor. 2023 sonuna kadar 15 megavatl\u0131k bir seviyeye ula\u015ft\u0131rmay\u0131 planl\u0131yoruz. Yine Mersin B\u00fcy\u00fck\u015fehir Belediyemiz, 1 Nisan 2019-30 Haziran 2022 tarihleri aras\u0131nda 2 milyon 106 bin ton evsel kat\u0131 at\u0131\u011f\u0131n bertaraf\u0131n\u0131 sa\u011flad\u0131. Bundan 193 bin 319 MW elektrik \u00fcretimi ger\u00e7ekle\u015ftirdi. Yakla\u015f\u0131k 75 bin konutun ayd\u0131nlatma enerjisini de burada kar\u015f\u0131l\u0131yoruz. Yine yapt\u0131\u011f\u0131m\u0131z \u00e7al\u0131\u015fmalarla, \u00f6n\u00fcm\u00fczdeki g\u00fcnlerde bu say\u0131y\u0131 daha y\u00fcksek noktalara getirmeyi planl\u0131yoruz&#8221; diye konu\u015ftu.<br \/>\nBa\u015fkan Se\u00e7er, Mersin&#8217;e kazand\u0131r\u0131lan \u00e7evre dostu uygulamalar\u0131 anlatt\u0131<br \/>\nB\u00fcy\u00fck\u015fehir Belediyesi olarak Mersin&#8217;e kazand\u0131rd\u0131klar\u0131 \u00e7evre dostu \u00e7al\u0131\u015fmalardan da s\u00f6z eden Ba\u015fkan Se\u00e7er, konu\u015fmas\u0131na \u015f\u00f6yle tamamlad\u0131:<br \/>\n&#8220;\u00c7evre dostu uygulamalara \u00f6zen g\u00f6steriyoruz. Onun i\u00e7in de \u00f6nemli kararlar al\u0131yoruz. Y\u00f6netime geldi\u011fimiz g\u00fcnden bu yana, toplu ta\u015f\u0131ma filosunu yeniliyoruz. Toplamda 272 yeni otob\u00fcs\u00fc vatanda\u015flar\u0131m\u0131z\u0131n hizmetine sunaca\u011f\u0131z. Bu 272 adet otob\u00fcs\u00fcn 205 adedi CNG&#8217;li otob\u00fcslerden olu\u015fuyor. Bunun \u015fu anda &#8216;Limon&#8217; diye and\u0131\u011f\u0131m\u0131z 87 adedi vatanda\u015flar\u0131m\u0131za hizmet veriyor. Bu ay\u0131n sonuna kadar gelmesini planlad\u0131\u011f\u0131m\u0131z 118 otob\u00fcs\u00fcm\u00fcz de kentimize geldi. \u015eu anda birimlerimiz bunlar\u0131n ruhsat i\u015flemlerini ger\u00e7ekle\u015ftiriyor. \u00d6n\u00fcm\u00fczdeki g\u00fcnlerde de bu 118 CNG&#8217;li otob\u00fcs\u00fc vatanda\u015flar\u0131m\u0131z\u0131n hizmetine sunaca\u011f\u0131z. Bunlar \u00e7evre dostu otob\u00fcsler. Yine ODT\u00dc Deniz Bilimleri Enstit\u00fcs\u00fc ile Bar\u0131\u015f Saliho\u011flu hocam\u0131z ve ekibiyle beraber &#8216;Temiz Akdeniz Projesi&#8217; \u00fczerinde \u00e7al\u0131\u015fmalar\u0131m\u0131z\u0131 s\u00fcrd\u00fcr\u00fcyoruz. Mersin K\u00f6rfezi k\u0131y\u0131 sular\u0131na ula\u015fan dere, nehir, akarsu ve drenaj kanallar\u0131n\u0131n su kalitesini de\u011ferlendirdik. Mersin K\u00f6rfezi&#8217;nde belirlenen 18 istasyonda, veri setinin olu\u015fturulmas\u0131n\u0131 sa\u011flam\u0131\u015f olduk. Bu konudaki \u00e7al\u0131\u015fmalar\u0131m\u0131z rapora d\u00f6k\u00fcl\u00fcyor ve \u00f6n\u00fcm\u00fczdeki g\u00fcnlerde neticelenecek. T\u00dcB\u0130TAK ile yapaca\u011f\u0131m\u0131z bu protokol\u00fcn hay\u0131rl\u0131 olmas\u0131n\u0131 diliyorum. \u0130n\u015fallah ba\u015far\u0131l\u0131 neticeler alaca\u011f\u0131z.&#8221;<br \/>\nYozgatl\u0131gil: &#8220;\u00c7evre konusunda yerel y\u00f6netimlere b\u00fcy\u00fck g\u00f6revler d\u00fc\u015f\u00fcyor&#8221;<br \/>\nT\u00dcB\u0130TAK Ba\u015fkan Yard\u0131mc\u0131s\u0131 ve MAM Ba\u015fkan\u0131 Prof. Dr. Ahmet Yozgatl\u0131gil, ise \u015funlar\u0131 aktard\u0131:<br \/>\n&#8220;\u00d6zellikle son y\u0131llarda, k\u00fcresel \u00f6l\u00e7ekte en \u00f6nemli problemlerden biri olan iklim de\u011fi\u015fikli\u011fi ile m\u00fccadeleye y\u00f6nelik \u00e7e\u015fitli ad\u0131mlar atmak gerekiyor. \u00dclkelerin sera gaz\u0131 emisyonlar\u0131n\u0131 s\u0131n\u0131rland\u0131rmas\u0131n\u0131 ve k\u00fcresel s\u0131cakl\u0131k art\u0131\u015f\u0131n\u0131n 2 derecenin \u00fczerine \u00e7\u0131kmamas\u0131n\u0131 ama\u00e7layan Paris Anla\u015fmas\u0131, Kas\u0131m 2016&#8217;da y\u00fcr\u00fcrl\u00fc\u011fe girdi. Bu anla\u015fmay\u0131 onaylayan \u00fclkelerin, bu taahh\u00fctlerini yerine getirmesinde yerel y\u00f6netimlerin de rol\u00fc \u00e7ok \u00f6nemli oldu. Bu ba\u011flamda Mersin B\u00fcy\u00fck\u015fehir Belediyesi ve T\u00dcB\u0130TAK Marmara Ara\u015ft\u0131rma Merkezi olarak beraberce geli\u015ftirdi\u011fimiz ve imzas\u0131 i\u00e7in bug\u00fcn bir araya geldi\u011fimiz &#8216;Mersin S\u00fcrd\u00fcr\u00fclebilir Enerji ve \u0130klim Eylem Plan\u0131n\u0131n Haz\u0131rlanmas\u0131 Projesi&#8217;ni hayata ge\u00e7iriyoruz. Bu anlamda ben bug\u00fcn Mersin B\u00fcy\u00fck\u015fehir Belediyemizle yapaca\u011f\u0131m\u0131z proje kapsam\u0131nda, Mersin ilimizde sera gaz\u0131 emisyonuna neden olan ba\u015fl\u0131ca kaynaklar\u0131n tespit edilerek, emisyon envanterlerinin haz\u0131rlanmas\u0131, mevcut durumun senaryolar\u0131n\u0131n ortaya konmas\u0131, belirlenen hedeflere y\u00f6nelik sera gaz\u0131 emisyon miktarlar\u0131n\u0131n hesaplanmas\u0131, iklim de\u011fi\u015fikli\u011finden en fazla etkilenecek sekt\u00f6rlerin belirlenmesi ve bu sekt\u00f6rlere y\u00f6nelik etkilenebilirlik analizinin yap\u0131lmas\u0131 ile uyum \u00f6nerilerinin belirlenmesi konusunda bir \u00e7al\u0131\u015fma ger\u00e7ekle\u015ftirece\u011fiz. Bu \u00e7al\u0131\u015fman\u0131n \u00fclkemize ve \u015fehrimize hay\u0131rl\u0131 olmas\u0131n\u0131 temenni ediyoruz ve B\u00fcy\u00fck\u015fehir Belediye Ba\u015fkan\u0131m\u0131za, bu konudaki i\u015f birli\u011fi i\u00e7in de te\u015fekk\u00fcrlerimizi sunuyoruz.&#8221;<\/p>\n","protected":false},"excerpt":{"rendered":"<p>Mersin B\u00fcy\u00fck\u015fehir Belediyesi, Ba\u015fkan Vahap Se\u00e7er \u00f6nc\u00fcl\u00fc\u011f\u00fcnde temel belediyecilik hizmetlerinin yan\u0131 s\u0131ra, Mersin&#8217;in gelece\u011fini korumay\u0131 ama\u00e7layan \u00f6nemli \u00e7al\u0131\u015fmalar\u0131 hayata ge\u00e7irmeye de devam ediyor. Ba\u015fkan Se\u00e7er, &#8220;Mersin S\u00fcrd\u00fcr\u00fclebilir Enerji ve \u0130klim &hellip; <a href=\"https:\/\/akdenizolaygazetesi.com\/?p=20147\" class=\"more-link\">Devam\u0131n\u0131 Oku&#8230;<\/a><\/p>\n","protected":false},"author":2,"featured_media":20148,"comment_status":"open","ping_status":"open","sticky":false,"template":"","format":"standard","meta":[],"categories":[2,3,5],"tags":[],"_links":{"self":[{"href":"https:\/\/akdenizolaygazetesi.com\/index.php?rest_route=\/wp\/v2\/posts\/20147"}],"collection":[{"href":"https:\/\/akdenizolaygazetesi.com\/index.php?rest_route=\/wp\/v2\/posts"}],"about":[{"href":"https:\/\/akdenizolaygazetesi.com\/index.php?rest_route=\/wp\/v2\/types\/post"}],"author":[{"embeddable":true,"href":"https:\/\/akdenizolaygazetesi.com\/index.php?rest_route=\/wp\/v2\/users\/2"}],"replies":[{"embeddable":true,"href":"https:\/\/akdenizolaygazetesi.com\/index.php?rest_route=%2Fwp%2Fv2%2Fcomments&post=20147"}],"version-history":[{"count":1,"href":"https:\/\/akdenizolaygazetesi.com\/index.php?rest_route=\/wp\/v2\/posts\/20147\/revisions"}],"predecessor-version":[{"id":20149,"href":"https:\/\/akdenizolaygazetesi.com\/index.php?rest_route=\/wp\/v2\/posts\/20147\/revisions\/20149"}],"wp:featuredmedia":[{"embeddable":true,"href":"https:\/\/akdenizolaygazetesi.com\/index.php?rest_route=\/wp\/v2\/media\/20148"}],"wp:attachment":[{"href":"https:\/\/akdenizolaygazetesi.com\/index.php?rest_route=%2Fwp%2Fv2%2Fmedia&parent=20147"}],"wp:term":[{"taxonomy":"category","embeddable":true,"href":"https:\/\/akdenizolaygazetesi.com\/index.php?rest_route=%2Fwp%2Fv2%2Fcategories&post=20147"},{"taxonomy":"post_tag","embeddable":true,"href":"https:\/\/akdenizolaygazetesi.com\/index.php?rest_route=%2Fwp%2Fv2%2Ftags&post=20147"}],"curies":[{"name":"wp","href":"https:\/\/api.w.org\/{rel}","templated":true}]}}