{"id":20157,"date":"2022-08-04T12:19:05","date_gmt":"2022-08-04T09:19:05","guid":{"rendered":"http:\/\/akdenizolaygazetesi.com\/?p=20157"},"modified":"2022-08-04T12:19:05","modified_gmt":"2022-08-04T09:19:05","slug":"mersin-buyuksehir-ve-mtso-arasinda-is-birligi-protokolu-imzalandi","status":"publish","type":"post","link":"https:\/\/akdenizolaygazetesi.com\/?p=20157","title":{"rendered":"MERS\u0130N B\u00dcY\u00dcK\u015eEH\u0130R VE MTSO ARASINDA \u0130\u015e B\u0130RL\u0130\u011e\u0130 PROTOKOL\u00dc \u0130MZALANDI"},"content":{"rendered":"<p>Mersin B\u00fcy\u00fck\u015fehir Belediye Ba\u015fkan\u0131 Vahap Se\u00e7er, B\u00fcy\u00fck\u015fehir Belediyesi Sosyal Hizmetler Dairesi Ba\u015fkanl\u0131\u011f\u0131 b\u00fcnyesinde hizmet veren MERCEK ile Mersin Ticaret ve Sanayi Odas\u0131 (MTSO) i\u015f birli\u011finde ve Habitat Derne\u011fi&#8217;nin destekleriyle, MERCEK Dijital Akademi kapsam\u0131nda verilen &#8216;Dijital Beceri Geli\u015ftirme Program\u0131&#8217;n\u0131n sertifika t\u00f6renine kat\u0131ld\u0131. Program kapsam\u0131nda ayr\u0131ca, B\u00fcy\u00fck\u015fehir Belediyesi ve MTSO aras\u0131nda MERCEK Mesleki E\u011fitim Merkezleri b\u00fcnyesinde y\u00fcr\u00fct\u00fclecek olan i\u015f birli\u011fi protokol\u00fc de imzaland\u0131.<br \/>\nMTSO Meclis Toplant\u0131 Salonu&#8217;nda ger\u00e7ekle\u015ftirilen programa; Mersin B\u00fcy\u00fck\u015fehir Belediye Ba\u015fkan\u0131 Vahap Se\u00e7er, Mersin Ticaret ve Sanayi Odas\u0131 (MTSO) Y\u00f6netim Kurulu Ba\u015fkan\u0131 Ayhan K\u0131z\u0131ltan, MTSO Meclis Ba\u015fkan\u0131 Hamit \u0130zol, Mersin B\u00fcy\u00fck\u015fehir Belediyesi ve MTSO Meclis \u00fcyeleri, B\u00fcy\u00fck\u015fehir Belediyesi b\u00fcrokratlar\u0131, MTSO Y\u00f6netim Kurulu \u00fcyeleri ve kursiyerler kat\u0131l\u0131m sa\u011flad\u0131.<br \/>\nBa\u015fkan Se\u00e7er: &#8220;G\u00fczel bir \u00e7al\u0131\u015fmay\u0131 sonu\u00e7land\u0131rmak i\u00e7in bir araya geldik&#8221;<br \/>\nProgramda konu\u015fan Ba\u015fkan Se\u00e7er,  &#8220;G\u00fczel bir \u00e7al\u0131\u015fmay\u0131 sonu\u00e7land\u0131rmak i\u00e7in bir araya geldik. Asl\u0131nda sadece kentimizin de\u011fil, \u00fclkemizin \u00e7ok \u00f6nemli konular\u0131na de\u011finiyoruz. Konu\u015fmac\u0131lar\u0131 da dikkatle dinledim. Bir tanesi; her zaman toplumlar\u0131n gelece\u011finin umudu olan gen\u00e7ler, gen\u00e7lerin e\u011fitimi, gen\u00e7lerin meslek edinmesi, dijital d\u00fcnya, geli\u015fen d\u00fcnya, \u00fclkemizin, \u015fehrimizin bu anlamda kendini g\u00fcncellemesi, \u00e7a\u011fa ayak uydurabilmesi ve her \u015feyden \u00f6nemlisi T\u00fcrkiye&#8217;de, Mersin&#8217;de istihdam, i\u015fsizlik sorunu, buna paralel olarak da kalifiye eleman konusu. Bir\u00e7ok konunun sorun alan\u0131n\u0131 burada konu\u015fmu\u015f olaca\u011f\u0131z. Asl\u0131nda bunlar\u0131n da t\u00fcrevlerine, alt sorunlar\u0131na inerseniz \u00e7ok daha geni\u015f bir konu\u015fma alan\u0131 \u00e7\u0131kar. Ba\u015fta e\u011fitim sistemi gibi&#8221; dedi.<br \/>\n&#8220;Kalifiye eleman bulmakta s\u0131k\u0131nt\u0131 ya\u015fan\u0131yor&#8221;<br \/>\nMersin B\u00fcy\u00fck\u015fehir Belediyesi&#8217;nin Mersin s\u0131n\u0131rlar\u0131 i\u00e7erisinde en b\u00fcy\u00fck i\u015fveren konumunda oldu\u011funa da de\u011finen Ba\u015fkan Se\u00e7er, &#8220;B\u00fcy\u00fck\u015fehir Belediyesi, yakla\u015f\u0131k 11 bin insan\u0131n \u00e7al\u0131\u015ft\u0131\u011f\u0131 bir kurum. Di\u011fer kurumlar\u0131n ya\u015fad\u0131\u011f\u0131 sorunlar, \u00f6n\u00fcndeki engeller ne ise Mersin B\u00fcy\u00fck\u015fehir Belediyesi de ayn\u0131 sorunlar\u0131 ya\u015f\u0131yor. Sadece stat\u00fc fark\u0131m\u0131z var. Ben bir kamu g\u00f6revlisiyim, bir kamu kurumunu y\u00f6netiyorum. Ama 2 temel unsur, \u00f6zel sekt\u00f6rdeki gibi bende de \u00f6nemli. Bir tanesi finans, ikincisi insan kayna\u011f\u0131. E\u011fer kurumu sa\u011fl\u0131kl\u0131 bir \u015fekilde y\u00f6netecekseniz, bu 2 konu \u00e7ok \u00f6nemli. \u00c7\u00fcnk\u00fc finans hizmet i\u00e7in laz\u0131m, insan kayna\u011f\u0131 bu finans\u0131 ak\u0131ll\u0131 y\u00f6netmesi, do\u011fru yat\u0131r\u0131mlar yapmas\u0131, nihayetinde vatanda\u015fa iyi hizmet katabilmesi i\u00e7in gerekli. Demek ki \u00f6zel sekt\u00f6rden temelde bir fark\u0131m\u0131z yok, ama stat\u00fc olarak farkl\u0131y\u0131z. Bizler de Belediye&#8217;ye, baz\u0131 alanlara, ihtiya\u00e7 duydu\u011fumuz alanlara eleman sa\u011flamaya \u00e7al\u0131\u015f\u0131rken \u00e7ok b\u00fcy\u00fck s\u0131k\u0131nt\u0131lar \u00e7ekiyoruz. Nedir? Kaynak\u00e7\u0131 laz\u0131m, iyi kaynak\u00e7\u0131 olmas\u0131 gerekiyor, m\u00fchendis gerekiyor iyi m\u00fchendis olmas\u0131 gerekiyor, yaz\u0131l\u0131mc\u0131n\u0131n iyi yaz\u0131l\u0131mc\u0131, musluk tamircisi, yol yap\u0131mc\u0131s\u0131&#8230; Akl\u0131n\u0131za ne gelirse&#8230; Elbette ki istiyoruz tamamen kalifiye elemanlarla \u00e7al\u0131\u015fal\u0131m. Peki bu m\u00fcmk\u00fcn m\u00fc? Maalesef \u00e7ok m\u00fcmk\u00fcn de\u011fil. E\u011fitim sistemiyle ba\u011flant\u0131l\u0131 bir durum&#8221; diye konu\u015ftu.<br \/>\n&#8220;Uygulanan e\u011fitim politikalar\u0131 \u00e7ok \u00f6nemli&#8221;<br \/>\nToplumlar\u0131 makro anlamda \u015fekillendiren ve y\u00f6nlendirenin merkezi y\u00f6netimin e\u011fitim politikalar\u0131 oldu\u011funu dile getiren Ba\u015fkan Se\u00e7er, &#8220;E\u011fitim \u00e7ok \u00f6nemli bir aland\u0131r, \u00e7ok ideolojik bir aland\u0131r. Yani bir y\u00f6netici ideolojik saiklerle gelece\u011fi feda edecek, o toplumun \u00fczerine uymayacak bir elbiseyi, bir e\u011fitim sistemini oturtmaya \u00e7al\u0131\u015f\u0131rsa sonu felaket olur. G\u00fcn\u00fcm\u00fczde \u00fclkemizde ara elaman s\u0131k\u0131nt\u0131s\u0131 var, teknik eleman s\u0131k\u0131nt\u0131s\u0131 var. Gen\u00e7lerin bu y\u00f6nde e\u011fitilmesi laz\u0131m, ama maalesef T\u00fcrkiye \u00e7ok farkl\u0131 bir e\u011fitim sistemine do\u011fru evrildi. Bunu g\u00f6rmek, kabul etmek laz\u0131m&#8221; ifadelerini kulland\u0131.<br \/>\n&#8220;Mersin gen\u00e7li\u011fine katk\u0131 sunman\u0131n gayreti i\u00e7indeyiz&#8221;<br \/>\nMersin gen\u00e7li\u011fine katk\u0131 sunulmas\u0131 gerekti\u011finden s\u00f6z eden Se\u00e7er, &#8220;Bu do\u011frultuda her konuda oldu\u011fu gibi Mersin gen\u00e7li\u011fine katk\u0131 sunmam\u0131z gerekiyor. MERCEK bunlardan bir tanesi. \u00dcniversite Haz\u0131rl\u0131k Kurs Merkezleri bunlardan bir tanesi. LGS s\u0131navlar\u0131na giri\u015f, e\u011fitim merkezlerimiz ya da kurs merkezlerimiz bunlardan bir tanesi. \u00c7ocuklar\u0131m\u0131za sa\u011flad\u0131\u011f\u0131m\u0131z e\u011fitim yard\u0131mlar\u0131, a\u00e7t\u0131\u011f\u0131m\u0131z yurtlar bunlardan birer tanesi. Onlara sa\u011flad\u0131\u011f\u0131m\u0131z ucuz ula\u015f\u0131m imkan\u0131ndan, ucuz g\u0131daya eri\u015fim imkan\u0131na kadar biz Mersin&#8217;de gen\u00e7lerimiz kendini yeti\u015ftirirken, gelece\u011fe dair projeksiyonlar\u0131n\u0131 hayata ge\u00e7irirken nas\u0131l dokunu\u015flar yapal\u0131m da onlara katk\u0131 sunal\u0131m gayretindeyiz&#8221; dedi.<br \/>\n&#8220;Projelerimiz kal\u0131c\u0131, istikrarl\u0131 ve s\u00fcrd\u00fcr\u00fclebilir olsun istiyoruz&#8221;<br \/>\nMERCEK hakk\u0131nda da detayl\u0131 bilgiler veren Ba\u015fkan Se\u00e7er \u015funlar\u0131 s\u00f6yledi:<br \/>\n&#8220;MERCEK, Mersin&#8217;e iyi gelecek bir uygulama. Belirli, spesifik alanlarda kurslar\u0131m\u0131z var. Orada meslek edinebiliyor gen\u00e7lerimiz ya da mesleklerini geli\u015ftirebiliyorlar. Bug\u00fcn san\u0131yorum 18-30 ya\u015f grubunda 60 \u00f6\u011frencimize sertifika verece\u011fiz. Arzu ederiz bu say\u0131 120 olsun, 150 olsun, 250 olsun. Mersin B\u00fcy\u00fck\u015fehir Belediyesi&#8217;nin temel politikas\u0131; yapt\u0131\u011f\u0131m\u0131z b\u00fct\u00fcn uygulamalarda, projelerimiz kal\u0131c\u0131, istikrarl\u0131, s\u00fcrd\u00fcr\u00fclebilir olsun ve sonu\u00e7 alabilelim.&#8221;<br \/>\nKariyer Merkezi&#8217;nin de \u00f6neminden bahseden Ba\u015fkan Se\u00e7er, &#8220;Siz i\u015f ararken, asl\u0131nda hangi i\u015fte ba\u015far\u0131l\u0131 olaca\u011f\u0131n\u0131z\u0131 bilmek durumundas\u0131n\u0131z. Hangi alanda \u00e7al\u0131\u015f\u0131rsan\u0131z daha fazla katk\u0131 sa\u011flayaca\u011f\u0131n\u0131z\u0131 ve neticede bunun size nas\u0131l bir yarar olarak d\u00f6nece\u011fini bilmek zorundas\u0131n\u0131z. Hem i\u015fveren i\u00e7in, hem de i\u015f arayan i\u00e7in uygun temas\u0131 sa\u011flayacak bir ortam bulmal\u0131s\u0131n\u0131z. \u0130\u015fte b\u00fct\u00fcn bu taleplerinizi kar\u015f\u0131layacak olan yer Kariyer Merkezi&#8217;dir. Onun i\u00e7in orada mutlaka kay\u0131tlar\u0131n\u0131z olsun, mutlaka oradan dan\u0131\u015fmanl\u0131k hizmetleri al\u0131n, mutlaka oradan e\u011fitim hizmetleri al\u0131n, takip\u00e7isi olun&#8221; diye konu\u015ftu.<br \/>\n&#8220;Mersin&#8217;e daha iyi hizmet etmek i\u00e7in gayret sarf ediyoruz&#8221;<br \/>\nMersin Ticaret ve Sanayi Odas\u0131 ile imzalayacaklar\u0131 protokolden ve ger\u00e7ekle\u015ftirilecek sertifika t\u00f6reninden bahseden Ba\u015fkan Se\u00e7er, &#8220;Nitelikli, e\u011fitimli insanlar\u0131n Mersin&#8217;in sosyo-k\u00fclt\u00fcrel yap\u0131s\u0131n\u0131 artt\u0131raca\u011f\u0131n\u0131 d\u00fc\u015f\u00fcn\u00fcyorum. Yat\u0131r\u0131mc\u0131lar\u0131n gelmesini arzu ederim, isterim. Burada de\u011ferli, \u00f6nemli yat\u0131r\u0131mlar olsun. Mersin&#8217;in ger\u00e7ekten dinamikleri hareketlensin, a\u00e7\u0131\u011fa \u00e7\u0131ks\u0131n. Neden Mersin daha b\u00fcy\u00fcmesin, daha tan\u0131nmas\u0131n? Sadece \u00fclkemde de\u011fil, t\u00fcm d\u00fcnyada. Mersin yeteri kadar tan\u0131nm\u0131yor. \u00c7ok \u00e7aba sarf ediyoruz. Biz istiyoruz ki, Mersin&#8217;in de\u011feri her yerde bilinsin. Mersin gelecek 10 y\u0131llar\u0131n d\u00fcnyada y\u00fckselen y\u0131ld\u0131z\u0131. Bizler bug\u00fcne kadar oldu\u011fu gibi, bundan sonra da sizlerin bize g\u00f6rev verdi\u011fi s\u00fcre i\u00e7erisinde hizmetlerimizi devam ettirmeye gayret edece\u011fiz&#8221; diye belirtti.<br \/>\nK\u0131z\u0131ltan: &#8220;Bu i\u015fbirli\u011fimizin Mersin&#8217;e \u00f6rnek olmas\u0131 en b\u00fcy\u00fck idealimizdir&#8221;<br \/>\nMTSO Y\u00f6netim Kurulu Ba\u015fkan\u0131 Ayhan K\u0131z\u0131ltan da kurumlar aras\u0131 i\u015fbirli\u011finin \u00f6neminden s\u00f6z etti\u011fi konu\u015fmas\u0131nda, &#8220;Mersin&#8217;de kurumlar aras\u0131 i\u015fbirli\u011fini yerle\u015ftirmi\u015f bulunuyoruz. Bunda hepimizin pay\u0131 var. \u0130\u015fte Mersin&#8217;de \u00f6zlenen tablo bu. Kurumlar aras\u0131 i\u015fbirli\u011fini daha da ileriye g\u00f6t\u00fcrece\u011fiz&#8221; dedi. E\u011fitim sisteminde ya\u015fanan de\u011fi\u015fikliklerin yaratt\u0131\u011f\u0131 kalifiye eleman bulma s\u0131k\u0131nt\u0131lardan da bahseden K\u0131z\u0131ltan, &#8220;Bu a\u00e7\u0131\u011f\u0131 kapatmak i\u00e7in, i\u015fte bizim gibi kurumlar bir\u00e7ok e\u011fitim etkinlikleri yapmaya ba\u015flad\u0131, kurslar yapmaya ba\u015flad\u0131. \u0130\u015fte Say\u0131n B\u00fcy\u00fck\u015fehir Belediyemizin de MERCEK Projesi bu anlamda hakikaten ba\u015far\u0131l\u0131 bir \u015fekilde devam edecektir. Bizim bu arkada\u015flar\u0131m\u0131z\u0131 i\u015fletmelerle bir araya getirmemiz gerekiyor. Bunlarla ilgili bir projeyi san\u0131yorum planlad\u0131k. \u0130\u015f arayanla, eleman arayan\u0131 bir araya getirip, oradan birbirleriyle diyalogu sa\u011flamam\u0131z laz\u0131m. En \u00f6nemli konu bu&#8221; diye konu\u015ftu.<br \/>\nKonu\u015fmalar\u0131n ard\u0131ndan Ba\u015fkan Se\u00e7er ve MTSO Y\u00f6netim Kurulu Ba\u015fkan\u0131 K\u0131z\u0131ltan taraf\u0131ndan protokol imzaland\u0131. Son olarak ise Ba\u015fkan Se\u00e7er,  MTSO Y\u00f6netim Kurulu Ba\u015fkan\u0131 K\u0131z\u0131ltan ve MTSO Meclis Ba\u015fkan\u0131 \u0130zol taraf\u0131ndan kursiyerlere sertifikalar\u0131 takdim edildi.<\/p>\n","protected":false},"excerpt":{"rendered":"<p>Mersin B\u00fcy\u00fck\u015fehir Belediye Ba\u015fkan\u0131 Vahap Se\u00e7er, B\u00fcy\u00fck\u015fehir Belediyesi Sosyal Hizmetler Dairesi Ba\u015fkanl\u0131\u011f\u0131 b\u00fcnyesinde hizmet veren MERCEK ile Mersin Ticaret ve Sanayi Odas\u0131 (MTSO) i\u015f birli\u011finde ve Habitat Derne\u011fi&#8217;nin destekleriyle, MERCEK &hellip; <a href=\"https:\/\/akdenizolaygazetesi.com\/?p=20157\" class=\"more-link\">Devam\u0131n\u0131 Oku&#8230;<\/a><\/p>\n","protected":false},"author":2,"featured_media":20158,"comment_status":"open","ping_status":"open","sticky":false,"template":"","format":"standard","meta":[],"categories":[34,2,3,5],"tags":[],"_links":{"self":[{"href":"https:\/\/akdenizolaygazetesi.com\/index.php?rest_route=\/wp\/v2\/posts\/20157"}],"collection":[{"href":"https:\/\/akdenizolaygazetesi.com\/index.php?rest_route=\/wp\/v2\/posts"}],"about":[{"href":"https:\/\/akdenizolaygazetesi.com\/index.php?rest_route=\/wp\/v2\/types\/post"}],"author":[{"embeddable":true,"href":"https:\/\/akdenizolaygazetesi.com\/index.php?rest_route=\/wp\/v2\/users\/2"}],"replies":[{"embeddable":true,"href":"https:\/\/akdenizolaygazetesi.com\/index.php?rest_route=%2Fwp%2Fv2%2Fcomments&post=20157"}],"version-history":[{"count":1,"href":"https:\/\/akdenizolaygazetesi.com\/index.php?rest_route=\/wp\/v2\/posts\/20157\/revisions"}],"predecessor-version":[{"id":20159,"href":"https:\/\/akdenizolaygazetesi.com\/index.php?rest_route=\/wp\/v2\/posts\/20157\/revisions\/20159"}],"wp:featuredmedia":[{"embeddable":true,"href":"https:\/\/akdenizolaygazetesi.com\/index.php?rest_route=\/wp\/v2\/media\/20158"}],"wp:attachment":[{"href":"https:\/\/akdenizolaygazetesi.com\/index.php?rest_route=%2Fwp%2Fv2%2Fmedia&parent=20157"}],"wp:term":[{"taxonomy":"category","embeddable":true,"href":"https:\/\/akdenizolaygazetesi.com\/index.php?rest_route=%2Fwp%2Fv2%2Fcategories&post=20157"},{"taxonomy":"post_tag","embeddable":true,"href":"https:\/\/akdenizolaygazetesi.com\/index.php?rest_route=%2Fwp%2Fv2%2Ftags&post=20157"}],"curies":[{"name":"wp","href":"https:\/\/api.w.org\/{rel}","templated":true}]}}