{"id":20163,"date":"2022-08-04T12:24:28","date_gmt":"2022-08-04T09:24:28","guid":{"rendered":"http:\/\/akdenizolaygazetesi.com\/?p=20163"},"modified":"2022-08-04T12:24:28","modified_gmt":"2022-08-04T09:24:28","slug":"baskan-yilmazin-muharrem-ayi-mesaji","status":"publish","type":"post","link":"https:\/\/akdenizolaygazetesi.com\/?p=20163","title":{"rendered":"BA\u015eKAN YILMAZ&#8217;IN MUHARREM AYI MESAJI"},"content":{"rendered":"<p>Toroslar Belediye Ba\u015fkan\u0131 Ats\u0131z Af\u015f\u0131n Y\u0131lmaz, t\u00fcm hem\u015fehrilerinin ve \u0130slam aleminin Muharrem ay\u0131n\u0131 tebrik ederek, hay\u0131rlara vesile olmas\u0131n\u0131 diledi.<\/p>\n<p>Muharrem ay\u0131n\u0131n T\u00fcrk k\u00fclt\u00fcr\u00fcnde \u00f6nemli bir yeri oldu\u011funu kaydeden Ba\u015fkan Y\u0131lmaz; &#8220;Muharrem ay\u0131, payla\u015fman\u0131n, bereketin ve birlikteli\u011fin ad\u0131d\u0131r. Karde\u015fli\u011fin, sevginin ve ho\u015fg\u00f6r\u00fcn\u00fcn simgesi olan A\u015fure G\u00fcn\u00fc&#8217;n\u00fcn ilahi feyzini de i\u00e7erisinde bar\u0131nd\u0131ran Muharrem ay\u0131na kavu\u015fman\u0131n mutlulu\u011funu ya\u015f\u0131yoruz&#8221; dedi.<\/p>\n<p>&#8220;A\u015furelerimiz Bereketli, Birli\u011fimiz Daim Olsun&#8221;<\/p>\n<p>&#8220;Bu ayda ikram edilen a\u015furelerin birlik ve beraberli\u011fimizin daha da peki\u015fmesine vesile olmas\u0131 en b\u00fcy\u00fck arzumuz&#8221; diyen Ba\u015fkan Y\u0131lmaz; &#8220;Bizi biz yapan ortak de\u011ferlerimiz ve maneviyat\u0131m\u0131zd\u0131r. Bu de\u011ferlerimize her zaman sahip \u00e7\u0131kaca\u011f\u0131z ve gelecek nesillerimize bu g\u00fczellikleri ayn\u0131 \u015fekilde aktarmaya devam edece\u011fiz.  Bu duygu ve d\u00fc\u015f\u00fcncelerle t\u00fcm hem\u015fehrilerimin Muharrem ay\u0131n\u0131 tebrik ediyor, sa\u011fl\u0131k, huzur ve hay\u0131rlar getirmesini diliyorum&#8221; \u015feklinde konu\u015ftu.<\/p>\n","protected":false},"excerpt":{"rendered":"<p>Toroslar Belediye Ba\u015fkan\u0131 Ats\u0131z Af\u015f\u0131n Y\u0131lmaz, t\u00fcm hem\u015fehrilerinin ve \u0130slam aleminin Muharrem ay\u0131n\u0131 tebrik ederek, hay\u0131rlara vesile olmas\u0131n\u0131 diledi. Muharrem ay\u0131n\u0131n T\u00fcrk k\u00fclt\u00fcr\u00fcnde \u00f6nemli bir yeri oldu\u011funu kaydeden Ba\u015fkan Y\u0131lmaz; &hellip; <a href=\"https:\/\/akdenizolaygazetesi.com\/?p=20163\" class=\"more-link\">Devam\u0131n\u0131 Oku&#8230;<\/a><\/p>\n","protected":false},"author":2,"featured_media":20164,"comment_status":"open","ping_status":"open","sticky":false,"template":"","format":"standard","meta":[],"categories":[2,3,5],"tags":[],"_links":{"self":[{"href":"https:\/\/akdenizolaygazetesi.com\/index.php?rest_route=\/wp\/v2\/posts\/20163"}],"collection":[{"href":"https:\/\/akdenizolaygazetesi.com\/index.php?rest_route=\/wp\/v2\/posts"}],"about":[{"href":"https:\/\/akdenizolaygazetesi.com\/index.php?rest_route=\/wp\/v2\/types\/post"}],"author":[{"embeddable":true,"href":"https:\/\/akdenizolaygazetesi.com\/index.php?rest_route=\/wp\/v2\/users\/2"}],"replies":[{"embeddable":true,"href":"https:\/\/akdenizolaygazetesi.com\/index.php?rest_route=%2Fwp%2Fv2%2Fcomments&post=20163"}],"version-history":[{"count":1,"href":"https:\/\/akdenizolaygazetesi.com\/index.php?rest_route=\/wp\/v2\/posts\/20163\/revisions"}],"predecessor-version":[{"id":20165,"href":"https:\/\/akdenizolaygazetesi.com\/index.php?rest_route=\/wp\/v2\/posts\/20163\/revisions\/20165"}],"wp:featuredmedia":[{"embeddable":true,"href":"https:\/\/akdenizolaygazetesi.com\/index.php?rest_route=\/wp\/v2\/media\/20164"}],"wp:attachment":[{"href":"https:\/\/akdenizolaygazetesi.com\/index.php?rest_route=%2Fwp%2Fv2%2Fmedia&parent=20163"}],"wp:term":[{"taxonomy":"category","embeddable":true,"href":"https:\/\/akdenizolaygazetesi.com\/index.php?rest_route=%2Fwp%2Fv2%2Fcategories&post=20163"},{"taxonomy":"post_tag","embeddable":true,"href":"https:\/\/akdenizolaygazetesi.com\/index.php?rest_route=%2Fwp%2Fv2%2Ftags&post=20163"}],"curies":[{"name":"wp","href":"https:\/\/api.w.org\/{rel}","templated":true}]}}