{"id":20172,"date":"2022-08-04T12:30:14","date_gmt":"2022-08-04T09:30:14","guid":{"rendered":"http:\/\/akdenizolaygazetesi.com\/?p=20172"},"modified":"2022-08-04T12:30:14","modified_gmt":"2022-08-04T09:30:14","slug":"mersin-buyuksehir-2-cevre-yolunun-devam-projesinde-1-etap-calismalarini-surduruyor","status":"publish","type":"post","link":"https:\/\/akdenizolaygazetesi.com\/?p=20172","title":{"rendered":"MERS\u0130N B\u00dcY\u00dcK\u015eEH\u0130R, 2. \u00c7EVRE YOLU&#8217;NUN DEVAM PROJES\u0130NDE 1. ETAP \u00c7ALI\u015eMALARINI S\u00dcRD\u00dcR\u00dcYOR"},"content":{"rendered":"<p>Mersin B\u00fcy\u00fck\u015fehir Belediyesi Yol Yap\u0131m Bak\u0131m ve Onar\u0131m Dairesi, 2. \u00c7evre Yolu&#8217;nun uzat\u0131lmas\u0131 projesinde birinci etap olan k\u0131s\u0131mdaki yol \u00e7al\u0131\u015fmalar\u0131n\u0131 s\u00fcrd\u00fcr\u00fcyor. Ekipler, Mezitli il\u00e7esi Vatan Caddesi&#8217;nden bat\u0131 istikametine do\u011fru 980 metre uzunlu\u011fundaki k\u0131s\u0131mda yol platformunu 35 metre geni\u015fli\u011finde a\u00e7arak, altyap\u0131 \u00e7al\u0131\u015fmalar\u0131n\u0131 tamamlad\u0131.  <\/p>\n<p>980 metre uzunlu\u011funda a\u00e7\u0131lan yolun devam\u0131nda Eski Mezitli yolu g\u00fczergah\u0131na 140 metre uzunlu\u011funda 15 metre geni\u015fli\u011finde yol a\u00e7arak Eski K\u00f6y Caddesi&#8217;ne ba\u011flant\u0131 yap\u0131m\u0131n\u0131 tamamlayan ekipler, tamam\u0131 1120 metre uzunlu\u011funda olan g\u00fczergahta \u00fcstyap\u0131 \u00e7al\u0131\u015fmalar\u0131na devam ediyor.<br \/>\nB\u00fcy\u00fck\u015fehir Belediyesi&#8217;nin planlanan \u00e7al\u0131\u015fmalar\u0131 sonunda, 2. \u00c7evre Yolu&#8217;ndan GMK Bulvar\u0131&#8217;na yeni bir koridor a\u00e7\u0131lm\u0131\u015f olacak.<\/p>\n","protected":false},"excerpt":{"rendered":"<p>Mersin B\u00fcy\u00fck\u015fehir Belediyesi Yol Yap\u0131m Bak\u0131m ve Onar\u0131m Dairesi, 2. \u00c7evre Yolu&#8217;nun uzat\u0131lmas\u0131 projesinde birinci etap olan k\u0131s\u0131mdaki yol \u00e7al\u0131\u015fmalar\u0131n\u0131 s\u00fcrd\u00fcr\u00fcyor. Ekipler, Mezitli il\u00e7esi Vatan Caddesi&#8217;nden bat\u0131 istikametine do\u011fru 980 &hellip; <a href=\"https:\/\/akdenizolaygazetesi.com\/?p=20172\" class=\"more-link\">Devam\u0131n\u0131 Oku&#8230;<\/a><\/p>\n","protected":false},"author":2,"featured_media":20173,"comment_status":"open","ping_status":"open","sticky":false,"template":"","format":"standard","meta":[],"categories":[3],"tags":[],"_links":{"self":[{"href":"https:\/\/akdenizolaygazetesi.com\/index.php?rest_route=\/wp\/v2\/posts\/20172"}],"collection":[{"href":"https:\/\/akdenizolaygazetesi.com\/index.php?rest_route=\/wp\/v2\/posts"}],"about":[{"href":"https:\/\/akdenizolaygazetesi.com\/index.php?rest_route=\/wp\/v2\/types\/post"}],"author":[{"embeddable":true,"href":"https:\/\/akdenizolaygazetesi.com\/index.php?rest_route=\/wp\/v2\/users\/2"}],"replies":[{"embeddable":true,"href":"https:\/\/akdenizolaygazetesi.com\/index.php?rest_route=%2Fwp%2Fv2%2Fcomments&post=20172"}],"version-history":[{"count":1,"href":"https:\/\/akdenizolaygazetesi.com\/index.php?rest_route=\/wp\/v2\/posts\/20172\/revisions"}],"predecessor-version":[{"id":20174,"href":"https:\/\/akdenizolaygazetesi.com\/index.php?rest_route=\/wp\/v2\/posts\/20172\/revisions\/20174"}],"wp:featuredmedia":[{"embeddable":true,"href":"https:\/\/akdenizolaygazetesi.com\/index.php?rest_route=\/wp\/v2\/media\/20173"}],"wp:attachment":[{"href":"https:\/\/akdenizolaygazetesi.com\/index.php?rest_route=%2Fwp%2Fv2%2Fmedia&parent=20172"}],"wp:term":[{"taxonomy":"category","embeddable":true,"href":"https:\/\/akdenizolaygazetesi.com\/index.php?rest_route=%2Fwp%2Fv2%2Fcategories&post=20172"},{"taxonomy":"post_tag","embeddable":true,"href":"https:\/\/akdenizolaygazetesi.com\/index.php?rest_route=%2Fwp%2Fv2%2Ftags&post=20172"}],"curies":[{"name":"wp","href":"https:\/\/api.w.org\/{rel}","templated":true}]}}