{"id":20187,"date":"2022-08-05T12:26:42","date_gmt":"2022-08-05T09:26:42","guid":{"rendered":"http:\/\/akdenizolaygazetesi.com\/?p=20187"},"modified":"2022-08-05T12:26:42","modified_gmt":"2022-08-05T09:26:42","slug":"buyuksehir-yuzme-kursunda-hedef-buyuttu-yeni-hedef-6-bin-kursiyer","status":"publish","type":"post","link":"https:\/\/akdenizolaygazetesi.com\/?p=20187","title":{"rendered":"B\u00dcY\u00dcK\u015eEH\u0130R, Y\u00dcZME KURSUNDA HEDEF B\u00dcY\u00dcTT\u00dc: YEN\u0130 HEDEF 6 B\u0130N KURS\u0130YER"},"content":{"rendered":"<p>Mersin B\u00fcy\u00fck\u015fehir Belediyesi Gen\u00e7lik ve Spor Hizmetleri Dairesi b\u00fcnyesinde, 20 Haziran&#8217;da start verilen ve 1 Eyl\u00fcl tarihinde sonland\u0131r\u0131lmas\u0131 planlanan \u00fccretsiz y\u00fczme kursuna Mersinliler yo\u011fun ilgi g\u00f6sterdi. Kurs boyunca 4 bin kursiyer hedefleyen B\u00fcy\u00fck\u015fehir Belediyesi, bu hedefe ilk 1 ayda ula\u015ft\u0131. B\u00fcy\u00fck\u015fehir Belediyesi, yeni hedefini ise 6 bin kursiyer olarak belirledi.<br \/>\nB\u00fcy\u00fck\u015fehir Belediyesi Macit \u00d6zcan Spor Kompleksi&#8217;ndeki a\u00e7\u0131k havuzda verilen kursa, 6 ya\u015f ve \u00fczeri t\u00fcm Mersinliler ba\u015fvuruda bulunabiliyor. Yo\u011fun talep g\u00f6ren kursta 10 y\u00fczme antren\u00f6r\u00fc, 1 koordinat\u00f6r ve 2 cankurtaran e\u015fli\u011finde e\u011fitimler h\u0131zla devam ediyor.<br \/>\n &#8220;Herkesi y\u00fczme \u00f6\u011frenmeye davet ediyoruz&#8221;<br \/>\n10 antren\u00f6rle vermeye ba\u015flad\u0131klar\u0131 y\u00fczme kursu hizmetine Haziran ay\u0131nda ba\u015flad\u0131klar\u0131n\u0131 belirten Y\u00fczme Antren\u00f6r\u00fc \u00d6zge Tur\u015fin, Eyl\u00fcl ay\u0131nda ula\u015fmay\u0131 hedefledikleri 4 bin say\u0131s\u0131na \u015fimdiden ula\u015fman\u0131n memnuniyetini ya\u015fad\u0131klar\u0131n\u0131 ifade etti. \u015eu andaki hedeflerinin son 1 ay i\u00e7erisinde ba\u015fvuracaklarla birlikte 6 bine \u00e7\u0131kmak oldu\u011funu s\u00f6yleyen Tur\u015fin, &#8220;7&#8217;den 70&#8217;e y\u00fczme bilmeyen kalmas\u0131n slogan\u0131yla \u00e7\u0131kt\u0131\u011f\u0131m\u0131z bu yolda, g\u00fcn ge\u00e7tik\u00e7e say\u0131m\u0131z\u0131 2&#8217;ye katl\u0131yoruz. Halk\u0131n talebini kar\u015f\u0131lamak i\u00e7in elimizden geleni yap\u0131yoruz. En k\u00fc\u00e7\u00fck ya\u015f aral\u0131\u011f\u0131m\u0131z 6, \u015fu zamana kadar kurs hizmeti verdi\u011fimiz en y\u00fcksek ya\u015f 76. \u0130nan\u0131lmaz derecede mutlu bir \u015fekilde ayr\u0131l\u0131yorlar&#8221; ifadesini kulland\u0131.<br \/>\nY\u00fczme kursunun \u00e7ocuklar i\u00e7in \u00f6nemine de de\u011finen Tur\u015fin, &#8220;Y\u00fczme sporu, \u00e7ocuklar\u0131n kas geli\u015fimini ger\u00e7ekten destekliyor. Biz de elimizden geldi\u011fince sporun her noktas\u0131nda onlara hizmet vermeye \u00e7al\u0131\u015f\u0131yoruz. Y\u00fczme de, total anlamda b\u00fct\u00fcn kaslar\u0131 \u00e7al\u0131\u015ft\u0131ran tek bran\u015f zaten. O y\u00fczden \u00e7ocuklarda kas geli\u015fimini \u00e7ok etkiliyor&#8221; diye konu\u015ftu.<br \/>\nY\u00fczme \u00f6\u011frenmek isteyen t\u00fcm Mersinlileri, B\u00fcy\u00fck\u015fehir Belediyesi&#8217;nin y\u00fczme kursuna davet eden Tur\u015fin, &#8220;Ger\u00e7ekten y\u00fczmeyi kaliteli bir \u015fekilde \u00f6\u011frenmek istiyorlarsa, Mersin standard\u0131ndaki en hijyenik havuz oldu\u011fumuzu iddia ediyoruz. Herkesi bekliyoruz&#8221; dedi.<br \/>\n&#8220;Babam\u0131n zoruyla getirildim ama \u00e7ok e\u011flendim&#8221;<br \/>\nKursa 25 Temmuz&#8217;da ba\u015flad\u0131\u011f\u0131n\u0131 belirten Ay\u015fe Sude Uncu, &#8220;Hi\u00e7 istemedi\u011fim halde babam\u0131n zoruyla geldim, ama \u00e7ok e\u011flendim. Y\u00fczmeyi hi\u00e7 bilmiyordum. \u015eimdi suyun \u00fcst\u00fcnde durabiliyor ve kula\u00e7 atabiliyorum. \u00d6\u011frendik\u00e7e denizde de ayn\u0131s\u0131n\u0131 yapabilece\u011fimi d\u00fc\u015f\u00fcnd\u00fc\u011f\u00fcm i\u00e7in, buraya kat\u0131ld\u0131m. Hocam\u0131z da zaten \u00e7ok ilgili ve bize s\u00fcrekli destek oluyor&#8221; ifadesini kulland\u0131.<br \/>\n&#8220;Hedefim bal\u0131k gibi y\u00fczmek&#8230;&#8221;<br \/>\nOkullar\u0131n kapanmas\u0131yla yaz tatilini f\u0131rsata \u00e7evirerek B\u00fcy\u00fck\u015fehir Belediyesi&#8217;nin y\u00fczme kursundan yararlanan 14 ya\u015f\u0131ndaki Eray Erdo\u011fdu, &#8220;Geldi\u011fimde \u00e7ok korkuyordum. Sonra hocam\u0131z \u00f6\u011fretmeye ba\u015flad\u0131. Suyun \u00fcst\u00fcnde kalmay\u0131 ve ayak \u00e7\u0131rpmay\u0131 \u00f6\u011fretti. \u015eimdi sudan korkmuyorum. Gayet de iyi y\u00fczebiliyorum. Vaktin nas\u0131l ge\u00e7ti\u011fini anlayam\u0131yoruz. Evde can\u0131m s\u0131k\u0131l\u0131yordu zaten. Buraya geldim daha iyi oldu. Buraya geldi\u011fimde \u00e7ok arkada\u015f edindim. Hedefim bal\u0131k gibi y\u00fczmek ama beceremiyorum daha. Onu da becerece\u011fim in\u015fallah&#8221; diye konu\u015ftu.<br \/>\n&#8220;Hem korkumu yendim, hem de y\u00fczme \u00f6\u011frendim&#8221;<br \/>\nKursa ba\u015fvuru s\u00fcrecini anlatarak konu\u015fmas\u0131na ba\u015flayan 22 ya\u015f\u0131ndaki Nasrullah Nas, &#8220;G\u00fczel bir aktivite. Gen\u00e7ler buraya gelip y\u00fczmeyi \u00f6\u011frenebilir. Gayet keyifli. Zaten bo\u011fulma imkan\u0131 da yok. Hocalar\u0131m\u0131z sa\u011f olsun, bizimle \u00e7ok iyi ilgileniyorlar. \u0130nsanlar suyu g\u00f6r\u00fcnce, bo\u011fulurum d\u00fc\u015f\u00fcncesiyle korkuyorlar. Ben de burada hem korkumu yendim, hem de y\u00fczmeyi \u00f6\u011frenmi\u015f oldum&#8221; ifadelerini kulland\u0131.<br \/>\n\u00d6nce kendileri \u00f6\u011freniyor, sonra \u00f6\u011frencilerine \u00f6\u011fretecekler<br \/>\n\u00d6zel e\u011fitim \u00f6\u011fretmeni 36 ya\u015f\u0131ndaki Ayla Demirtel, &#8220;Daha \u00f6nce y\u00fczmeyi bilmiyordum. Ge\u00e7en hafta ba\u015flad\u0131m. \u00c7ok e\u011flenceli. E\u011fitmenlerimiz \u00e7ok s\u00fcper bir \u015fekilde tane tane anlatarak bizleri e\u011fitiyor. \u00c7ok keyifli. \u0130yi ki b\u00f6yle bir etkinlikte bulunuyorum. \u00d6zel e\u011fitim \u00f6\u011fretmeniyim. \u00c7ocuklar ve bizler e\u011fitim alaraktan etkinlik yapmaya karar verdik. \u00d6nce kendimiz e\u011fitimi ald\u0131ktan sonra, \u00e7ocuklarla beraber \u00f6zel bir etkinlik d\u00fczenleyip Belediyemizin tesislerinde y\u00fczmeye karar verece\u011fiz&#8221; dedi.<br \/>\nMinik \u00d6mer&#8217;den tatl\u0131 mesaj<br \/>\nKursun en miniklerinden \u00d6mer Sevilgen de k\u0131sa c\u00fcmlelerle mesaj\u0131n\u0131 payla\u015ft\u0131. Sevilgen, &#8220;Vahap Se\u00e7er amcam\u0131zdan Allah raz\u0131 olsun. Onun sayesinde y\u00fczmeyi \u00f6\u011frendik. \u00c7ok seviyoruz&#8221; dedi.<\/p>\n","protected":false},"excerpt":{"rendered":"<p>Mersin B\u00fcy\u00fck\u015fehir Belediyesi Gen\u00e7lik ve Spor Hizmetleri Dairesi b\u00fcnyesinde, 20 Haziran&#8217;da start verilen ve 1 Eyl\u00fcl tarihinde sonland\u0131r\u0131lmas\u0131 planlanan \u00fccretsiz y\u00fczme kursuna Mersinliler yo\u011fun ilgi g\u00f6sterdi. Kurs boyunca 4 bin &hellip; <a href=\"https:\/\/akdenizolaygazetesi.com\/?p=20187\" class=\"more-link\">Devam\u0131n\u0131 Oku&#8230;<\/a><\/p>\n","protected":false},"author":2,"featured_media":20188,"comment_status":"open","ping_status":"open","sticky":false,"template":"","format":"standard","meta":[],"categories":[2,3,10],"tags":[],"_links":{"self":[{"href":"https:\/\/akdenizolaygazetesi.com\/index.php?rest_route=\/wp\/v2\/posts\/20187"}],"collection":[{"href":"https:\/\/akdenizolaygazetesi.com\/index.php?rest_route=\/wp\/v2\/posts"}],"about":[{"href":"https:\/\/akdenizolaygazetesi.com\/index.php?rest_route=\/wp\/v2\/types\/post"}],"author":[{"embeddable":true,"href":"https:\/\/akdenizolaygazetesi.com\/index.php?rest_route=\/wp\/v2\/users\/2"}],"replies":[{"embeddable":true,"href":"https:\/\/akdenizolaygazetesi.com\/index.php?rest_route=%2Fwp%2Fv2%2Fcomments&post=20187"}],"version-history":[{"count":1,"href":"https:\/\/akdenizolaygazetesi.com\/index.php?rest_route=\/wp\/v2\/posts\/20187\/revisions"}],"predecessor-version":[{"id":20189,"href":"https:\/\/akdenizolaygazetesi.com\/index.php?rest_route=\/wp\/v2\/posts\/20187\/revisions\/20189"}],"wp:featuredmedia":[{"embeddable":true,"href":"https:\/\/akdenizolaygazetesi.com\/index.php?rest_route=\/wp\/v2\/media\/20188"}],"wp:attachment":[{"href":"https:\/\/akdenizolaygazetesi.com\/index.php?rest_route=%2Fwp%2Fv2%2Fmedia&parent=20187"}],"wp:term":[{"taxonomy":"category","embeddable":true,"href":"https:\/\/akdenizolaygazetesi.com\/index.php?rest_route=%2Fwp%2Fv2%2Fcategories&post=20187"},{"taxonomy":"post_tag","embeddable":true,"href":"https:\/\/akdenizolaygazetesi.com\/index.php?rest_route=%2Fwp%2Fv2%2Ftags&post=20187"}],"curies":[{"name":"wp","href":"https:\/\/api.w.org\/{rel}","templated":true}]}}