{"id":20193,"date":"2022-08-05T12:30:53","date_gmt":"2022-08-05T09:30:53","guid":{"rendered":"http:\/\/akdenizolaygazetesi.com\/?p=20193"},"modified":"2022-08-05T12:30:53","modified_gmt":"2022-08-05T09:30:53","slug":"akdenizli-kadinlar-sus-bitkisi-uretecek","status":"publish","type":"post","link":"https:\/\/akdenizolaygazetesi.com\/?p=20193","title":{"rendered":"AKDEN\u0130ZL\u0130 KADINLAR, S\u00dcS B\u0130TK\u0130S\u0130 \u00dcRETECEK"},"content":{"rendered":"<p>Akdeniz Belediyesi, kad\u0131nlar\u0131n meslek edinmesi ve istihdam\u0131na y\u00f6nelik \u00e7ok \u00f6zel bir projeye daha d\u00e2hil oldu. \u0130mzalanan protokol ile Akdenizli kad\u0131nlar s\u00fcs bitkisi \u00fcretecek, istihdama d\u00e2hil olup gelece\u011fe daha g\u00fcvenle bakabilecek.<br \/>\nKurdu\u011fu ve \u00fccretsiz sat\u0131\u015f yeri tahsis etti\u011fi 2\u2019si kad\u0131n, 1\u2019i engelli kooperatifi ile Akdenizli kad\u0131nlara \u00f6nc\u00fcl\u00fck eden; kad\u0131nlar yarar\u0131na mesleki, sosyal ve k\u00fclt\u00fcrel projeleri hayata ge\u00e7iren Akdeniz Belediyesi, dikkat \u00e7ekecek yeni ve \u00f6rnek bir projeye daha ortak oldu. \u00d6zellikle dezavantajl\u0131 kad\u0131nlar\u0131n istihdam\u0131n\u0131 artt\u0131r\u0131p onlar\u0131 \u00fcretim s\u00fcrecine katmay\u0131 ama\u00e7layan \u201c\u00c7i\u00e7ek A\u00e7an Gen\u00e7 Nesiller\/ \u0130\u00e7 Mek\u00e2n S\u00fcs Bitkileri \u00dcretim ve E\u011fitim Merkezi Projesi\u201d kapsam\u0131nda s\u00fcs bitkileri \u00fcretilecek. Akdenizli kad\u0131nlar, hem aile b\u00fct\u00e7elerine katk\u0131 sa\u011flayacak hem de toplumsal stat\u00fcleri y\u00fckselecek.<br \/>\nProtokol Mersin Valili\u011fi\u2019nde imzaland\u0131<br \/>\n\u00c7ukurova Kalk\u0131nma Ajans\u0131 SOGEP Program\u0131 kapsam\u0131nda haz\u0131rlanan 2 bu\u00e7uk milyon TL b\u00fct\u00e7eli; \u201c\u00c7i\u00e7ek A\u00e7an Gen\u00e7 Nesiller \/ \u0130\u00e7 Mek\u00e2n S\u00fcs Bitkileri \u00dcretim ve E\u011fitim Merkezi Projesi, Akdeniz Belediyesi y\u00fcr\u00fct\u00fcc\u00fcl\u00fc\u011f\u00fcnde, Alata Bah\u00e7e K\u00fclt\u00fcrleri Ara\u015ft\u0131rma Enstit\u00fcs\u00fc M\u00fcd\u00fcrl\u00fc\u011f\u00fc i\u015fbirli\u011fiyle y\u00fcr\u00fct\u00fclecek. Proje kapsam\u0131nda Mersin Valili\u011finde; Vali Ali Hamza Pehlivan, Akdeniz Belediyesi Ba\u015fkanvekili Aysel Mavio\u011flu \u00d6ner, K\u00fclt\u00fcr ve Sosyal \u0130\u015fler M\u00fcd\u00fcr\u00fc Ali U\u00e7ar ile Alata Bah\u00e7e K\u00fclt\u00fcrleri Ara\u015ft\u0131rma Enstit\u00fcs\u00fc M\u00fcd\u00fcrl\u00fc\u011f\u00fc yetkililerinin kat\u0131l\u0131m\u0131yla protokol imzaland\u0131.<br \/>\nHedef kitle, dezavantajl\u0131 durumdaki kad\u0131nlar<br \/>\nProjenin hedef kitlesi, Bah\u00e7e, Bar\u0131\u015f, Turgutreis, Kiremihane, Mahmudiye ve Akdam Mahalleleri ba\u015fta olmak \u00fczere Akdeniz \u0130l\u00e7esinde ya\u015fayan 18-29 ya\u015f aral\u0131\u011f\u0131ndaki dezavantajl\u0131 durumdaki kad\u0131n ve gen\u00e7ler olacak. \u00dcretilecek bitkilerin bir k\u0131sm\u0131, Roman kad\u0131nlar ba\u015fta olmak \u00fczere sosyo-ekonomik olarak dezavantajl\u0131 durumdaki kad\u0131nlara c\u00fczi miktarlarda sunulacak. Artan taleple birlikte sekt\u00f6rde arz a\u00e7\u0131\u011f\u0131 olan \u00fcr\u00fcnlerin \u00fcretimi yap\u0131larak sekt\u00f6r\u00fcn \u00fcretim ve sat\u0131\u015f kapasitesini \u00e7o\u011faltmak, ayr\u0131ca k\u0131rsal kalk\u0131nma odakl\u0131, sonras\u0131nda yayg\u0131nla\u015ft\u0131r\u0131labilir ve s\u00fcrd\u00fcr\u00fclebilir i\u015fletme modeli kurmak projenin bir di\u011fer hedefi.<br \/>\nAkdeniz Belediyesi, kad\u0131nlara yer tahsisi sa\u011flayacak<br \/>\n\u00dcretilecek olan s\u00fcs bitkileri, projenin ortaklar\u0131ndan biri olan Akdeniz Belediyesi\u2019nin uygun g\u00f6rd\u00fc\u011f\u00fc alanlarda, belli bir d\u00fczen ve tertip i\u00e7erisinde sat\u0131lacak, bu sayede de projeden daha geni\u015f bir kitlenin gelir elde etmesi sa\u011flanacak. \u00c7ukurova Kalk\u0131nma Ajans\u0131 SOGEP Program\u0131 kapsam\u0131nda Akdeniz Belediyesi y\u00fcr\u00fct\u00fcc\u00fcl\u00fc\u011f\u00fcnde Alata Bah\u00e7e K\u00fclt\u00fcrleri Ara\u015ft\u0131rma Enstit\u00fcs\u00fc M\u00fcd\u00fcrl\u00fc\u011f\u00fc i\u015fbirli\u011fiyle y\u00fcr\u00fct\u00fclecek projenin toplam b\u00fct\u00e7esi 2 bu\u00e7uk milyon TL. <\/p>\n","protected":false},"excerpt":{"rendered":"<p>Akdeniz Belediyesi, kad\u0131nlar\u0131n meslek edinmesi ve istihdam\u0131na y\u00f6nelik \u00e7ok \u00f6zel bir projeye daha d\u00e2hil oldu. \u0130mzalanan protokol ile Akdenizli kad\u0131nlar s\u00fcs bitkisi \u00fcretecek, istihdama d\u00e2hil olup gelece\u011fe daha g\u00fcvenle bakabilecek. &hellip; <a href=\"https:\/\/akdenizolaygazetesi.com\/?p=20193\" class=\"more-link\">Devam\u0131n\u0131 Oku&#8230;<\/a><\/p>\n","protected":false},"author":2,"featured_media":20194,"comment_status":"open","ping_status":"open","sticky":false,"template":"","format":"standard","meta":[],"categories":[34,2,3,5],"tags":[],"_links":{"self":[{"href":"https:\/\/akdenizolaygazetesi.com\/index.php?rest_route=\/wp\/v2\/posts\/20193"}],"collection":[{"href":"https:\/\/akdenizolaygazetesi.com\/index.php?rest_route=\/wp\/v2\/posts"}],"about":[{"href":"https:\/\/akdenizolaygazetesi.com\/index.php?rest_route=\/wp\/v2\/types\/post"}],"author":[{"embeddable":true,"href":"https:\/\/akdenizolaygazetesi.com\/index.php?rest_route=\/wp\/v2\/users\/2"}],"replies":[{"embeddable":true,"href":"https:\/\/akdenizolaygazetesi.com\/index.php?rest_route=%2Fwp%2Fv2%2Fcomments&post=20193"}],"version-history":[{"count":1,"href":"https:\/\/akdenizolaygazetesi.com\/index.php?rest_route=\/wp\/v2\/posts\/20193\/revisions"}],"predecessor-version":[{"id":20195,"href":"https:\/\/akdenizolaygazetesi.com\/index.php?rest_route=\/wp\/v2\/posts\/20193\/revisions\/20195"}],"wp:featuredmedia":[{"embeddable":true,"href":"https:\/\/akdenizolaygazetesi.com\/index.php?rest_route=\/wp\/v2\/media\/20194"}],"wp:attachment":[{"href":"https:\/\/akdenizolaygazetesi.com\/index.php?rest_route=%2Fwp%2Fv2%2Fmedia&parent=20193"}],"wp:term":[{"taxonomy":"category","embeddable":true,"href":"https:\/\/akdenizolaygazetesi.com\/index.php?rest_route=%2Fwp%2Fv2%2Fcategories&post=20193"},{"taxonomy":"post_tag","embeddable":true,"href":"https:\/\/akdenizolaygazetesi.com\/index.php?rest_route=%2Fwp%2Fv2%2Ftags&post=20193"}],"curies":[{"name":"wp","href":"https:\/\/api.w.org\/{rel}","templated":true}]}}