{"id":20196,"date":"2022-08-05T12:32:46","date_gmt":"2022-08-05T09:32:46","guid":{"rendered":"http:\/\/akdenizolaygazetesi.com\/?p=20196"},"modified":"2022-08-05T12:32:46","modified_gmt":"2022-08-05T09:32:46","slug":"is-kazasi-sonucu-iki-ayagini-kullanamayan-mustafa-telli-notalarin-gucuyle-hayata-tutundu","status":"publish","type":"post","link":"https:\/\/akdenizolaygazetesi.com\/?p=20196","title":{"rendered":"&#8220;\u0130\u015f Kazas\u0131 Sonucu \u0130ki Aya\u011f\u0131n\u0131 Kullanamayan Mustafa Telli, Notalar\u0131n G\u00fcc\u00fcyle Hayata Tutundu&#8221;"},"content":{"rendered":"<p>Toroslar Belediyesi; evine rahat girip \u00e7\u0131kamayan y\u00fcr\u00fcme engelli s\u00f6z yazar\u0131 ve bestek\u00e2r Mustafa Telli&#8217;nin talebi \u00fczerine, demir at\u00f6lyelerinde imal etti\u011fi rampay\u0131 yerle\u015ftirdi.<\/p>\n<p>Mersin&#8217;in Toroslar \u0130l\u00e7esi Tozkoparan Mahallesi&#8217;nde ya\u015fayan 59 ya\u015f\u0131ndaki y\u00fcr\u00fcme engelli vatanda\u015f Mustafa Telli, evinin \u00f6n\u00fcne tekerlekli sandalyesini rahat\u00e7a kullanabilece\u011fi bir rampa yap\u0131lmas\u0131 i\u00e7in Toroslar Belediye Ba\u015fkan\u0131 Ats\u0131z Af\u015f\u0131n Y\u0131lmaz&#8217;dan yard\u0131m talebinde bulundu.<\/p>\n<p>Belediye Koordinasyon ekibi, Ba\u015fkan Y\u0131lmaz&#8217;\u0131n talimat\u0131 ile Telli&#8217;nin ya\u015fad\u0131\u011f\u0131 evinin \u00f6n\u00fcne rampay\u0131 yapt\u0131.<\/p>\n<p>&#8220;\u00c7ok Zorlan\u0131yordum. Ba\u015fkan\u0131m\u0131zdan Allah Raz\u0131 Olsun&#8221;<\/p>\n<p>1989 y\u0131l\u0131nda ger\u00e7ekle\u015fen i\u015f kazas\u0131 sonucu iki aya\u011f\u0131n\u0131 kullanamayan ve bu s\u00fcre zarf\u0131nda kendini m\u00fczi\u011fe adayan s\u00f6z yazar\u0131 ve bestek\u00e2r Mustafa Telli, demans hastas\u0131 e\u015fiyle birlikte ya\u015fam m\u00fccadelesi veriyor.<\/p>\n<p>Y\u00fczde 96 y\u00fcr\u00fcme engelli olan Telli, tekerlekli sandalyesi ile evine girip \u00e7\u0131karken zorland\u0131\u011f\u0131n\u0131 belirtirken, yap\u0131lan bu rampa ile \u00e7ok mutlu oldu\u011funu s\u00f6yledi.<\/p>\n<p>Engelli bireylerin hayatlar\u0131n\u0131 kolayla\u015ft\u0131racak olan deste\u011fin en g\u00fczel hizmet oldu\u011funa dikkat \u00e7eken Telli,  Ba\u015fkan Y\u0131lmaz&#8217;a deste\u011finden dolay\u0131 te\u015fekk\u00fcr ederek;  &#8220;1989 y\u0131l\u0131nda i\u015f kazas\u0131 ge\u00e7irdim.  Kaza sonucu y\u00fcr\u00fcme engelli oldum. Evimin \u00f6n\u00fcndeki merdivenlerden inip \u00e7\u0131karken zorluk \u00e7ekiyordum. Belediyemizden rampa talebinde bulundum. Ba\u015fkan\u0131m\u0131z, talebimi yerine getirdi. Allah, kendisinden raz\u0131 olsun&#8221; diye konu\u015ftu.<\/p>\n<p>Engelleri m\u00fczikle a\u015ft\u0131\u011f\u0131n\u0131, s\u00f6z yazarl\u0131\u011f\u0131 ve bestekarl\u0131k yapt\u0131\u011f\u0131n\u0131 da kaydeden Telli; &#8220;Malulen emekliyim. Demans hastas\u0131 e\u015fim ve bir o\u011flum var. Kendi eserlerimden olu\u015fan bir alb\u00fcm haz\u0131rlad\u0131m.  Bu s\u00fcre zarf\u0131nda evimden inip \u00e7\u0131karken \u00e7ok zorlan\u0131yordum. Belediyemizin bu hizmetiyle \u015fimdi hayat\u0131m daha da kolayla\u015facak&#8221; ifadelerini kulland\u0131.<\/p>\n<p>Ba\u015fkan Y\u0131lmaz; &#8220;Engelli Bireylerin, Sosyal Ya\u015fam\u0131n \u0130\u00e7inde Yer Almalar\u0131 \u0130\u00e7in \u00c7al\u0131\u015f\u0131yoruz&#8221;<\/p>\n<p>Toroslar Belediye Ba\u015fkan\u0131 Ats\u0131z Af\u015f\u0131n Y\u0131lmaz, hayata ge\u00e7irdikleri hizmetleri engelli bireyler i\u00e7in ula\u015f\u0131labilir k\u0131lmaya devam edeceklerini belirterek; &#8220;Engelsiz Toroslar i\u00e7in \u00e7al\u0131\u015f\u0131yoruz&#8221; dedi.<\/p>\n<p>Herkesin birer engelli aday\u0131 oldu\u011funa dikkat \u00e7eken Ba\u015fkan Y\u0131lmaz; &#8220;Biz, payla\u015fmay\u0131 ve sevgiyi temel alan b\u00fcy\u00fck bir aileyiz. \u0130\u015f kazas\u0131 sonucu y\u00fcr\u00fcme engelli olan Mustafa Telli Bey&#8217;in evinin \u00f6n\u00fcne yap\u0131lmas\u0131n\u0131 istedi\u011fi rampa talebini en k\u0131sa s\u00fcrede yerine getirdik. Kendisinin mutlulu\u011fu bizim de mutlulu\u011fumuzdur. Engelli bireylerin g\u00fcnl\u00fck hayatta ya\u015fad\u0131klar\u0131 sorunlar\u0131 ortadan kald\u0131rmak, hayatlar\u0131n\u0131 kolayla\u015ft\u0131rmak i\u00e7in elimizden geleni yapmaya devam edece\u011fiz. Bu konuya hassasiyetle yakla\u015f\u0131yoruz&#8221; \u015feklinde konu\u015ftu.<\/p>\n<p>S\u00f6z yazar\u0131 ve bestek\u00e2r Telli&#8217;ye m\u00fczik hayat\u0131nda ba\u015far\u0131lar dileyen Ba\u015fkan Y\u0131lmaz; &#8220;Engelli bireylerin desteklenmeleri halinde neleri ba\u015farabildiklerini hep birlikte g\u00f6r\u00fcyoruz. Mustafa Bey&#8217;e de m\u00fczik hayat\u0131nda ba\u015far\u0131lar diliyoruz. Sanatta, sporda, bilimde, k\u00fclt\u00fcrel ve sosyal alanda ortaya koyduklar\u0131 ba\u015far\u0131lar\u0131yla gurur duydu\u011fumuz engellilerimizin her zaman yanlar\u0131nday\u0131z&#8221; dedi.<\/p>\n","protected":false},"excerpt":{"rendered":"<p>Toroslar Belediyesi; evine rahat girip \u00e7\u0131kamayan y\u00fcr\u00fcme engelli s\u00f6z yazar\u0131 ve bestek\u00e2r Mustafa Telli&#8217;nin talebi \u00fczerine, demir at\u00f6lyelerinde imal etti\u011fi rampay\u0131 yerle\u015ftirdi. Mersin&#8217;in Toroslar \u0130l\u00e7esi Tozkoparan Mahallesi&#8217;nde ya\u015fayan 59 ya\u015f\u0131ndaki &hellip; <a href=\"https:\/\/akdenizolaygazetesi.com\/?p=20196\" class=\"more-link\">Devam\u0131n\u0131 Oku&#8230;<\/a><\/p>\n","protected":false},"author":2,"featured_media":20197,"comment_status":"open","ping_status":"open","sticky":false,"template":"","format":"standard","meta":[],"categories":[2,3,9],"tags":[],"_links":{"self":[{"href":"https:\/\/akdenizolaygazetesi.com\/index.php?rest_route=\/wp\/v2\/posts\/20196"}],"collection":[{"href":"https:\/\/akdenizolaygazetesi.com\/index.php?rest_route=\/wp\/v2\/posts"}],"about":[{"href":"https:\/\/akdenizolaygazetesi.com\/index.php?rest_route=\/wp\/v2\/types\/post"}],"author":[{"embeddable":true,"href":"https:\/\/akdenizolaygazetesi.com\/index.php?rest_route=\/wp\/v2\/users\/2"}],"replies":[{"embeddable":true,"href":"https:\/\/akdenizolaygazetesi.com\/index.php?rest_route=%2Fwp%2Fv2%2Fcomments&post=20196"}],"version-history":[{"count":1,"href":"https:\/\/akdenizolaygazetesi.com\/index.php?rest_route=\/wp\/v2\/posts\/20196\/revisions"}],"predecessor-version":[{"id":20198,"href":"https:\/\/akdenizolaygazetesi.com\/index.php?rest_route=\/wp\/v2\/posts\/20196\/revisions\/20198"}],"wp:featuredmedia":[{"embeddable":true,"href":"https:\/\/akdenizolaygazetesi.com\/index.php?rest_route=\/wp\/v2\/media\/20197"}],"wp:attachment":[{"href":"https:\/\/akdenizolaygazetesi.com\/index.php?rest_route=%2Fwp%2Fv2%2Fmedia&parent=20196"}],"wp:term":[{"taxonomy":"category","embeddable":true,"href":"https:\/\/akdenizolaygazetesi.com\/index.php?rest_route=%2Fwp%2Fv2%2Fcategories&post=20196"},{"taxonomy":"post_tag","embeddable":true,"href":"https:\/\/akdenizolaygazetesi.com\/index.php?rest_route=%2Fwp%2Fv2%2Ftags&post=20196"}],"curies":[{"name":"wp","href":"https:\/\/api.w.org\/{rel}","templated":true}]}}