{"id":20202,"date":"2022-08-05T12:37:01","date_gmt":"2022-08-05T09:37:01","guid":{"rendered":"http:\/\/akdenizolaygazetesi.com\/?p=20202"},"modified":"2022-08-05T12:37:01","modified_gmt":"2022-08-05T09:37:01","slug":"mutta-4-ureticiye-25er-keci-ve-4er-ton-yem-destegi-verildi","status":"publish","type":"post","link":"https:\/\/akdenizolaygazetesi.com\/?p=20202","title":{"rendered":"MUT&#8217;TA 4 \u00dcRET\u0130C\u0130YE 25&#8217;ER KE\u00c7\u0130 VE 4&#8217;ER TON YEM DESTE\u011e\u0130 VER\u0130LD\u0130"},"content":{"rendered":"<p>Mersin B\u00fcy\u00fck\u015fehir Belediye Ba\u015fkan\u0131 Vahap Se\u00e7er&#8217;in \u00f6nc\u00fcl\u00fc\u011f\u00fcnde, Tar\u0131msal Hizmetler Dairesi Ba\u015fkanl\u0131\u011f\u0131 taraf\u0131ndan y\u00fcr\u00fct\u00fclen &#8216;Hadi Gel K\u00f6y\u00fcm\u00fcze Destek Verelim&#8217; projesi kapsam\u0131nda Mut&#8217;ta yap\u0131lan da\u011f\u0131t\u0131mda, 4 \u00fcreticiye toplamda 100 adet k\u00fc\u00e7\u00fckba\u015f hayvan ve 4&#8217;er ton yem deste\u011fi verildi. \u00dcreticilere verilen 100 hayvan\u0131n 90 tanesi, daha \u00f6nce destek verilen \u00fcreticilerden temin edildi.<br \/>\nKad\u0131n \u00e7ift\u00e7ilerin ba\u015fvurular\u0131n\u0131n pozitif ayr\u0131mc\u0131l\u0131k yap\u0131larak de\u011ferlendirildi\u011fi proje kapsam\u0131nda, Veteriner Hekimler Odas\u0131 taraf\u0131ndan da 1 y\u0131l s\u00fcresince \u00fccretsiz a\u015f\u0131 ve bak\u0131m deste\u011fi sa\u011flan\u0131yor.<br \/>\nDa\u011f\u0131t\u0131m t\u00f6renine CHP Mersin B\u00fcy\u00fck\u015fehir Belediyesi Meclis \u00dcyesi Selahattin Arslan, B\u00fcy\u00fck\u015fehir Belediyesi Muhtarl\u0131k \u0130\u015fleri Dairesi Ba\u015fkanl\u0131\u011f\u0131 Mut \u015eube M\u00fcd\u00fcr\u00fc Ferruh Ba\u015f, Tar\u0131msal Hizmetler Dairesi Bitkisel Materyal \u015eube M\u00fcd\u00fcr\u00fc Ali Nuri Zeka ve \u00e7ift\u00e7iler kat\u0131ld\u0131.<\/p>\n<p>Da\u011f\u0131t\u0131lan hayvanlar\u0131n % 90&#8217;\u0131 daha \u00f6nce destek verilen \u00fcreticilerden temin edildi<\/p>\n<p>Mersin B\u00fcy\u00fck\u015fehir Belediyesi Mut Koordinasyon Merkezi \u00f6n\u00fcnde ger\u00e7ekle\u015ftirilen teslim t\u00f6reninde, 4 \u00fcreticiye toplam 100 adet ke\u00e7i ve 4&#8217;er ton yem deste\u011fi verildi. Da\u011f\u0131t\u0131m\u0131 ger\u00e7ekle\u015ftirilen ke\u00e7ilerin 90 tanesinin, projeden ge\u00e7ti\u011fimiz y\u0131llarda faydalanan \u00fcreticilerden temin edildi\u011fini belirten Tar\u0131msal Hizmetler Dairesi personellerinden Ziraat M\u00fchendisi Dr. Dilek T\u00fcney Bebek, projenin t\u00fcm il\u00e7elerde ba\u015far\u0131 ile devam etti\u011fini s\u00f6yledi.<\/p>\n<p>Proje kapsam\u0131nda Mut&#8217;ta 4 yeti\u015ftiriciye 24 di\u015fi 1 erkek olmak \u00fczere 25&#8217;er adet ke\u00e7i teslim ettiklerini ifade eden Bebek, &#8220;Bu y\u0131l toplamda 1500 adet da\u011f\u0131t\u0131m\u0131 yap\u0131lan ke\u00e7ilerimizin 527 tanesini, kendi dam\u0131zl\u0131klar\u0131m\u0131zdan \u00fcrettik. \u00c7aml\u0131yayla&#8217;dan Anamur&#8217;a kadar, k\u0131rsalda ikamet eden, hayvanc\u0131l\u0131k yapan, dar gelirli vatanda\u015flar\u0131m\u0131za k\u00fc\u00e7\u00fckba\u015f hayvan deste\u011fi sa\u011fl\u0131yoruz&#8221; dedi.<\/p>\n<p>Selahattin Arslan: &#8220;B\u00fcy\u00fck\u015fehir sayesinde k\u00f6yl\u00fclerimiz yeniden \u00fcretime y\u00f6neldi&#8221;<\/p>\n<p>Projenin sadece Mut&#8217;a de\u011fil, \u00fclke ekonomisine de ciddi katk\u0131 sa\u011flayaca\u011f\u0131na inand\u0131\u011f\u0131n\u0131 belirten Mersin B\u00fcy\u00fck\u015fehir Belediyesi Meclis \u00dcyesi Selahattin Arslan ise &#8220;Bundan 100 y\u0131l \u00f6nce, il\u00e7ede ya\u015fayanlar\u0131n tamam\u0131n\u0131n ekonomisi ke\u00e7i \u00fczerineydi. Ama o y\u0131llardan bug\u00fcne, insanlar bu k\u00fclt\u00fcrden ve bu \u00fcretimden uzakla\u015ft\u0131lar. \u015eimdi Mersin B\u00fcy\u00fck\u015fehir Belediye Ba\u015fkan\u0131m\u0131z Vahap Se\u00e7er&#8217;in \u00f6nc\u00fcl\u00fc\u011f\u00fcnde k\u00f6yl\u00fclerimiz, insanlar\u0131m\u0131z yeniden \u00fcretime y\u00f6nlendirildi. Her aileye 25 ke\u00e7i ve yem deste\u011fi veriliyor. Dolay\u0131s\u0131yla hem istihdam yaratmak, hem hayvanc\u0131l\u0131\u011f\u0131 geli\u015ftirmek, hem de \u00fclke ekonomisine katk\u0131 sunmak ad\u0131na m\u00fcthi\u015f bir proje. Bu konuda, \u00f6zellikle k\u0131rsal kesimdeki insanlar son derece mutlu&#8221; ifadelerini kulland\u0131.<\/p>\n<p>&#8220;Bu destekler aile b\u00fct\u00e7emize \u00f6nemli katk\u0131 sa\u011flayacak&#8221;<\/p>\n<p>Projeden faydalanan \u00e7ift\u00e7ilerden Nuri Ekti, yap\u0131lan deste\u011fin aile ekonomilerine ciddi anlamda katk\u0131 sa\u011flayaca\u011f\u0131n\u0131 belirterek, &#8220;\u00c7ok g\u00fczel bir proje. Devam\u0131n\u0131 bekliyoruz. Yem deste\u011finde de bulunuldu. Biz bu hayvanlar\u0131 \u00e7o\u011faltaca\u011f\u0131z. S\u00fct\u00fcnden, peynirinden ekonomimize b\u00fcy\u00fck bir katk\u0131 olacak&#8221; dedi.<\/p>\n<p>\u00c7ocuklar\u0131n\u0131 hayvanc\u0131l\u0131ktan sa\u011flad\u0131\u011f\u0131 gelirle yeti\u015ftirdi\u011fini s\u00f6yleyen Halime \u015eim\u015fek isimli \u00fcretici, &#8220;\u00c7ok sevin\u00e7liyiz. Zaten k\u00fc\u00e7\u00fckba\u015f hayvan\u0131m\u0131z vard\u0131, art\u0131k bunlar\u0131 da yeti\u015ftirece\u011fiz. \u00c7ocuklar\u0131m\u0131z\u0131 hayvanc\u0131l\u0131kla b\u00fcy\u00fct\u00fcyoruz. Peynir, yo\u011furt yap\u0131yor ve sat\u0131yoruz. Kendimiz de t\u00fcketiyoruz. K\u00f6yde duyduk, yaz\u0131ld\u0131k, \u015fans\u0131m\u0131z\u0131 deneyelim dedik, \u00e7\u0131kt\u0131&#8221; diye konu\u015ftu.<\/p>\n<p>Projeyi k\u00f6y muhtarl\u0131\u011f\u0131ndan duyduktan sonra ba\u015fvurduklar\u0131n\u0131 s\u00f6yleyen Nergiz Yaprak isimli 5 \u00e7ocuk annesi \u00e7ift\u00e7i ise, &#8220;5 \u00e7ocu\u011fum var. Muhtarl\u0131ktan duyduk, ba\u015fvurduk, \u00e7\u0131kt\u0131. Koyuncuyuz zaten. Yo\u011furdu, \u00e7\u00f6kele\u011fi, tereya\u011f\u0131, peyniri \u00fcretip ge\u00e7imimizi sa\u011flayaca\u011f\u0131z. Onlar da olmasa, k\u00f6y yerinde ge\u00e7inmek \u00e7ok zor&#8221; \u015feklinde konu\u015ftu.<\/p>\n","protected":false},"excerpt":{"rendered":"<p>Mersin B\u00fcy\u00fck\u015fehir Belediye Ba\u015fkan\u0131 Vahap Se\u00e7er&#8217;in \u00f6nc\u00fcl\u00fc\u011f\u00fcnde, Tar\u0131msal Hizmetler Dairesi Ba\u015fkanl\u0131\u011f\u0131 taraf\u0131ndan y\u00fcr\u00fct\u00fclen &#8216;Hadi Gel K\u00f6y\u00fcm\u00fcze Destek Verelim&#8217; projesi kapsam\u0131nda Mut&#8217;ta yap\u0131lan da\u011f\u0131t\u0131mda, 4 \u00fcreticiye toplamda 100 adet k\u00fc\u00e7\u00fckba\u015f hayvan &hellip; <a href=\"https:\/\/akdenizolaygazetesi.com\/?p=20202\" class=\"more-link\">Devam\u0131n\u0131 Oku&#8230;<\/a><\/p>\n","protected":false},"author":2,"featured_media":20203,"comment_status":"open","ping_status":"open","sticky":false,"template":"","format":"standard","meta":[],"categories":[34,1,2,3,5],"tags":[],"_links":{"self":[{"href":"https:\/\/akdenizolaygazetesi.com\/index.php?rest_route=\/wp\/v2\/posts\/20202"}],"collection":[{"href":"https:\/\/akdenizolaygazetesi.com\/index.php?rest_route=\/wp\/v2\/posts"}],"about":[{"href":"https:\/\/akdenizolaygazetesi.com\/index.php?rest_route=\/wp\/v2\/types\/post"}],"author":[{"embeddable":true,"href":"https:\/\/akdenizolaygazetesi.com\/index.php?rest_route=\/wp\/v2\/users\/2"}],"replies":[{"embeddable":true,"href":"https:\/\/akdenizolaygazetesi.com\/index.php?rest_route=%2Fwp%2Fv2%2Fcomments&post=20202"}],"version-history":[{"count":1,"href":"https:\/\/akdenizolaygazetesi.com\/index.php?rest_route=\/wp\/v2\/posts\/20202\/revisions"}],"predecessor-version":[{"id":20204,"href":"https:\/\/akdenizolaygazetesi.com\/index.php?rest_route=\/wp\/v2\/posts\/20202\/revisions\/20204"}],"wp:featuredmedia":[{"embeddable":true,"href":"https:\/\/akdenizolaygazetesi.com\/index.php?rest_route=\/wp\/v2\/media\/20203"}],"wp:attachment":[{"href":"https:\/\/akdenizolaygazetesi.com\/index.php?rest_route=%2Fwp%2Fv2%2Fmedia&parent=20202"}],"wp:term":[{"taxonomy":"category","embeddable":true,"href":"https:\/\/akdenizolaygazetesi.com\/index.php?rest_route=%2Fwp%2Fv2%2Fcategories&post=20202"},{"taxonomy":"post_tag","embeddable":true,"href":"https:\/\/akdenizolaygazetesi.com\/index.php?rest_route=%2Fwp%2Fv2%2Ftags&post=20202"}],"curies":[{"name":"wp","href":"https:\/\/api.w.org\/{rel}","templated":true}]}}