{"id":20211,"date":"2022-08-05T12:43:24","date_gmt":"2022-08-05T09:43:24","guid":{"rendered":"http:\/\/akdenizolaygazetesi.com\/?p=20211"},"modified":"2022-08-05T12:43:24","modified_gmt":"2022-08-05T09:43:24","slug":"20211","status":"publish","type":"post","link":"https:\/\/akdenizolaygazetesi.com\/?p=20211","title":{"rendered":""},"content":{"rendered":"<p>Mersin Valisi Ali Hamza Pehlivan, Mersin Tarsus Organize Sanayi B\u00f6lgesi sanayicileri ile bir araya gelmeye devam ediyor.<\/p>\n<p>\u0130lki ge\u00e7ti\u011fimiz ay d\u00fczenlenen ve \u00f6n\u00fcm\u00fczdeki aylarda s\u00fcrd\u00fcr\u00fclecek olan toplant\u0131lara Mersin Tarsus Organize Sanayi B\u00f6lgesi Y\u00f6netim Kurulu Ba\u015fkan\u0131 Sabri Tekli, Y\u00f6netim Kurulu \u00dcyeleri Halit Altun, Seyfetullah I\u015f\u0131k, K\u00fcr\u015fad Haddat, Denetim Kurulu \u00dcyeleri Hasan Y\u0131ld\u0131r\u0131m ve Y\u0131lmaz Aky\u00fcz, B\u00f6lge M\u00fcd\u00fcr\u00fc Halil Y\u0131lmaz ile 11 sanayici kat\u0131l\u0131m sa\u011flad\u0131.<\/p>\n<p>Armada Duvar Ka\u011f\u0131tlar\u0131 Fabrikas\u0131&#8217;nda ger\u00e7ekle\u015fen toplant\u0131da Mersin Valisi Pehlivan, sanayicilerin istek ve \u00f6nerilerini dinleyerek yapt\u0131klar\u0131 \u00e7al\u0131\u015fmalar hakk\u0131nda bilgi ald\u0131.<\/p>\n<p>Toplant\u0131 sonras\u0131nda bir a\u00e7\u0131klama yapan MTOSB Ba\u015fkan\u0131 Sabri Tekli, &#8216;Her ay d\u00fczenli olarak ger\u00e7ekle\u015ftirdi\u011fimiz sanayici bulu\u015fmalar\u0131n\u0131n ikincisini Say\u0131n Valimizin ba\u015fkanl\u0131\u011f\u0131nda yapt\u0131k. \u00d6n\u00fcm\u00fczdeki s\u00fcre\u00e7te de s\u0131k s\u0131k tekrarlayaca\u011f\u0131m\u0131z bu toplant\u0131lar ile MTOSB sanayicilerimizi Valimiz ile bir araya getirerek istek ve \u00f6nerilerini aktarmalar\u0131n\u0131 sa\u011flayaca\u011f\u0131z. Say\u0131n Valimize g\u00f6sterdi\u011fi hassasiyetten dolay\u0131 te\u015fekk\u00fcr ederiz&#8217; dedi.<\/p>\n<p>Vali Pehlivan ve beraberindeki heyet daha sonra Armada Duvar Ka\u011f\u0131tlar\u0131 ve Berdan Civata fabrikalar\u0131nda incelemelerde bulundu. <\/p>\n","protected":false},"excerpt":{"rendered":"<p>Mersin Valisi Ali Hamza Pehlivan, Mersin Tarsus Organize Sanayi B\u00f6lgesi sanayicileri ile bir araya gelmeye devam ediyor. \u0130lki ge\u00e7ti\u011fimiz ay d\u00fczenlenen ve \u00f6n\u00fcm\u00fczdeki aylarda s\u00fcrd\u00fcr\u00fclecek olan toplant\u0131lara Mersin Tarsus Organize &hellip; <a href=\"https:\/\/akdenizolaygazetesi.com\/?p=20211\" class=\"more-link\">Devam\u0131n\u0131 Oku&#8230;<\/a><\/p>\n","protected":false},"author":2,"featured_media":20212,"comment_status":"open","ping_status":"open","sticky":false,"template":"","format":"standard","meta":[],"categories":[8,1,2,3,5],"tags":[],"_links":{"self":[{"href":"https:\/\/akdenizolaygazetesi.com\/index.php?rest_route=\/wp\/v2\/posts\/20211"}],"collection":[{"href":"https:\/\/akdenizolaygazetesi.com\/index.php?rest_route=\/wp\/v2\/posts"}],"about":[{"href":"https:\/\/akdenizolaygazetesi.com\/index.php?rest_route=\/wp\/v2\/types\/post"}],"author":[{"embeddable":true,"href":"https:\/\/akdenizolaygazetesi.com\/index.php?rest_route=\/wp\/v2\/users\/2"}],"replies":[{"embeddable":true,"href":"https:\/\/akdenizolaygazetesi.com\/index.php?rest_route=%2Fwp%2Fv2%2Fcomments&post=20211"}],"version-history":[{"count":1,"href":"https:\/\/akdenizolaygazetesi.com\/index.php?rest_route=\/wp\/v2\/posts\/20211\/revisions"}],"predecessor-version":[{"id":20213,"href":"https:\/\/akdenizolaygazetesi.com\/index.php?rest_route=\/wp\/v2\/posts\/20211\/revisions\/20213"}],"wp:featuredmedia":[{"embeddable":true,"href":"https:\/\/akdenizolaygazetesi.com\/index.php?rest_route=\/wp\/v2\/media\/20212"}],"wp:attachment":[{"href":"https:\/\/akdenizolaygazetesi.com\/index.php?rest_route=%2Fwp%2Fv2%2Fmedia&parent=20211"}],"wp:term":[{"taxonomy":"category","embeddable":true,"href":"https:\/\/akdenizolaygazetesi.com\/index.php?rest_route=%2Fwp%2Fv2%2Fcategories&post=20211"},{"taxonomy":"post_tag","embeddable":true,"href":"https:\/\/akdenizolaygazetesi.com\/index.php?rest_route=%2Fwp%2Fv2%2Ftags&post=20211"}],"curies":[{"name":"wp","href":"https:\/\/api.w.org\/{rel}","templated":true}]}}