{"id":20214,"date":"2022-08-06T16:14:20","date_gmt":"2022-08-06T13:14:20","guid":{"rendered":"http:\/\/akdenizolaygazetesi.com\/?p=20214"},"modified":"2022-08-06T16:14:20","modified_gmt":"2022-08-06T13:14:20","slug":"hedef-100-yilda-super-lig","status":"publish","type":"post","link":"https:\/\/akdenizolaygazetesi.com\/?p=20214","title":{"rendered":"&#8220;Hedef, 100. Y\u0131lda S\u00fcper Lig&#8221;"},"content":{"rendered":"<p>\u0130\u00e7el \u0130dman Yurdu Spor Kul\u00fcb\u00fc y\u00f6netiminin T\u00fcrkiye Futbol Federasyonu&#8217;na (TFF) yapm\u0131\u015f oldu\u011fu ba\u015fvuru olumlu sonu\u00e7land\u0131. \u0130\u00e7el \u0130dman Yurdu, Mersin \u0130dman Yurdu A.\u015e. ad\u0131yla yeni sezonda m\u00fccadele edecek.<\/p>\n<p>Toroslar Belediye Ba\u015fkan\u0131 Ats\u0131z Af\u015f\u0131n Y\u0131lmaz, \u0130\u00e7el \u0130dman Yurdu Kul\u00fcp Ba\u015fkan\u0131 Metin Salt\u0131k ve y\u00f6netimini tebrik ederek; &#8220;Mersinimiz, S\u00fcper Lig&#8217;de bir tak\u0131mla temsil edilmeyi hak ediyor. 97 y\u0131ll\u0131k k\u00f6kl\u00fc bir ge\u00e7mi\u015fe sahip olan Mersin \u0130dman Yurdumuzu, eski g\u00fcnlerine d\u00f6nd\u00fcrmek ve hak etti\u011fi yerlere getirmek en b\u00fcy\u00fck arzumuz&#8221; dedi.<\/p>\n<p>&#8220;Hedef, 100. Y\u0131lda S\u00fcper Lig&#8221;<\/p>\n<p>&#8220;Mersin \u0130dman Yurdu, k\u00fcllerinden yeniden do\u011facak&#8221; diyen Ba\u015fkan Y\u0131lmaz; &#8220;Yeni sezonda 3. lig, 1. grupta m\u00fccadele edecek olan kentimizin temsilcisi \u0130\u00e7el \u0130dman Yurdu&#8217;nun,  Mersin \u0130dman Yurdu A.\u015e. olarak ligdeki yerini alacak olmas\u0131, bizleri \u00e7ok mutlu etti. Mersin \u0130dman Yurdumuzu, kurulu\u015funun 100&#8217;\u00fcnc\u00fc y\u0131l\u0131nda Allah&#8217;\u0131n izniyle, kentimizin deste\u011fiyle S\u00fcper Lig&#8217;e ta\u015f\u0131yaca\u011f\u0131z&#8221; ifadelerini kulland\u0131.<\/p>\n<p>&#8220;Tak\u0131m\u0131m\u0131z\u0131n Her Zaman Yan\u0131nday\u0131z&#8221;<\/p>\n<p>\u0130\u00e7el \u0130dman Yurdu&#8217;na; konaklama ve antrenman yapabilecekleri tesis tahsis ederek ve binlerce taraftar ile destek vererek, k\u0131rm\u0131z\u0131-lacivertlileri yaln\u0131z b\u0131rakmayan Ba\u015fkan Y\u0131lmaz; &#8220;Tak\u0131m\u0131m\u0131z\u0131n her zaman yan\u0131nday\u0131z. \u00c7ocuklar\u0131m\u0131zla, gen\u00e7lerimizle ve hem\u015fehrilerimizle trib\u00fcnlerde yerimizi almaya devam edece\u011fiz. Taraftar, tak\u0131m\u0131n\u0131n yan\u0131nda oldu\u011funda ba\u015far\u0131 ka\u00e7\u0131n\u0131lmazd\u0131r. \u0130\u00e7el \u0130dman Yurdu Spor Kul\u00fcb\u00fc Ba\u015fkan\u0131m\u0131z Metin Salt\u0131k&#8217;\u0131n ba\u015fkanl\u0131\u011f\u0131nda birlik ve beraberlik havas\u0131 i\u00e7inde bir ba\u015far\u0131 ortaya kondu. Biz de elimizden geldi\u011fince destek oluyoruz ve olmaya da devam edece\u011fiz&#8221; \u015feklinde konu\u015ftu.<\/p>\n<p>T\u00fcrkiye Futbol Federasyonu 3. lig, 1. grupta m\u00fccadele edecek olan Mersin \u0130dman Yurdu A.\u015e.; 3 Eyl\u00fcl Cumartesi g\u00fcn\u00fc saat 20.00&#8217;da sahas\u0131nda Amasya Spor&#8217;u a\u011f\u0131rlayacak.<\/p>\n","protected":false},"excerpt":{"rendered":"<p>\u0130\u00e7el \u0130dman Yurdu Spor Kul\u00fcb\u00fc y\u00f6netiminin T\u00fcrkiye Futbol Federasyonu&#8217;na (TFF) yapm\u0131\u015f oldu\u011fu ba\u015fvuru olumlu sonu\u00e7land\u0131. \u0130\u00e7el \u0130dman Yurdu, Mersin \u0130dman Yurdu A.\u015e. ad\u0131yla yeni sezonda m\u00fccadele edecek. Toroslar Belediye Ba\u015fkan\u0131 &hellip; <a href=\"https:\/\/akdenizolaygazetesi.com\/?p=20214\" class=\"more-link\">Devam\u0131n\u0131 Oku&#8230;<\/a><\/p>\n","protected":false},"author":2,"featured_media":20215,"comment_status":"open","ping_status":"open","sticky":false,"template":"","format":"standard","meta":[],"categories":[3,10],"tags":[],"_links":{"self":[{"href":"https:\/\/akdenizolaygazetesi.com\/index.php?rest_route=\/wp\/v2\/posts\/20214"}],"collection":[{"href":"https:\/\/akdenizolaygazetesi.com\/index.php?rest_route=\/wp\/v2\/posts"}],"about":[{"href":"https:\/\/akdenizolaygazetesi.com\/index.php?rest_route=\/wp\/v2\/types\/post"}],"author":[{"embeddable":true,"href":"https:\/\/akdenizolaygazetesi.com\/index.php?rest_route=\/wp\/v2\/users\/2"}],"replies":[{"embeddable":true,"href":"https:\/\/akdenizolaygazetesi.com\/index.php?rest_route=%2Fwp%2Fv2%2Fcomments&post=20214"}],"version-history":[{"count":1,"href":"https:\/\/akdenizolaygazetesi.com\/index.php?rest_route=\/wp\/v2\/posts\/20214\/revisions"}],"predecessor-version":[{"id":20216,"href":"https:\/\/akdenizolaygazetesi.com\/index.php?rest_route=\/wp\/v2\/posts\/20214\/revisions\/20216"}],"wp:featuredmedia":[{"embeddable":true,"href":"https:\/\/akdenizolaygazetesi.com\/index.php?rest_route=\/wp\/v2\/media\/20215"}],"wp:attachment":[{"href":"https:\/\/akdenizolaygazetesi.com\/index.php?rest_route=%2Fwp%2Fv2%2Fmedia&parent=20214"}],"wp:term":[{"taxonomy":"category","embeddable":true,"href":"https:\/\/akdenizolaygazetesi.com\/index.php?rest_route=%2Fwp%2Fv2%2Fcategories&post=20214"},{"taxonomy":"post_tag","embeddable":true,"href":"https:\/\/akdenizolaygazetesi.com\/index.php?rest_route=%2Fwp%2Fv2%2Ftags&post=20214"}],"curies":[{"name":"wp","href":"https:\/\/api.w.org\/{rel}","templated":true}]}}