{"id":20217,"date":"2022-08-06T16:16:06","date_gmt":"2022-08-06T13:16:06","guid":{"rendered":"http:\/\/akdenizolaygazetesi.com\/?p=20217"},"modified":"2022-08-06T16:16:06","modified_gmt":"2022-08-06T13:16:06","slug":"gencler-hem-meslek-kazaniyor-hem-de-is-hayatina-hazirlaniyor","status":"publish","type":"post","link":"https:\/\/akdenizolaygazetesi.com\/?p=20217","title":{"rendered":"GEN\u00c7LER HEM MESLEK KAZANIYOR HEM DE \u0130\u015e HAYATINA HAZIRLANIYOR"},"content":{"rendered":"<p>Mersin B\u00fcy\u00fck\u015fehir Belediye Ba\u015fkan\u0131 Vahap Se\u00e7er \u00f6nc\u00fcl\u00fc\u011f\u00fcnde kurulan Kariyer Merkezi i\u015f arayanlara, \u00f6\u011frencilere ve i\u015fverenlere y\u00f6nelik ba\u015far\u0131l\u0131 projelere imza atmaya devam ediyor. Kariyer Merkezi koordinasyonunda hayata ge\u00e7irilen &#8220;Yetenek D\u00f6n\u00fc\u015f\u00fcm Projesi&#8221; ile gen\u00e7ler hem meslek kazan\u0131yor hem de i\u015f d\u00fcnyas\u0131na haz\u0131rlan\u0131yor. Proje \u00e7er\u00e7evesinde a\u00e7\u0131lan mesleki e\u011fitim program\u0131na kat\u0131lan kursiyerlere y\u00f6nelik, Mersin Ticaret ve Sanayi Odas\u0131&#8217;nda &#8220;Etkili \u0130\u015f Arama Teknikleri&#8221; e\u011fitimi d\u00fczenlendi. <\/p>\n<p>Mersin Ticaret ve Sanayi Odas\u0131, MTSO E\u011fitim ve Kalk\u0131nma Vakf\u0131, Mersin Serbest Muhasebeci Mali M\u00fc\u015favirler Odas\u0131 ve Giri\u015fimci \u0130nsan Kaynaklar\u0131 Derne\u011fi, Mersin Perakendeci \u0130\u015f Adamlar\u0131 Derne\u011fi  i\u015f birli\u011finde ger\u00e7ekle\u015fen seminer program\u0131n\u0131n konu\u011fu, Derya Grup \u0130nsan Kaynaklar\u0131 Direkt\u00f6r\u00fc P\u0131nar \u00d6zer oldu.<\/p>\n<p>Etkili \u0130\u015f Arama Teknikleri E\u011fitimi&#8217;ne yo\u011fun ilgi<\/p>\n<p>Yetenek D\u00f6n\u00fc\u015f\u00fcm Projesi&#8217;nde devam eden 3 mesleki e\u011fitim program\u0131n\u0131n kursiyerlerine y\u00f6nelik Mersin Ticaret ve Sanayi Odas\u0131, MTSO E\u011fitim ve Kalk\u0131nma Vakf\u0131, Mersin Serbest Muhasebeci Mali M\u00fc\u015favirler Odas\u0131 ve Giri\u015fimci \u0130nsan Kaynaklar\u0131 Derne\u011fi, Mersin Perakendeci \u0130\u015f Adamlar\u0131 Derne\u011fi gibi i\u015f d\u00fcnyas\u0131n\u0131n dinamikleri i\u015fbirli\u011finde  &#8220;Etkili \u0130\u015f Arama Teknikleri&#8221; e\u011fitimleri verildi.<\/p>\n<p>B\u00fcy\u00fck\u015fehir Belediyesi Kariyer Merkezi M\u00fcd\u00fcr\u00fc Serkan \u00d6zada, &#8216;Otomasyon, Yapay Zek\u00e2 ve Dijital Teknolojiler&#8217;in \u00e7al\u0131\u015fma hayat\u0131n\u0131 derinden etkiledi\u011fini, i\u015flerin tan\u0131m\u0131, i\u00e7erikleri, \u00e7al\u0131\u015fma \u015fekilleri ve i\u015fverenin bekledi\u011fi yetenek setlerinin de\u011fi\u015fti\u011fi g\u00fcn\u00fcm\u00fczde, Kariyer Merkezi&#8217;nin i\u015f g\u00fcc\u00fc piyasas\u0131n\u0131n dinamikleriyle i\u015fbirli\u011fine dayal\u0131 projelerle de\u011fi\u015fime \u00f6nc\u00fcl\u00fck etti\u011finin alt\u0131n\u0131 \u00e7izdi. \u00d6zada, &#8216;Dijital Liderler Mersin&#8217;de projesi ile kurumlar\u0131 gelece\u011fin i\u015f d\u00fcnyas\u0131na haz\u0131rlamak, dijitalle\u015fme ve insan kaynaklar\u0131 uygulamalar\u0131 konular\u0131ndaki 20 programa 1750 ki\u015finin kat\u0131ld\u0131\u011f\u0131n\u0131, &#8216;Kariyer Mersin&#8217; projesi ile de \u00f6zellikle kentteki \u00fcniversiteler i\u015fbirli\u011finde 5 etkinli\u011fe 9 bin 500 ki\u015finin kat\u0131ld\u0131\u011f\u0131n\u0131 ifade etti. \u00d6zada, ayr\u0131ca &#8216;M\u00fclakat Sim\u00fclasyonu&#8217; projesiyle i\u015f arayan ve i\u015fverenleri bulu\u015fturarak, i\u015f arayanlara m\u00fclakat deneyimi kazand\u0131ran 181 m\u00fclakat sim\u00fclasyonu etkinli\u011fine ise 3 bin 360 ki\u015finin kat\u0131l\u0131m sa\u011flad\u0131\u011f\u0131n\u0131 kaydetti.<\/p>\n<p>Derya Grup \u0130nsan Kaynaklar\u0131 Direkt\u00f6r\u00fc P\u0131nar \u00d6zer ise \u00f6zge\u00e7mi\u015f olu\u015fturma, m\u00fclakatta dikkat edilecek hususlar, yeni nesil i\u015f arama kanallar\u0131, dijital yetkinlikler konular\u0131nda sunum ger\u00e7ekle\u015ftirirken, i\u015f araman\u0131n bir s\u00fcre\u00e7 oldu\u011funu ve bu s\u00fcre\u00e7te umutsuzlu\u011fa kap\u0131lmadan, adaylar\u0131n kendilerini geli\u015ftirmeye devam etmeleri gerekti\u011finin alt\u0131n\u0131 \u00e7izdi.<\/p>\n<p>9 kurs program\u0131 a\u00e7\u0131ld\u0131, 21 kursiyer istihdama kat\u0131ld\u0131<\/p>\n<p>2021 sonunda Mersin \u0130l Milli E\u011fitim M\u00fcd\u00fcrl\u00fc\u011f\u00fc ve Mersin \u0130\u015eKUR ile imzalanan i\u015fbirli\u011fi protokolleri ile hizmet alan\u0131n\u0131 geni\u015fleten Kariyer Merkezi; bir yandan i\u015f g\u00fcc\u00fc piyasas\u0131n\u0131n ihtiya\u00e7 duydu\u011fu mesleklerde sertifikal\u0131 mesleki e\u011fitim programlar\u0131 a\u00e7arken, di\u011fer yandan gen\u00e7leri kurumsal firmalar\u0131n profesyonel y\u00f6neticileriyle bulu\u015fturarak kursiyerlerin i\u015f arama s\u00fcrecine destek sunuyor. 2022&#8217;de Kariyer Merkezi koordinesinde hayata ge\u00e7irilen proje kapsam\u0131nda &#8220;Genel Muhasebe, Lojistik Eleman\u0131, Sat\u0131\u015f Dan\u0131\u015fman\u0131, Y\u00f6netici Asistanl\u0131\u011f\u0131&#8221; alanlar\u0131nda 9 kurs program\u0131 a\u00e7\u0131l\u0131rken, bu programlardan 6&#8217;s\u0131 sona erdi. Projeye 147 kursiyer kat\u0131l\u0131m sa\u011flad\u0131. 72 kursiyer sertifika almaya hak kazan\u0131rken, 21 kursiyer de istihdama kat\u0131ld\u0131.<\/p>\n","protected":false},"excerpt":{"rendered":"<p>Mersin B\u00fcy\u00fck\u015fehir Belediye Ba\u015fkan\u0131 Vahap Se\u00e7er \u00f6nc\u00fcl\u00fc\u011f\u00fcnde kurulan Kariyer Merkezi i\u015f arayanlara, \u00f6\u011frencilere ve i\u015fverenlere y\u00f6nelik ba\u015far\u0131l\u0131 projelere imza atmaya devam ediyor. Kariyer Merkezi koordinasyonunda hayata ge\u00e7irilen &#8220;Yetenek D\u00f6n\u00fc\u015f\u00fcm Projesi&#8221; &hellip; <a href=\"https:\/\/akdenizolaygazetesi.com\/?p=20217\" class=\"more-link\">Devam\u0131n\u0131 Oku&#8230;<\/a><\/p>\n","protected":false},"author":2,"featured_media":20218,"comment_status":"open","ping_status":"open","sticky":false,"template":"","format":"standard","meta":[],"categories":[3,5],"tags":[],"_links":{"self":[{"href":"https:\/\/akdenizolaygazetesi.com\/index.php?rest_route=\/wp\/v2\/posts\/20217"}],"collection":[{"href":"https:\/\/akdenizolaygazetesi.com\/index.php?rest_route=\/wp\/v2\/posts"}],"about":[{"href":"https:\/\/akdenizolaygazetesi.com\/index.php?rest_route=\/wp\/v2\/types\/post"}],"author":[{"embeddable":true,"href":"https:\/\/akdenizolaygazetesi.com\/index.php?rest_route=\/wp\/v2\/users\/2"}],"replies":[{"embeddable":true,"href":"https:\/\/akdenizolaygazetesi.com\/index.php?rest_route=%2Fwp%2Fv2%2Fcomments&post=20217"}],"version-history":[{"count":1,"href":"https:\/\/akdenizolaygazetesi.com\/index.php?rest_route=\/wp\/v2\/posts\/20217\/revisions"}],"predecessor-version":[{"id":20219,"href":"https:\/\/akdenizolaygazetesi.com\/index.php?rest_route=\/wp\/v2\/posts\/20217\/revisions\/20219"}],"wp:featuredmedia":[{"embeddable":true,"href":"https:\/\/akdenizolaygazetesi.com\/index.php?rest_route=\/wp\/v2\/media\/20218"}],"wp:attachment":[{"href":"https:\/\/akdenizolaygazetesi.com\/index.php?rest_route=%2Fwp%2Fv2%2Fmedia&parent=20217"}],"wp:term":[{"taxonomy":"category","embeddable":true,"href":"https:\/\/akdenizolaygazetesi.com\/index.php?rest_route=%2Fwp%2Fv2%2Fcategories&post=20217"},{"taxonomy":"post_tag","embeddable":true,"href":"https:\/\/akdenizolaygazetesi.com\/index.php?rest_route=%2Fwp%2Fv2%2Ftags&post=20217"}],"curies":[{"name":"wp","href":"https:\/\/api.w.org\/{rel}","templated":true}]}}