{"id":20226,"date":"2022-08-06T16:25:48","date_gmt":"2022-08-06T13:25:48","guid":{"rendered":"http:\/\/akdenizolaygazetesi.com\/?p=20226"},"modified":"2022-08-06T16:25:48","modified_gmt":"2022-08-06T13:25:48","slug":"halkiniza-deger-verirseniz-buyuk-bir-ulke-olursunuz","status":"publish","type":"post","link":"https:\/\/akdenizolaygazetesi.com\/?p=20226","title":{"rendered":"\u201cHalk\u0131n\u0131za de\u011fer verirseniz b\u00fcy\u00fck bir \u00fclke olursunuz\u201d"},"content":{"rendered":"<p>Akdeniz Belediye Ba\u015fkan\u0131 M. Mustafa G\u00fcltak, Roman vatanda\u015flar\u0131 da unutmad\u0131; K\u00fclt\u00fcr ve Sosyal \u0130\u015fler M\u00fcd\u00fcrl\u00fc\u011f\u00fc\u2019n\u00fcn Turgut Reis Mahallesi\u2019ne kazand\u0131rd\u0131\u011f\u0131 K\u00fclt\u00fcr ve Sanat Evi t\u00f6renle hizmete a\u00e7\u0131ld\u0131. Merkezin a\u00e7\u0131l\u0131\u015f\u0131 ile Akdeniz\u2019de kad\u0131nlar ve gen\u00e7lere hizmet veren mahalle evlerinin say\u0131s\u0131 11\u2019e \u00e7\u0131kt\u0131.<br \/>\nTurgut Reis Mahallesi\u2019nde ya\u015fayan kad\u0131nlar\u0131n \u00e7ok b\u00fcy\u00fck bir ilgi g\u00f6sterdi\u011fi a\u00e7\u0131l\u0131\u015f t\u00f6renine; Akdeniz Belediye Ba\u015fkan\u0131 M. Mustafa G\u00fcltak, ba\u015fkan yard\u0131mc\u0131lar\u0131, meclis \u00fcyeleri, Roman dernekleri temsilcileri, muhtarlar ve a\u011f\u0131rl\u0131\u011f\u0131n\u0131 kad\u0131nlar\u0131n olu\u015fturdu\u011fu mahalle sakinleri kat\u0131ld\u0131. Merkezin a\u00e7\u0131l\u0131\u015f\u0131nda konu\u015fan Ba\u015fkan G\u00fcltak, kad\u0131nlar\u0131n rahatl\u0131kla gelip diledi\u011fi kurs veya e\u011fitimi alabilece\u011fi, spor yapabilece\u011fi, kursiyer annelerin \u00e7ocuklar\u0131na kre\u015f hizmeti de verecek merkezin a\u00e7\u0131l\u0131\u015f\u0131ndan duydu\u011fu mutlulu\u011fu dile getirdi.<br \/>\n\u201cHalk\u0131n\u0131za de\u011fer verirseniz b\u00fcy\u00fck bir \u00fclke olursunuz\u201d<br \/>\nS\u00f6zlerini; \u201cTurgut Reis mahallemizde ilk kez b\u00f6ylesi bir k\u00fclt\u00fcr ve sanat evi hizmete a\u00e7\u0131l\u0131yor. Bug\u00fcne kadar hi\u00e7 kimse bu b\u00f6lgede bir mahalle evi a\u00e7may\u0131 d\u00fc\u015f\u00fcnmemi\u015f\u201d \u015feklinde s\u00fcrd\u00fcren Ba\u015fkan G\u00fcltak, \u201cHalk\u0131n\u0131za, milletinize de\u011fer verirseniz b\u00fcy\u00fck bir \u00fclke olursunuz. Biz ilkleri yap\u0131yoruz, yapmaya da devam edece\u011fiz. Kentsel d\u00f6n\u00fc\u015f\u00fcm projesinin h\u0131zla s\u00fcrd\u00fc\u011f\u00fc Bar\u0131\u015f Mahallemizde de \u00e7ok daha b\u00fcy\u00fck k\u00fclt\u00fcr ve sanat evi yap\u0131lacak. Binalar\u0131m\u0131z da h\u0131zla y\u00fckseliyor. Seneye de in\u015fallah teslim alaca\u011f\u0131z. \u0130\u00e7inde 800 metrekare b\u00fcy\u00fckl\u00fc\u011fe sahip bir k\u00fclt\u00fcr evimiz olacak, burada ayr\u0131ca kre\u015f ve cami de yer alacak. Bar\u0131\u015f Mahallemizi \u00e7ok modern bir yap\u0131ya kavu\u015fturuyoruz. \u015eehrimizi yap\u0131land\u0131r\u0131yor, yeniden ya\u015fanabilecek hale getiriyoruz\u201d ifadelerini kulland\u0131. Kentsel d\u00f6n\u00fc\u015f\u00fcm\u00fcn \u00f6nemine de vurgu yapan Ba\u015fkan Mustafa G\u00fcltak, 2024 y\u0131l\u0131 yerel se\u00e7imlerinde yeniden se\u00e7ilip g\u00f6reve gelmesi halinde, Mersin kent merkezinde yer alan Bah\u00e7e ve Turgut Reis mahallelerinde de yerinde kentsel d\u00f6n\u00fc\u015f\u00fcm projesini hayata ge\u00e7irmek istediklerinin alt\u0131n\u0131 \u00e7izdi.<br \/>\n\u201cMutlu kad\u0131n, mutlu aile, mutlu toplum\u201d<br \/>\n\u201cBenim felsefem \u015fu; mutla kad\u0131n, mutlu aile, mutlu toplum, mutlu ve kuvvetli devlettir. Ben kad\u0131nlara g\u00fcveniyorum. Onlar se\u00e7im zaman\u0131 geldi\u011finde kendilerine, e\u015flerine ve \u00e7ocuklar\u0131na farkl\u0131 imk\u00e2n ve f\u0131rsatlar\u0131n tan\u0131nabilece\u011fini g\u00f6rd\u00fcler art\u0131k. Bu f\u0131rsat\u0131 ka\u00e7\u0131racaklar\u0131n\u0131 da d\u00fc\u015f\u00fcnm\u00fcyorum. Bunlar\u0131n hi\u00e7 biri bug\u00fcne kadar yap\u0131lmam\u0131\u015f. Havuzumuz a\u00e7\u0131ld\u0131, \u00e7ocuklar\u0131m\u0131z c\u0131v\u0131l c\u0131v\u0131l y\u00fcz\u00fcyor. Y\u0131lmaz G\u00fcney Gen\u00e7lik Merkezi i\u00e7inde de bir havuz a\u00e7\u0131yoruz. Dezavantajl\u0131 ailelerimizin \u00e7ocuklar\u0131n\u0131 Silifke kamp\u0131na g\u00f6t\u00fcr\u00fcyoruz. Hayat\u0131nda denize gitmemi\u015f ailelerimizi kampa ta\u015f\u0131yoruz\u201d dedi.<br \/>\nBelediyenin \u00fccretsiz et\u00fct merkezinde yeni hedef bin \u00f6\u011frenci kapasitesi<br \/>\nE\u011fitime b\u00fcy\u00fck \u00f6nem verdiklerinin de alt\u0131n\u0131 \u00e7izen Ba\u015fkan G\u00fcltak, ge\u00e7en y\u0131l girdi\u011fi YKS s\u0131nav\u0131nda iyi bir s\u0131ralama ve ba\u015far\u0131 elde ederek Amasya \u00dcniversitesi T\u0131p Fak\u00fcltesi&#8217;ni kazanan \u0130clal Kurt ve bu y\u0131lki YKS\u2019de say\u0131salda \u00e7ekti\u011fi 543 puanla T\u00fcrkiye 496\u2019nc\u0131s\u0131 ve Akdeniz birincisi olan Deniz Bar\u00e7atay\u2019\u0131n \u00f6rne\u011fini verdi.<br \/>\nBa\u015fkan G\u00fcltak, \u201cBu sene 10\u2019un \u00fczerinde \u00f6\u011frencimiz de girdikleri YKS s\u0131nav\u0131nda T\u00fcrkiye\u2019de ilk 10 binin i\u00e7ine girme ba\u015far\u0131s\u0131 elde etti. G\u00f6kdelen\u2019in 29\u2019uncu kat\u0131nda, et\u00fct merkezimize 400 \u00f6\u011frencimiz kat\u0131ld\u0131. Bu sene Eyl\u00fcl ay\u0131ndan sonra en az bin \u00f6\u011frenciye ula\u015fmay\u0131 hedefliyoruz\u201d dedi. Hatay, Gaziantep veya Mut\u2019a d\u00fczenlenen tarih, do\u011fa ve k\u00fclt\u00fcr gezilerini hat\u0131rlatan Ba\u015fkan G\u00fcltak, bu etkinliklere kat\u0131lmalar\u0131 i\u00e7in mahalleli kad\u0131nlara \u00e7a\u011fr\u0131da da bulundu.<br \/>\nAkdeniz\u2019de K\u00fclt\u00fcr ve Sanat Evi say\u0131s\u0131 11\u2019e y\u00fckseldi<br \/>\nBa\u015fkan Mustafa G\u00fcltak\u2019\u0131n konu\u015fmas\u0131n\u0131n ard\u0131ndan merkezin a\u00e7\u0131l\u0131\u015f kurdelesi kesildi. Merkezde \u00e7e\u015fitli kurs alan ve duygular\u0131n\u0131 payla\u015fan Turgut Reis Mahallesi sakini kad\u0131nlar, kendilerine ilk kez bu imk\u00e2n\u0131 sa\u011flayan Akdeniz Belediye Ba\u015fkan\u0131 Mustafa G\u00fcltak ve K\u00fclt\u00fcr Sosyal \u0130\u015fler M\u00fcd\u00fcrl\u00fc\u011f\u00fc\u2019ne te\u015fekk\u00fcr etti.<br \/>\nTurgut Reis Mahallesi\u2019nde a\u00e7\u0131lan k\u00fclt\u00fcr ve sanat evi ile birlikte Akdeniz il\u00e7e genelinde hizmet veren merkezlerin say\u0131s\u0131 11\u2019e y\u00fckseldi. Bu merkezlere devam eden kad\u0131nlar; tak\u0131 tasar\u0131m, el sanatlar\u0131, haz\u0131r giyim, kuaf\u00f6rl\u00fck, m\u00fczik ve spor gibi alanlarda kurslar g\u00f6rerek kendilerini geli\u015ftirme f\u0131rsat\u0131 buluyor, istihdam \u015fanslar\u0131 art\u0131yor. Kursiyer annelerin k\u00fc\u00e7\u00fck \u00e7ocuklar\u0131 da kre\u015f s\u0131n\u0131flar\u0131nda hem e\u011fleniyor, hem \u00f6\u011freniyor. Kursiyer kad\u0131n ve gen\u00e7ler k\u00fclt\u00fcr, tarih ve do\u011fa gezilerine kat\u0131lma ve sosyalle\u015fme imk\u00e2n\u0131 da elde ediyor. <\/p>\n","protected":false},"excerpt":{"rendered":"<p>Akdeniz Belediye Ba\u015fkan\u0131 M. Mustafa G\u00fcltak, Roman vatanda\u015flar\u0131 da unutmad\u0131; K\u00fclt\u00fcr ve Sosyal \u0130\u015fler M\u00fcd\u00fcrl\u00fc\u011f\u00fc\u2019n\u00fcn Turgut Reis Mahallesi\u2019ne kazand\u0131rd\u0131\u011f\u0131 K\u00fclt\u00fcr ve Sanat Evi t\u00f6renle hizmete a\u00e7\u0131ld\u0131. Merkezin a\u00e7\u0131l\u0131\u015f\u0131 ile Akdeniz\u2019de &hellip; <a href=\"https:\/\/akdenizolaygazetesi.com\/?p=20226\" class=\"more-link\">Devam\u0131n\u0131 Oku&#8230;<\/a><\/p>\n","protected":false},"author":2,"featured_media":20227,"comment_status":"open","ping_status":"open","sticky":false,"template":"","format":"standard","meta":[],"categories":[34,1,2,3,5],"tags":[],"_links":{"self":[{"href":"https:\/\/akdenizolaygazetesi.com\/index.php?rest_route=\/wp\/v2\/posts\/20226"}],"collection":[{"href":"https:\/\/akdenizolaygazetesi.com\/index.php?rest_route=\/wp\/v2\/posts"}],"about":[{"href":"https:\/\/akdenizolaygazetesi.com\/index.php?rest_route=\/wp\/v2\/types\/post"}],"author":[{"embeddable":true,"href":"https:\/\/akdenizolaygazetesi.com\/index.php?rest_route=\/wp\/v2\/users\/2"}],"replies":[{"embeddable":true,"href":"https:\/\/akdenizolaygazetesi.com\/index.php?rest_route=%2Fwp%2Fv2%2Fcomments&post=20226"}],"version-history":[{"count":1,"href":"https:\/\/akdenizolaygazetesi.com\/index.php?rest_route=\/wp\/v2\/posts\/20226\/revisions"}],"predecessor-version":[{"id":20228,"href":"https:\/\/akdenizolaygazetesi.com\/index.php?rest_route=\/wp\/v2\/posts\/20226\/revisions\/20228"}],"wp:featuredmedia":[{"embeddable":true,"href":"https:\/\/akdenizolaygazetesi.com\/index.php?rest_route=\/wp\/v2\/media\/20227"}],"wp:attachment":[{"href":"https:\/\/akdenizolaygazetesi.com\/index.php?rest_route=%2Fwp%2Fv2%2Fmedia&parent=20226"}],"wp:term":[{"taxonomy":"category","embeddable":true,"href":"https:\/\/akdenizolaygazetesi.com\/index.php?rest_route=%2Fwp%2Fv2%2Fcategories&post=20226"},{"taxonomy":"post_tag","embeddable":true,"href":"https:\/\/akdenizolaygazetesi.com\/index.php?rest_route=%2Fwp%2Fv2%2Ftags&post=20226"}],"curies":[{"name":"wp","href":"https:\/\/api.w.org\/{rel}","templated":true}]}}