{"id":20229,"date":"2022-08-07T10:45:11","date_gmt":"2022-08-07T07:45:11","guid":{"rendered":"http:\/\/akdenizolaygazetesi.com\/?p=20229"},"modified":"2022-08-07T10:45:11","modified_gmt":"2022-08-07T07:45:11","slug":"mersin-buyuksehirin-yaz-dostum-konserleri-ile-yaz-aksamlari-dolu-dolu-geciyor","status":"publish","type":"post","link":"https:\/\/akdenizolaygazetesi.com\/?p=20229","title":{"rendered":"MERS\u0130N B\u00dcY\u00dcK\u015eEH\u0130R&#8217;\u0130N &#8220;YAZ DOSTUM&#8221; KONSERLER\u0130 \u0130LE YAZ AK\u015eAMLARI DOLU DOLU GE\u00c7\u0130YOR"},"content":{"rendered":"<p>Mersin B\u00fcy\u00fck\u015fehir Belediyesi K\u00fclt\u00fcr ve Sosyal \u0130\u015fler Dairesi \u00f6nc\u00fcl\u00fc\u011f\u00fcnde d\u00fczenlenen &#8220;Yaz Dostum&#8221; konserleriyle, vatanda\u015flar keyifli yaz ak\u015famlar\u0131 ge\u00e7iriyor. Mersinli vatanda\u015flar\u0131n yan\u0131 s\u0131ra, tatil i\u00e7in Mersin&#8217;e gelen \u00e7ok say\u0131da vatanda\u015f, d\u00fczenlenen konserlerde doyas\u0131ya e\u011flenerek tatilin tad\u0131n\u0131 \u00e7\u0131kar\u0131yor.<\/p>\n<p>M\u00fczikseverler, &#8216;Yaz Dostum&#8217; konserlerinde bulu\u015fuyor<\/p>\n<p>B\u00fcy\u00fck\u015fehir Belediyesi, kent genelinde k\u00fclt\u00fcrel ve sanatsal etkinlikleri yaymak i\u00e7in bir\u00e7ok etkinlik d\u00fczenlerken, 7&#8217;den 70&#8217;e herkesin sosyalle\u015fmesi ve m\u00fczi\u011fe doymas\u0131 i\u00e7in d\u00fczenledi\u011fi konserleri de s\u00fcrd\u00fcr\u00fcyor.<\/p>\n<p>Erdemli il\u00e7esi T\u00f6m\u00fck Mahallesi \u00d6ner Sitesi \u00f6n\u00fcnde ger\u00e7ekle\u015ftirilen konserde, sevilen sanat\u00e7\u0131 Haluk \u015ea\u015f sahne ald\u0131. T\u00fcrk pop m\u00fczi\u011finin 80&#8217;li ve 90&#8217;l\u0131 y\u0131llara ait birbirinden g\u00fczel par\u00e7alar\u0131n\u0131n hep bir a\u011f\u0131zdan s\u00f6ylendi\u011fi konsere, vatanda\u015flar yo\u011fun ilgi g\u00f6sterdi. Haluk \u015ea\u015f, 10 ki\u015filik m\u00fczisyen ekibiyle seslendirdi\u011fi 40 par\u00e7ayla ba\u015far\u0131l\u0131 bir performans sergiledi. B\u00fcy\u00fck\u015fehir Belediyesi&#8217;nin etkinlik takvimine g\u00f6re farkl\u0131 konseptlerde haz\u0131rlanan konserler devam edecek.<\/p>\n","protected":false},"excerpt":{"rendered":"<p>Mersin B\u00fcy\u00fck\u015fehir Belediyesi K\u00fclt\u00fcr ve Sosyal \u0130\u015fler Dairesi \u00f6nc\u00fcl\u00fc\u011f\u00fcnde d\u00fczenlenen &#8220;Yaz Dostum&#8221; konserleriyle, vatanda\u015flar keyifli yaz ak\u015famlar\u0131 ge\u00e7iriyor. Mersinli vatanda\u015flar\u0131n yan\u0131 s\u0131ra, tatil i\u00e7in Mersin&#8217;e gelen \u00e7ok say\u0131da vatanda\u015f, d\u00fczenlenen &hellip; <a href=\"https:\/\/akdenizolaygazetesi.com\/?p=20229\" class=\"more-link\">Devam\u0131n\u0131 Oku&#8230;<\/a><\/p>\n","protected":false},"author":2,"featured_media":20230,"comment_status":"open","ping_status":"open","sticky":false,"template":"","format":"standard","meta":[],"categories":[3],"tags":[],"_links":{"self":[{"href":"https:\/\/akdenizolaygazetesi.com\/index.php?rest_route=\/wp\/v2\/posts\/20229"}],"collection":[{"href":"https:\/\/akdenizolaygazetesi.com\/index.php?rest_route=\/wp\/v2\/posts"}],"about":[{"href":"https:\/\/akdenizolaygazetesi.com\/index.php?rest_route=\/wp\/v2\/types\/post"}],"author":[{"embeddable":true,"href":"https:\/\/akdenizolaygazetesi.com\/index.php?rest_route=\/wp\/v2\/users\/2"}],"replies":[{"embeddable":true,"href":"https:\/\/akdenizolaygazetesi.com\/index.php?rest_route=%2Fwp%2Fv2%2Fcomments&post=20229"}],"version-history":[{"count":1,"href":"https:\/\/akdenizolaygazetesi.com\/index.php?rest_route=\/wp\/v2\/posts\/20229\/revisions"}],"predecessor-version":[{"id":20231,"href":"https:\/\/akdenizolaygazetesi.com\/index.php?rest_route=\/wp\/v2\/posts\/20229\/revisions\/20231"}],"wp:featuredmedia":[{"embeddable":true,"href":"https:\/\/akdenizolaygazetesi.com\/index.php?rest_route=\/wp\/v2\/media\/20230"}],"wp:attachment":[{"href":"https:\/\/akdenizolaygazetesi.com\/index.php?rest_route=%2Fwp%2Fv2%2Fmedia&parent=20229"}],"wp:term":[{"taxonomy":"category","embeddable":true,"href":"https:\/\/akdenizolaygazetesi.com\/index.php?rest_route=%2Fwp%2Fv2%2Fcategories&post=20229"},{"taxonomy":"post_tag","embeddable":true,"href":"https:\/\/akdenizolaygazetesi.com\/index.php?rest_route=%2Fwp%2Fv2%2Ftags&post=20229"}],"curies":[{"name":"wp","href":"https:\/\/api.w.org\/{rel}","templated":true}]}}