{"id":20236,"date":"2022-08-08T12:26:03","date_gmt":"2022-08-08T09:26:03","guid":{"rendered":"http:\/\/akdenizolaygazetesi.com\/?p=20236"},"modified":"2022-08-08T12:26:03","modified_gmt":"2022-08-08T09:26:03","slug":"buyuksehir-belediyesi-kent-orkestrasi-kizkalesinde-konser-verdi","status":"publish","type":"post","link":"https:\/\/akdenizolaygazetesi.com\/?p=20236","title":{"rendered":"B\u00dcY\u00dcK\u015eEH\u0130R BELED\u0130YES\u0130 KENT ORKESTRASI KIZKALES\u0130&#8217;NDE KONSER VERD\u0130"},"content":{"rendered":"<p>Mersin B\u00fcy\u00fck\u015fehir Belediyesi K\u00fclt\u00fcr ve Sosyal \u0130\u015fler Dairesi b\u00fcnyesinde faaliyet y\u00fcr\u00fcten Kent Orkestras\u0131, kenti ezgilerle dolduruyor. Yaz boyunca bir\u00e7ok noktada konser veren Kent Orkestras\u0131, bu kez de Erdemli il\u00e7esi K\u0131zkalesi Mahallesi&#8217;nde vatanda\u015flarla bulu\u015ftu.<br \/>\nTatil, spor, m\u00fczik bir arada<br \/>\nB\u00fcy\u00fck\u015fehir Belediyesi ve T\u00fcrkiye Voleybol Federasyonu (TVF) i\u015fbirli\u011fi ile d\u00fczenlenen &#8216;Pro Beach Tour Plaj Voleybolu T\u00fcrkiye Turu Mersin Etab\u0131&#8217; K\u0131zkalesi sahilinde start vermi\u015fti. 17 erkek, 12 kad\u0131n tak\u0131m\u0131n\u0131n k\u0131yas\u0131ya m\u00fccadele etti\u011fi, T\u00fcrkiye&#8217;nin yan\u0131 s\u0131ra KKTC ve Ukrayna&#8217;dan da sporcular\u0131n kat\u0131ld\u0131\u011f\u0131 turnuvalar\u0131n ak\u015fam\u0131nda K\u0131zkalesi sahilinde, B\u00fcy\u00fck\u015fehir Kent Orkestras\u0131 sahne ald\u0131. Pop m\u00fczi\u011finin birbirinden g\u00fczel eserlerinin seslendirildi\u011fi konserde hem Mersinliler, hem de tatil i\u00e7in Mersin&#8217;e gelen vatanda\u015flar keyifli bir yaz ak\u015fam\u0131 ge\u00e7irdi.<br \/>\n&#8220;Dolu dolu e\u011flendik&#8221;<br \/>\n\u0130ngiltere&#8217;den tatil i\u00e7in K\u0131zkalesi&#8217;ne gelen Emrah Tereci, g\u00fcn i\u00e7inde voleybol turnuvalar\u0131n\u0131 izleyip, ak\u015fam da konser etkinli\u011fine kat\u0131ld\u0131\u011f\u0131n\u0131 ifade ederek, &#8220;\u00c7ok g\u00fczel. \u0130lk defa b\u00f6yle bir e\u011flence ya\u015f\u0131yoruz. Dolu dolu e\u011flendik. 2 g\u00fcn\u00fcm\u00fcz daha var. \u0130nanam\u0131yorum, her \u015fey muhte\u015fem&#8221; dedi.<br \/>\nAdana&#8217;dan tatil i\u00e7in gelen \u0130clal Ekici de &#8220;\u00c7ok g\u00fczel. \u00c7ok memnun olduk, te\u015fekk\u00fcr ediyoruz Mersin B\u00fcy\u00fck\u015fehir Belediyesi&#8217;ne. \u0130nsanlar\u0131 bu kadar mutlu ediyor, bu kadar e\u011flendiriyor. \u00c7ok g\u00fczel bir ba\u015far\u0131, tebrik ediyorum&#8221; diye konu\u015ftu.<br \/>\nMarina Akustik Sahne&#8217;den de ezgiler y\u00fckseldi<br \/>\nB\u00fcy\u00fck\u015fehir&#8217;in K\u00fclt\u00fcr Park&#8217;ta Cuma ve Cumartesi ak\u015famlar\u0131 d\u00fczenledi\u011fi &#8220;Akustik Konserler&#8221; kapsam\u0131nda Marina Akustik Sahne&#8217;de ger\u00e7ekle\u015fen konserlere kat\u0131lan Mersinliler de, canl\u0131 m\u00fczik e\u015fli\u011finde keyifli bir yaz ak\u015fam\u0131 ya\u015fad\u0131. Marina Akustik Sahne&#8217;de 19.00&#8217;da DJ performans\u0131 ile ba\u015flay\u0131p 21.00-23.30 saatleri aras\u0131nda devam eden konserlerde, her ya\u015ftan Mersinli ayn\u0131 \u015fark\u0131larda bir araya geliyor. B\u00fcy\u00fck\u015fehir&#8217;in \u00fccretsiz konserleri ile hem yerel m\u00fczisyenlere katk\u0131 sa\u011flan\u0131yor, hem de Mersinliler m\u00fczi\u011fe doyuyor.<br \/>\nB\u00fcy\u00fck\u015fehir&#8217;in e\u015f zamanl\u0131 konser program\u0131 aras\u0131nda ayr\u0131ca, B\u00fcy\u00fck\u015fehir Belediyesi T\u00fcrk Halk M\u00fczi\u011fi Toplulu\u011fu da Silifke il\u00e7esinde \u00c7alt\u0131bozk\u0131r Lavanta Hasat Toplama \u015eenli\u011fi&#8217;nde etkinli\u011fe kat\u0131lan vatanda\u015flar i\u00e7in, keyifli bir konser verdi.  <\/p>\n","protected":false},"excerpt":{"rendered":"<p>Mersin B\u00fcy\u00fck\u015fehir Belediyesi K\u00fclt\u00fcr ve Sosyal \u0130\u015fler Dairesi b\u00fcnyesinde faaliyet y\u00fcr\u00fcten Kent Orkestras\u0131, kenti ezgilerle dolduruyor. Yaz boyunca bir\u00e7ok noktada konser veren Kent Orkestras\u0131, bu kez de Erdemli il\u00e7esi K\u0131zkalesi &hellip; <a href=\"https:\/\/akdenizolaygazetesi.com\/?p=20236\" class=\"more-link\">Devam\u0131n\u0131 Oku&#8230;<\/a><\/p>\n","protected":false},"author":2,"featured_media":20237,"comment_status":"open","ping_status":"open","sticky":false,"template":"","format":"standard","meta":[],"categories":[2,3,5],"tags":[],"_links":{"self":[{"href":"https:\/\/akdenizolaygazetesi.com\/index.php?rest_route=\/wp\/v2\/posts\/20236"}],"collection":[{"href":"https:\/\/akdenizolaygazetesi.com\/index.php?rest_route=\/wp\/v2\/posts"}],"about":[{"href":"https:\/\/akdenizolaygazetesi.com\/index.php?rest_route=\/wp\/v2\/types\/post"}],"author":[{"embeddable":true,"href":"https:\/\/akdenizolaygazetesi.com\/index.php?rest_route=\/wp\/v2\/users\/2"}],"replies":[{"embeddable":true,"href":"https:\/\/akdenizolaygazetesi.com\/index.php?rest_route=%2Fwp%2Fv2%2Fcomments&post=20236"}],"version-history":[{"count":1,"href":"https:\/\/akdenizolaygazetesi.com\/index.php?rest_route=\/wp\/v2\/posts\/20236\/revisions"}],"predecessor-version":[{"id":20238,"href":"https:\/\/akdenizolaygazetesi.com\/index.php?rest_route=\/wp\/v2\/posts\/20236\/revisions\/20238"}],"wp:featuredmedia":[{"embeddable":true,"href":"https:\/\/akdenizolaygazetesi.com\/index.php?rest_route=\/wp\/v2\/media\/20237"}],"wp:attachment":[{"href":"https:\/\/akdenizolaygazetesi.com\/index.php?rest_route=%2Fwp%2Fv2%2Fmedia&parent=20236"}],"wp:term":[{"taxonomy":"category","embeddable":true,"href":"https:\/\/akdenizolaygazetesi.com\/index.php?rest_route=%2Fwp%2Fv2%2Fcategories&post=20236"},{"taxonomy":"post_tag","embeddable":true,"href":"https:\/\/akdenizolaygazetesi.com\/index.php?rest_route=%2Fwp%2Fv2%2Ftags&post=20236"}],"curies":[{"name":"wp","href":"https:\/\/api.w.org\/{rel}","templated":true}]}}