{"id":2024,"date":"2020-11-04T18:22:31","date_gmt":"2020-11-04T15:22:31","guid":{"rendered":"http:\/\/mersinekonomipolitikagazetesi.com\/?p=2024"},"modified":"2020-11-04T18:22:31","modified_gmt":"2020-11-04T15:22:31","slug":"vatandas-ile-yakin-temas-kurulmalidir","status":"publish","type":"post","link":"https:\/\/akdenizolaygazetesi.com\/?p=2024","title":{"rendered":"\u201cVATANDA\u015e \u0130LE YAKIN TEMAS KURULMALIDIR\u201d"},"content":{"rendered":"<p>Mersin Ticaret Borsas\u0131 Y\u00f6netim Kurulu Ba\u015fkan\u0131 Abdullah \u00d6zdemir, vatanda\u015f olarak milletvekili adaylar\u0131ndan baz\u0131 beklentilerin istenilmesi konusunun do\u011fal bir durum oldu\u011funu s\u00f6yledi.<\/p>\n<blockquote type=\"cite\">\n<div dir=\"ltr\">\n<p><span style=\"font-size:16px;\">Mersin Ticaret Borsas\u0131 Y\u00f6netim Kurulu Ba\u015fkan\u0131 Abdullah \u00d6zdemir, 24 Haziran se\u00e7imlerin yakla\u015fmas\u0131yla birlikte vatanda\u015f olarak milletvekili adaylar\u0131na se\u00e7im \u00e7al\u0131\u015fmalar\u0131 s\u0131ras\u0131nda yap\u0131lmas\u0131 gereken bir ka\u00e7 \u00f6neri sundu.<\/span><\/p>\n<p>\u00a0<\/p>\n<p><span style=\"font-size:16px;\">Yakla\u015fan se\u00e7imi de\u011ferlendiren \u00d6zdemir: \u201cMilletvekili se\u00e7imlerine 3 haftadan daha az bir s\u00fcre kald\u0131. Yakla\u015f\u0131k 1 milyon 250 bin se\u00e7menin bulundu\u011fu ilimizde, 100\u2019den fazla aday, Mersin\u2019den \u00e7\u0131kacak 13 milletvekili aras\u0131na girme m\u00fccadelesi veriyor. Elbette bu se\u00e7imde adaylar\u0131n se\u00e7ilme \u015fanslar\u0131 e\u015fit de\u011fil. Baz\u0131 adaylar\u0131n gerek partilerinden gerekse s\u0131ralamadaki yerlerinden dolay\u0131 daha \u015fansl\u0131 olduklar\u0131 a\u00e7\u0131k bir ger\u00e7ek.\u201d dedi.<\/span><\/p>\n<p>\u00a0<\/p>\n<p><span style=\"font-size:16px;\">\u201cYEN\u0130 S\u0130STEM\u0130N \u0130LK SE\u00c7\u0130MLER\u0130\u201d<\/span><\/p>\n<p>\u00a0<\/p>\n<p><span style=\"font-size:16px;\">Bu se\u00e7imin bir\u00e7ok anlamda ilklerin se\u00e7imi olaca\u011f\u0131n\u0131 belirten \u00d6zdemir: \u201c\u0130lk kez uygulanan ittifaklar\u0131n se\u00e7im sonu\u00e7lar\u0131 \u00fczerindeki yans\u0131malar\u0131n\u0131 hep birlikte g\u00f6rece\u011fiz. \u0130ttifak d\u0131\u015f\u0131 kalan partilerin baraj\u0131 a\u015f\u0131p, a\u015famayacaklar\u0131 hem \u00fclkemiz hem de ilimizde milletvekilli\u011fi da\u011f\u0131l\u0131m\u0131n\u0131 etkileyecek. Bu arada, yasama ve y\u00fcr\u00fctmenin ayr\u0131laca\u011f\u0131 yeni sistemin ilk se\u00e7imleri olmas\u0131 da ayr\u0131 bir \u00f6nem kazand\u0131r\u0131yor.\u201d \u015feklinde konu\u015ftu.<\/span><\/p>\n<p>\u00a0<\/p>\n<p><span style=\"font-size:16px;\">\u201cM\u0130LLETVEK\u0130L\u0130 ADAYLARINDAN BEKLENT\u0130LER\u0130M\u0130Z\u201d<\/span><\/p>\n<p>\u00a0<\/p>\n<p><span style=\"font-size:16px;\">\u00d6zdemir; vatanda\u015flar olarak, milletvekili adaylar\u0131ndan beklentilerini \u015f\u00f6yle s\u0131ralad\u0131: \u201c\u00d6ncelikle t\u00fcm adaylar\u0131n pozitif bir dil kullanmas\u0131n\u0131 bekliyoruz. Rakiplerini k\u00f6t\u00fcleme, \u00e7amur atma, kitleleri provoke etme anlam\u0131na gelecek her t\u00fcrl\u00fc s\u00f6ylemden ka\u00e7\u0131n\u0131lmal\u0131d\u0131r. Kampanya d\u00f6neminde g\u00f6r\u00fcnt\u00fc ve ses kirlili\u011fi yaratacak uygulamalardan uzak durulmal\u0131d\u0131r. Siyaset iddial\u0131 olmay\u0131 gerektirir, ancak se\u00e7men kitlelerinin akl\u0131yla alay etmek anlam\u0131na gelecek abart\u0131l\u0131 vaatlerden uzak durulmal\u0131d\u0131r. Ayr\u0131ca, yeni sistemde milletvekillerinin esas g\u00f6revi yasama olacakt\u0131r. Milletvekillerinin y\u00fcr\u00fctme \u00fczerindeki etkileri s\u0131n\u0131rl\u0131 olaca\u011f\u0131ndan, vaatte bulunurken bu konuya dikkat edilmelidir. Adaylar\u0131n s\u00f6ylemleri ile vatanda\u015f\u0131n g\u00fcndemi aras\u0131nda u\u00e7urumlar olmamal\u0131d\u0131r. Bu nedenle adaylar vatanda\u015f\u0131m\u0131z\u0131n g\u00fcndemini yak\u0131ndan takip etmeli, her kesimden vatanda\u015f\u0131m\u0131zla yak\u0131n temas kurmal\u0131d\u0131r. Siyaset uzun soluklu, bir maratona benzer. Se\u00e7imlerde milletvekili olamayan adaylar sab\u0131rl\u0131 olmal\u0131, k\u00fcsmemeli, \u00f6z ele\u015ftiri yaparak kendilerini sorgulamal\u0131, yeni se\u00e7imlere kadar eksiklerini gidermeye \u00e7al\u0131\u015fmal\u0131d\u0131r. Bence bir aday\u0131n ba\u015far\u0131s\u0131nda en \u00f6nemli fakt\u00f6r, sahip oldu\u011fu bilgi birikimi, hayat tecr\u00fcbesi ve insan ili\u015fkilerinde edindi\u011fi birikimi olacakt\u0131r. Bahsetti\u011fimiz birikim\u00a0<span style=\"font-family: sans-serif, Arial, Verdana, 'Trebuchet MS'; line-height: 1.6em;\">olmadan istenilen sonu\u00e7lar\u0131n al\u0131nmas\u0131 kolay de\u011fildir. Adaylar ilimizin demografik yap\u0131s\u0131ndan kaynaklanan hassasiyetlere dikkat etmeli, asla bunlar\u0131 ka\u015f\u0131yacak s\u00f6ylemlere girmemelidir. Y\u0131llard\u0131r \u00fclkeler \u00fclkelerle, \u015fehirler \u015fehirlerle yar\u0131\u015f\u0131r diyoruz. Yeni d\u00f6nemde \u015fehirler aras\u0131ndaki yar\u0131\u015f daha belirgin hale gelecektir. \u015eehirler kamu kaynaklar\u0131ndan ve yat\u0131r\u0131mlardan daha fazla pay almak i\u00e7in k\u0131yas\u0131ya bir rekabete gireceklerdir. Milletvekilleri bu rekabetin ana akt\u00f6rleri olacaklard\u0131r. Bu yar\u0131\u015fta \u00f6ne ge\u00e7menin ana ko\u015fulu ilimiz milletvekillerinin, kendi aralar\u0131nda birlik i\u00e7inde olmalar\u0131 ve Mersin i\u00e7in yap\u0131lacak \u00e7al\u0131\u015fmalarda ekip ruhuyla hareket etmeleridir. Bundan dolay\u0131, se\u00e7im s\u00fcrecinde, bu birlik ve beraberli\u011fi bozacak s\u00f6ylem ve davran\u0131\u015flardan uzak durulmal\u0131d\u0131r.\u201d\u00a0<\/span><\/span><\/p>\n<\/div>\n<\/blockquote>\n","protected":false},"excerpt":{"rendered":"<p>Mersin Ticaret Borsas\u0131 Y\u00f6netim Kurulu Ba\u015fkan\u0131 Abdullah \u00d6zdemir, vatanda\u015f olarak milletvekili adaylar\u0131ndan baz\u0131 beklentilerin istenilmesi konusunun do\u011fal bir durum oldu\u011funu s\u00f6yledi. Mersin Ticaret Borsas\u0131 Y\u00f6netim Kurulu Ba\u015fkan\u0131 Abdullah \u00d6zdemir, 24 &hellip; <a href=\"https:\/\/akdenizolaygazetesi.com\/?p=2024\" class=\"more-link\">Devam\u0131n\u0131 Oku&#8230;<\/a><\/p>\n","protected":false},"author":1,"featured_media":0,"comment_status":"open","ping_status":"open","sticky":false,"template":"","format":"standard","meta":[],"categories":[],"tags":[],"_links":{"self":[{"href":"https:\/\/akdenizolaygazetesi.com\/index.php?rest_route=\/wp\/v2\/posts\/2024"}],"collection":[{"href":"https:\/\/akdenizolaygazetesi.com\/index.php?rest_route=\/wp\/v2\/posts"}],"about":[{"href":"https:\/\/akdenizolaygazetesi.com\/index.php?rest_route=\/wp\/v2\/types\/post"}],"author":[{"embeddable":true,"href":"https:\/\/akdenizolaygazetesi.com\/index.php?rest_route=\/wp\/v2\/users\/1"}],"replies":[{"embeddable":true,"href":"https:\/\/akdenizolaygazetesi.com\/index.php?rest_route=%2Fwp%2Fv2%2Fcomments&post=2024"}],"version-history":[{"count":0,"href":"https:\/\/akdenizolaygazetesi.com\/index.php?rest_route=\/wp\/v2\/posts\/2024\/revisions"}],"wp:attachment":[{"href":"https:\/\/akdenizolaygazetesi.com\/index.php?rest_route=%2Fwp%2Fv2%2Fmedia&parent=2024"}],"wp:term":[{"taxonomy":"category","embeddable":true,"href":"https:\/\/akdenizolaygazetesi.com\/index.php?rest_route=%2Fwp%2Fv2%2Fcategories&post=2024"},{"taxonomy":"post_tag","embeddable":true,"href":"https:\/\/akdenizolaygazetesi.com\/index.php?rest_route=%2Fwp%2Fv2%2Ftags&post=2024"}],"curies":[{"name":"wp","href":"https:\/\/api.w.org\/{rel}","templated":true}]}}