{"id":2025,"date":"2020-11-04T18:22:32","date_gmt":"2020-11-04T15:22:32","guid":{"rendered":"http:\/\/mersinekonomipolitikagazetesi.com\/?p=2025"},"modified":"2020-11-04T18:22:32","modified_gmt":"2020-11-04T15:22:32","slug":"kocamaz-hedefimiz-mersini-cevre-dostu-kent-yapmak","status":"publish","type":"post","link":"https:\/\/akdenizolaygazetesi.com\/?p=2025","title":{"rendered":"Kocamaz: &#8220;Hedefimiz Mersin&#8217;i \u00e7evre dostu kent yapmak&#8221;"},"content":{"rendered":"<p>&#8220;Giysi Toplama Projesi&#8221; ile &#8220;Elektrikli ve Elektronik At\u0131k Toplama Projesi&#8221; s\u00f6zle\u015fmeleri imzaland\u0131.<\/p>\n<p><span style=\"font-size:16px;\"><span style=\"font-family: sans-serif; text-align: justify; background-color: rgb(242, 244, 245);\">Mersin B\u00fcy\u00fck\u015fehir Kongre ve Sergi Saray\u0131&#8217;nda d\u00fczenlenen etkinlikte &#8216;Mersin \u0130li Hassas Alanlar\u0131nda G\u00fcr\u00fclt\u00fc Azatl\u0131m\u0131 Alternatif Senaryolar\u0131n Geli\u015ftirilmesi Projesi&#8217; kapsam\u0131nda Marmara Ara\u015ft\u0131rma Merkezi yetkilileri taraf\u0131ndan haz\u0131rlanan &#8216;G\u00fcr\u00fclt\u00fc Eylem Plan\u0131 Raporu&#8217; da Kocamaz\u2019a takdim edilirken, &#8216;Giysi Toplama Projesi&#8217; ile &#8216;Elektrikli ve Elektronik At\u0131k Toplama Projesi&#8217; s\u00f6zle\u015fmeleri imzaland\u0131.\u00a0<\/span><br style=\"box-sizing: border-box; font-family: sans-serif; font-size: 14px; text-align: justify; background-color: rgb(242, 244, 245);\" \/><br \/>\n<span style=\"font-family: sans-serif; text-align: justify; background-color: rgb(242, 244, 245);\">Etkinlikte konu\u015fan Kocamaz, &#8220;Hedefimiz g\u00fczeller g\u00fczeli Mersin\u2019imizi \u00e7evreye duyarl\u0131 projelerimizle daha temiz, daha sa\u011fl\u0131kl\u0131, daha de\u011ferli, \u00e7evre dostu bir kent haline getirmek&#8221; dedi.\u00a0<\/span><br style=\"box-sizing: border-box; font-family: sans-serif; font-size: 14px; text-align: justify; background-color: rgb(242, 244, 245);\" \/><br \/>\n<span style=\"font-family: sans-serif; text-align: justify; background-color: rgb(242, 244, 245);\">Kaynaklar\u0131n d\u00fcnya genelinde h\u0131zl\u0131 ve yo\u011fun bir \u015fekilde t\u00fcketildi\u011fine dikkat \u00e7eken Kocamaz, &#8220;Birle\u015fmi\u015f Milletler ve D\u00fcnya Bankas\u0131 verilerine g\u00f6re 20\u2019nci y\u00fczy\u0131lda d\u00fcnya n\u00fcfusu 4 kat, \u00fcretim 22 kat, fosil yak\u0131t t\u00fcketimi 14 kat artm\u0131\u015ft\u0131r. Bu h\u0131zl\u0131 ve yo\u011fun kaynak t\u00fcketimi sonucunda insanl\u0131\u011f\u0131n ekolojik ayak izi b\u00fcy\u00fcm\u00fc\u015f, k\u00fcresel ekolojik biyokapasite ise k\u00fc\u00e7\u00fclm\u00fc\u015ft\u00fcr. Bir ba\u015fka ifadeyle d\u00fcnyam\u0131z\u0131n do\u011fal kaynaklar\u0131n\u0131 yenileme ve karbon tutum kapasitesi ciddi bi\u00e7imde a\u015f\u0131lmaya ba\u015flanm\u0131\u015ft\u0131r. Bu geli\u015fmelerin do\u011fal sonucu olarak iklim de\u011fi\u015fikli\u011fi, hava kirlili\u011fi, \u00e7\u00f6lle\u015fme, erozyon, kurakl\u0131k, su k\u0131tl\u0131\u011f\u0131 ve at\u0131k art\u0131\u015f\u0131 gibi sorunlar insanl\u0131\u011f\u0131 tehdit etmeye ba\u015flam\u0131\u015ft\u0131r. BM verilerine g\u00f6re e\u011fer d\u00fcnyadaki herkes 2100 y\u0131l\u0131na kadar bir ABD\u2019li kadar t\u00fcketirse be\u015f, bir Avrupal\u0131 kadar t\u00fcketirse \u00fc\u00e7, bir T\u00fcrkiyeli kadar t\u00fcketirse iki tane daha d\u00fcnyaya ihtiyac\u0131m\u0131z olacakt\u0131r&#8221; dedi.\u00a0<\/span><br style=\"box-sizing: border-box; font-family: sans-serif; font-size: 14px; text-align: justify; background-color: rgb(242, 244, 245);\" \/><br \/>\n<br style=\"box-sizing: border-box; font-family: sans-serif; font-size: 14px; text-align: justify; background-color: rgb(242, 244, 245);\" \/><br \/>\n<span style=\"font-family: sans-serif; text-align: justify; background-color: rgb(242, 244, 245);\">&#8220;B\u00fcy\u00fck\u015fehir olarak Mersin&#8217;de \u00fczerimize d\u00fc\u015feni yap\u0131yoruz&#8221;\u00a0<\/span><br style=\"box-sizing: border-box; font-family: sans-serif; font-size: 14px; text-align: justify; background-color: rgb(242, 244, 245);\" \/><br \/>\n<span style=\"font-family: sans-serif; text-align: justify; background-color: rgb(242, 244, 245);\">Daha \u00e7ok \u00fcretmek, daha \u00e7ok kazanmak ve daha \u00e7ok t\u00fcketmek h\u0131rs\u0131n\u0131n neden oldu\u011fu k\u0131s\u0131r d\u00f6ng\u00fcn\u00fcn s\u00fcrd\u00fcr\u00fclebilirlik kavram\u0131n\u0131 en \u00f6ncelikli konu haline getirdi\u011fini ve B\u00fcy\u00fck\u015fehir Belediyesi olarak s\u00fcrd\u00fcr\u00fclebilirlik kavram\u0131na \u00f6nem verdiklerini belirten Kocamaz, &#8220;Belediye olarak biz de il s\u0131n\u0131rlar\u0131m\u0131z i\u00e7erisinde bu konuda \u00fczerimize d\u00fc\u015feni fazlas\u0131yla yap\u0131yoruz. \u0130limizi \u00e7evreye duyarl\u0131 s\u00fcrd\u00fcr\u00fclebilir bir ya\u015fam d\u00f6ng\u00fcs\u00fcne kavu\u015fturmaya \u00e7al\u0131\u015f\u0131yoruz. Bir sorunun \u00e7\u00f6z\u00fcme kavu\u015fturulabilmesi i\u00e7in \u00f6nce o konuda toplumsal bir k\u00fclt\u00fcr olu\u015fmas\u0131 gerekir. \u0130nsanlar do\u011frulu\u011funa inand\u0131klar\u0131 \u015feyleri yaparlar. Bu nedenle halk\u0131m\u0131zda \u00e7evre bilinci olu\u015fturmak amac\u0131yla pek \u00e7ok projeyi hayata ge\u00e7iriyoruz. Hedefimiz g\u00fczeller g\u00fczeli Mersin\u2019imizi \u00e7evreye duyarl\u0131 projelerimizle daha temiz, daha sa\u011fl\u0131kl\u0131, daha de\u011ferli, \u00e7evre dostu bir kent haline getirmektir\u201d \u015feklinde konu\u015ftu.\u00a0<\/span><br style=\"box-sizing: border-box; font-family: sans-serif; font-size: 14px; text-align: justify; background-color: rgb(242, 244, 245);\" \/><br \/>\n<br style=\"box-sizing: border-box; font-family: sans-serif; font-size: 14px; text-align: justify; background-color: rgb(242, 244, 245);\" \/><br \/>\n<span style=\"font-family: sans-serif; text-align: justify; background-color: rgb(242, 244, 245);\">&#8220;Eski Tekstil at\u0131klar\u0131 ve giysiler ekonomiye yeniden kazand\u0131r\u0131lacak&#8221;\u00a0<\/span><br style=\"box-sizing: border-box; font-family: sans-serif; font-size: 14px; text-align: justify; background-color: rgb(242, 244, 245);\" \/><br \/>\n<span style=\"font-family: sans-serif; text-align: justify; background-color: rgb(242, 244, 245);\">D\u00fcnya \u00c7evre G\u00fcn\u00fc kapsam\u0131nda ger\u00e7ekle\u015ftirilen \u00fc\u00e7 etkinlik hakk\u0131nda k\u0131sa bilgiler veren Kocamaz, &#8220;\u00c7evre ve \u015eehircilik Bakanl\u0131\u011f\u0131nca izinlendirilen lisansl\u0131 bir firma arac\u0131l\u0131\u011f\u0131yla tekstil at\u0131klar\u0131 ve giysiler geri d\u00f6n\u00fc\u015f\u00fcm kutular\u0131nda toplanarak ekonomiye yeniden kazand\u0131r\u0131lmaktad\u0131r. Bu kapsamda daha \u00f6nce imzalad\u0131\u011f\u0131m\u0131z ve bug\u00fcn yenileyece\u011fimiz protokol uyar\u0131nca yetkili firma taraf\u0131ndan toplanan yeni veya ikinci el kullan\u0131labilir k\u0131yafetler, resmi belge ile belediyemize teslim edilmektedir. B\u00fcy\u00fck\u015fehir Belediyemiz de bu k\u0131yafetleri Dost Eli Marketler arac\u0131l\u0131\u011f\u0131 ile ihtiya\u00e7 sahiplerine ula\u015ft\u0131r\u0131l\u0131yor. Bug\u00fcn ayr\u0131ca imzalayaca\u011f\u0131m\u0131z bir ba\u015fka protokol ile At\u0131k Elektrikli ve Elektronik E\u015fyalar\u0131n ekonomiye geri kazand\u0131r\u0131lmas\u0131 amac\u0131yla yeni bir \u00e7al\u0131\u015fma ba\u015flat\u0131yoruz. \u00c7evre ve \u015eehircilik Bakanl\u0131\u011f\u0131 taraf\u0131ndan yetkilendirilmi\u015f olan T\u00fcrkiye Bili\u015fim Sanayicileri ve \u0130\u015f Adamlar\u0131 Derne\u011fi \u0130ktisadi \u0130\u015fletmesi ile i\u015fbirli\u011fi yaparak elektrikli ve elektronik at\u0131klar\u0131n ekonomiye kazand\u0131r\u0131lmas\u0131 i\u00e7in \u00f6nemli bir ad\u0131m ataca\u011f\u0131z&#8221; ifadelerini kulland\u0131.\u00a0<\/span><br style=\"box-sizing: border-box; font-family: sans-serif; font-size: 14px; text-align: justify; background-color: rgb(242, 244, 245);\" \/><br \/>\n<br style=\"box-sizing: border-box; font-family: sans-serif; font-size: 14px; text-align: justify; background-color: rgb(242, 244, 245);\" \/><br \/>\n<span style=\"font-family: sans-serif; text-align: justify; background-color: rgb(242, 244, 245);\">&#8220;G\u00fcr\u00fclt\u00fc kayna\u011f\u0131nda \u00e7\u00f6z\u00fclecek&#8221;\u00a0<\/span><br style=\"box-sizing: border-box; font-family: sans-serif; font-size: 14px; text-align: justify; background-color: rgb(242, 244, 245);\" \/><br \/>\n<span style=\"font-family: sans-serif; text-align: justify; background-color: rgb(242, 244, 245);\">Kentlerin \u00f6nemli \u00e7evre sorunlar\u0131ndan birinin de g\u00fcr\u00fclt\u00fc kirlili\u011fi oldu\u011funu vurgulayan Kocamaz, &#8220;Kentimizin g\u00fcr\u00fclt\u00fc kirlili\u011fini \u00f6nlemek amac\u0131yla \u00c7evre ve \u015eehircilik Bakanl\u0131\u011f\u0131, T\u00dcB\u0130TAK Marmara Ara\u015ft\u0131rma Merkezi ve Belediyemiz i\u015fbirli\u011fi ile kentimizin g\u00fcr\u00fclt\u00fc haritas\u0131n\u0131 \u00e7\u0131kard\u0131k. 6 Haziran 2016\u2019da imzalad\u0131\u011f\u0131m\u0131z s\u00f6zle\u015fme kapsam\u0131nda g\u00fczel bir ekip \u00e7al\u0131\u015fmas\u0131 \u00f6rne\u011fi sergileyerek g\u00fcr\u00fclt\u00fcy\u00fc kayna\u011f\u0131nda \u00f6nlemeye y\u00f6nelik eylem planlar\u0131n\u0131 olu\u015fturduk. Bug\u00fcn konu hakk\u0131nda haz\u0131rlanan raporu uzmanlardan teslim alaca\u011f\u0131z&#8221; dedi.\u00a0<\/span><\/span><\/p>\n","protected":false},"excerpt":{"rendered":"<p>&#8220;Giysi Toplama Projesi&#8221; ile &#8220;Elektrikli ve Elektronik At\u0131k Toplama Projesi&#8221; s\u00f6zle\u015fmeleri imzaland\u0131. Mersin B\u00fcy\u00fck\u015fehir Kongre ve Sergi Saray\u0131&#8217;nda d\u00fczenlenen etkinlikte &#8216;Mersin \u0130li Hassas Alanlar\u0131nda G\u00fcr\u00fclt\u00fc Azatl\u0131m\u0131 Alternatif Senaryolar\u0131n Geli\u015ftirilmesi Projesi&#8217; &hellip; <a href=\"https:\/\/akdenizolaygazetesi.com\/?p=2025\" class=\"more-link\">Devam\u0131n\u0131 Oku&#8230;<\/a><\/p>\n","protected":false},"author":1,"featured_media":0,"comment_status":"open","ping_status":"open","sticky":false,"template":"","format":"standard","meta":[],"categories":[],"tags":[],"_links":{"self":[{"href":"https:\/\/akdenizolaygazetesi.com\/index.php?rest_route=\/wp\/v2\/posts\/2025"}],"collection":[{"href":"https:\/\/akdenizolaygazetesi.com\/index.php?rest_route=\/wp\/v2\/posts"}],"about":[{"href":"https:\/\/akdenizolaygazetesi.com\/index.php?rest_route=\/wp\/v2\/types\/post"}],"author":[{"embeddable":true,"href":"https:\/\/akdenizolaygazetesi.com\/index.php?rest_route=\/wp\/v2\/users\/1"}],"replies":[{"embeddable":true,"href":"https:\/\/akdenizolaygazetesi.com\/index.php?rest_route=%2Fwp%2Fv2%2Fcomments&post=2025"}],"version-history":[{"count":0,"href":"https:\/\/akdenizolaygazetesi.com\/index.php?rest_route=\/wp\/v2\/posts\/2025\/revisions"}],"wp:attachment":[{"href":"https:\/\/akdenizolaygazetesi.com\/index.php?rest_route=%2Fwp%2Fv2%2Fmedia&parent=2025"}],"wp:term":[{"taxonomy":"category","embeddable":true,"href":"https:\/\/akdenizolaygazetesi.com\/index.php?rest_route=%2Fwp%2Fv2%2Fcategories&post=2025"},{"taxonomy":"post_tag","embeddable":true,"href":"https:\/\/akdenizolaygazetesi.com\/index.php?rest_route=%2Fwp%2Fv2%2Ftags&post=2025"}],"curies":[{"name":"wp","href":"https:\/\/api.w.org\/{rel}","templated":true}]}}