{"id":20252,"date":"2022-08-09T11:15:12","date_gmt":"2022-08-09T08:15:12","guid":{"rendered":"http:\/\/akdenizolaygazetesi.com\/?p=20252"},"modified":"2022-08-09T11:15:12","modified_gmt":"2022-08-09T08:15:12","slug":"toroslar-belediyesinin-genclik-kampi-dolu-dolu-gecti","status":"publish","type":"post","link":"https:\/\/akdenizolaygazetesi.com\/?p=20252","title":{"rendered":"&#8220;Toroslar Belediyesinin Gen\u00e7lik Kamp\u0131 Dolu Dolu Ge\u00e7ti&#8221;"},"content":{"rendered":"<p>Toroslar Belediye Ba\u015fkan\u0131 Ats\u0131z Af\u015f\u0131n Y\u0131lmaz, &#8220;Toroslar \u0130lerle Gen\u00e7lik Seninle&#8221; Projesi \u00e7er\u00e7evesinde gen\u00e7lere bu y\u0131l da unutulmaz bir kamp deneyimi sundu.<\/p>\n<p>Toroslar Belediyesinin;  14-17 ya\u015f grubuna y\u00f6nelik 2 d\u00f6nem d\u00fczenledi\u011fi ve il\u00e7enin d\u00f6rt bir yan\u0131ndan 400 gencin kat\u0131ld\u0131\u011f\u0131 gen\u00e7lik kamp\u0131, sona erdi.<\/p>\n<p>&#8220;Gen\u00e7ler, Denizin, Spor ve K\u00fclt\u00fcrel Etkinliklerin Tad\u0131n\u0131 \u00c7\u0131kard\u0131&#8221;<\/p>\n<p>Gen\u00e7lik liderlerinin yan\u0131 s\u0131ra e\u011fitmenlerin de g\u00f6rev ald\u0131\u011f\u0131 kampta k\u0131z \u00f6\u011frenciler; hem samimi arkada\u015fl\u0131klar kurdu hem de her anlar\u0131n\u0131 aktivitelerle dolu dolu ge\u00e7irdi.<\/p>\n<p>Y\u00fczme, plaj voleybolu,  halk oyunlar\u0131, dans, sinema, m\u00fczik, tiyatro, ilk yard\u0131m dersi, ah\u015fap boyama, tak\u0131 tasar\u0131m\u0131, at binme ve karaoke gibi faaliyetlerde yer alan gen\u00e7ler; tak\u0131m olman\u0131n heyecan\u0131n\u0131 da ya\u015fad\u0131. Gen\u00e7ler, kendilerini b\u00f6yle g\u00fczel bir etkinlikte bulu\u015fturan Toroslar Belediye Ba\u015fkan\u0131 Ats\u0131z Af\u015f\u0131n Y\u0131lmaz&#8217;a te\u015fekk\u00fcr etti.<\/p>\n<p>Gen\u00e7lik ve Spor Bakanl\u0131\u011f\u0131&#8217;n\u0131n i\u015fbirli\u011fiyle d\u00fczenlenen ve Silifke Kap\u0131zl\u0131&#8217;da ger\u00e7ekle\u015fen kamp\u0131n kapan\u0131\u015f t\u00f6reni, sayg\u0131 duru\u015fu ve \u0130stiklal Mar\u015f\u0131&#8217;n\u0131n okunmas\u0131yla ba\u015flad\u0131.<\/p>\n<p>Kampta denizin, sosyal ve k\u00fclt\u00fcrel etkinliklerin tad\u0131n\u0131 \u00e7\u0131karan gen\u00e7ler, belediye e\u011fitmenleri e\u015fli\u011finde haz\u0131rland\u0131klar\u0131 halk oyunlar\u0131 ve dans g\u00f6sterileriyle kamp\u0131n kapan\u0131\u015f program\u0131n\u0131 co\u015fkuya d\u00f6n\u00fc\u015ft\u00fcrd\u00fc.<\/p>\n<p>Gecede, kamp\u0131n ger\u00e7ekle\u015ftirilmesinde katk\u0131da bulunan kurum temsilcilerine te\u015fekk\u00fcr plaketi de takdim edildi.<\/p>\n<p>Ba\u015fkan Y\u0131lmaz; &#8220;Gen\u00e7lerimizin Heyecan\u0131 \u00c7al\u0131\u015fma \u0130ste\u011fimizi Art\u0131r\u0131yor&#8221;<\/p>\n<p>Toroslar Belediye Ba\u015fkan\u0131 Ats\u0131z Af\u015f\u0131n Y\u0131lmaz, gen\u00e7leri sporla bulu\u015fturup, onlar\u0131n hem bedenen hem de zihnen sa\u011fl\u0131kl\u0131 bireyler olarak yeti\u015fmelerine b\u00fcy\u00fck \u00f6nem verdiklerini s\u00f6yledi.<\/p>\n<p>&#8220;Gen\u00e7lerimizin e\u011flenirken \u00f6\u011frenmelerini, d\u00fcnyay\u0131 ve \u00e7evrelerini ke\u015ffetmelerini istiyoruz&#8221; diyen Ba\u015fkan Y\u0131lmaz; &#8220;Gen\u00e7lerimizin keyifli anlar ya\u015fayacaklar\u0131 etkinlikler yapmaya \u00f6nem veriyoruz. Bu kapsamda onlara bu y\u0131l da birbirinden renkli aktivitelerin yan\u0131 s\u0131ra sporla ve sanat dolu bir kamp arma\u011fan ettik. Farkl\u0131 okullarda okuyan gen\u00e7lerimizi bir araya getirdik. Gen\u00e7lerimizle birlikte yol y\u00fcr\u00fcmeye ve projeler \u00fcretmeye devam edece\u011fiz&#8221; \u015feklinde konu\u015ftu.<\/p>\n","protected":false},"excerpt":{"rendered":"<p>Toroslar Belediye Ba\u015fkan\u0131 Ats\u0131z Af\u015f\u0131n Y\u0131lmaz, &#8220;Toroslar \u0130lerle Gen\u00e7lik Seninle&#8221; Projesi \u00e7er\u00e7evesinde gen\u00e7lere bu y\u0131l da unutulmaz bir kamp deneyimi sundu. Toroslar Belediyesinin; 14-17 ya\u015f grubuna y\u00f6nelik 2 d\u00f6nem d\u00fczenledi\u011fi &hellip; <a href=\"https:\/\/akdenizolaygazetesi.com\/?p=20252\" class=\"more-link\">Devam\u0131n\u0131 Oku&#8230;<\/a><\/p>\n","protected":false},"author":2,"featured_media":20253,"comment_status":"open","ping_status":"open","sticky":false,"template":"","format":"standard","meta":[],"categories":[2,3,5,10],"tags":[],"_links":{"self":[{"href":"https:\/\/akdenizolaygazetesi.com\/index.php?rest_route=\/wp\/v2\/posts\/20252"}],"collection":[{"href":"https:\/\/akdenizolaygazetesi.com\/index.php?rest_route=\/wp\/v2\/posts"}],"about":[{"href":"https:\/\/akdenizolaygazetesi.com\/index.php?rest_route=\/wp\/v2\/types\/post"}],"author":[{"embeddable":true,"href":"https:\/\/akdenizolaygazetesi.com\/index.php?rest_route=\/wp\/v2\/users\/2"}],"replies":[{"embeddable":true,"href":"https:\/\/akdenizolaygazetesi.com\/index.php?rest_route=%2Fwp%2Fv2%2Fcomments&post=20252"}],"version-history":[{"count":1,"href":"https:\/\/akdenizolaygazetesi.com\/index.php?rest_route=\/wp\/v2\/posts\/20252\/revisions"}],"predecessor-version":[{"id":20254,"href":"https:\/\/akdenizolaygazetesi.com\/index.php?rest_route=\/wp\/v2\/posts\/20252\/revisions\/20254"}],"wp:featuredmedia":[{"embeddable":true,"href":"https:\/\/akdenizolaygazetesi.com\/index.php?rest_route=\/wp\/v2\/media\/20253"}],"wp:attachment":[{"href":"https:\/\/akdenizolaygazetesi.com\/index.php?rest_route=%2Fwp%2Fv2%2Fmedia&parent=20252"}],"wp:term":[{"taxonomy":"category","embeddable":true,"href":"https:\/\/akdenizolaygazetesi.com\/index.php?rest_route=%2Fwp%2Fv2%2Fcategories&post=20252"},{"taxonomy":"post_tag","embeddable":true,"href":"https:\/\/akdenizolaygazetesi.com\/index.php?rest_route=%2Fwp%2Fv2%2Ftags&post=20252"}],"curies":[{"name":"wp","href":"https:\/\/api.w.org\/{rel}","templated":true}]}}