{"id":20258,"date":"2022-08-09T11:18:36","date_gmt":"2022-08-09T08:18:36","guid":{"rendered":"http:\/\/akdenizolaygazetesi.com\/?p=20258"},"modified":"2022-08-09T11:18:36","modified_gmt":"2022-08-09T08:18:36","slug":"fitik-ve-yalcin-4-kupaya-inaniyor","status":"publish","type":"post","link":"https:\/\/akdenizolaygazetesi.com\/?p=20258","title":{"rendered":"F\u0130T\u0130K VE YAL\u00c7IN 4 KUPAYA \u0130NANIYOR"},"content":{"rendered":"<p>\u00c7ukurova Basketbol Kul\u00fcb\u00fc (\u00c7BK) Mersin Yeni\u015fehir Belediyesi&#8217;nin y\u0131ld\u0131zlar\u0131 G\u00f6k\u015fen Fitik ve Asena Yal\u00e7\u0131n, yeni sezonda 4 kupa hedefine ula\u015fmak istediklerini s\u00f6yledi.<\/p>\n<p>Mersin&#8217;in S\u00fcper Lig d\u00fczeyindeki tek temsilcisi olan \u00c7ukurova Basketbol&#8217;un oyun kurucular\u0131 G\u00f6k\u015fen Fitik ve Asena Yal\u00e7\u0131n, bireysel \u00e7al\u0131\u015fmalara ba\u015flad\u0131. Kul\u00fcp tesislerinde sabah kuvvet, \u00f6\u011fleden sonra ise basketbol antrenman\u0131 yapan oyuncular, yeni sezona iyi haz\u0131rlanarak kul\u00fcb\u00fcn EuroLig Women, Kad\u0131nlar Basketbol S\u00fcper Ligi, T\u00fcrkiye Kupas\u0131 ve Cumhurba\u015fkanl\u0131\u011f\u0131 Kupas\u0131 olmak \u00fczere t\u00fcm kulvarlardaki \u015fampiyonluk hedefine en b\u00fcy\u00fck katk\u0131y\u0131 sa\u011flamak istiyor.<\/p>\n<p>Geride kalan sezonu ba\u015fkent temsilcisi OGM Ormanspor&#8217;da ge\u00e7iren ve 1 y\u0131l aran\u0131n ard\u0131ndan yeti\u015fti\u011fi \u00c7BK&#8217;ya yeniden d\u00f6nen G\u00f6k\u015fen Fitik, &#8220;\u00c7al\u0131\u015fmalar\u0131m\u0131z yaz d\u00f6neminden sezon ba\u015f\u0131na kadar s\u0131k\u0131 bir hal alacak. Biz de sezona en haz\u0131r \u015fekilde ba\u015flamak ve hedeflerimiz do\u011frultusunda en iyi \u015fekilde ilerlemek istiyoruz&#8221; dedi.<\/p>\n<p>Yeniden Mersin&#8217;e geldi\u011fi i\u00e7in mutlu oldu\u011funu ifade eden Fitik, &#8220;Ormanspor taraftar\u0131 da benim i\u00e7in \u00e7ok \u00f6nemli bir yere sahip ama Mersin halk\u0131 ve bu \u015fehir ailem olmu\u015f durumda. Aram\u0131zdaki ili\u015fki nereye gidersem gideyim her zaman devam edecek. Desteklerini her zaman hissettim. Farkl\u0131 tak\u0131ma gitsem dahi her zaman yan\u0131mda olduklar\u0131n\u0131 hissettirdiler. Tekrar birlikte oldu\u011fumuz i\u00e7in \u00e7ok mutluyum. Yeni sezonda da onlar\u0131n destekleri \u00e7ok \u00f6nemli. Onlar\u0131n deste\u011fi hedefimize ula\u015fmam\u0131zda \u00e7ok b\u00fcy\u00fck bir fakt\u00f6r ve her zaman oldu\u011fu gibi b\u00fcy\u00fck Mersin halk\u0131n\u0131 ma\u00e7lar\u0131m\u0131za bekliyoruz. Hedefimize onlarla birlikte ula\u015faca\u011f\u0131m\u0131z\u0131 d\u00fc\u015f\u00fcn\u00fcyorum&#8221; diye konu\u015ftu.<\/p>\n<p>&#8220;\u00c7OK HEYECANLIYIZ&#8221;<br \/>\nGe\u00e7en sezona 3 kupa hedefiyle ba\u015flad\u0131klar\u0131n\u0131 ancak \u015fanss\u0131zl\u0131klar nedeniyle sadece T\u00fcrkiye Kupas\u0131&#8217;n\u0131 kazand\u0131klar\u0131n\u0131 an\u0131msatan Asena Yal\u00e7\u0131n ise \u015funlar\u0131 kaydetti:<br \/>\n&#8220;Bu sene 4 kupa hedefimiz var. Cumhurba\u015fkanl\u0131\u011f\u0131 Kupas\u0131 ve EuroLig&#8217;de m\u00fccadele edece\u011fiz. Bu sene de \u00e7ok ciddi yat\u0131r\u0131m yapt\u0131k. Eminim ki 4 kupaya da en iyi \u015fekilde haz\u0131rlanaca\u011f\u0131z. G\u00f6k\u015fen&#8217;le beraber ba\u015flad\u0131k antrenmanlara. 2 hafta erken geldik hatta o biraz daha erken geldi. \u0130kimiz de \u00e7ok heyecanl\u0131y\u0131z. Eminim yeni gelecek arkada\u015flar\u0131m\u0131z da \u00e7ok heyecanl\u0131d\u0131r. Yabanc\u0131lar\u0131m\u0131z sonradan kat\u0131lacak. Antren\u00f6r\u00fcm\u00fcz Emre Abi ve yabanc\u0131lar\u0131m\u0131z WNBA&#8217;de oldu\u011fu i\u00e7in biraz daha ge\u00e7 kat\u0131lacaklar ama bir haz\u0131rlanmaya devam edece\u011fiz. T\u00fcrkler olarak ba\u015fl\u0131yoruz, sonra yabanc\u0131lar\u0131m\u0131z eklenecek. Lige Ekim&#8217;de ba\u015fl\u0131yoruz. Ekim&#8217;e kadar en iyi \u015fekilde haz\u0131rlanaca\u011f\u0131z. Yaz kamp\u0131nda haz\u0131rl\u0131k ma\u00e7lar\u0131m\u0131z olacak. Onlar\u0131 da iyi \u015fekilde oynay\u0131p lige haz\u0131r ba\u015flayaca\u011f\u0131z.&#8221;<\/p>\n<p>Taraftara da \u00e7a\u011fr\u0131da bulunan Yal\u00e7\u0131n, &#8220;Mersin halk\u0131na ge\u00e7en seneki T\u00fcrkiye Kupas\u0131 ma\u00e7\u0131ndan dolay\u0131 te\u015fekk\u00fcr ediyorum. Bu sene de bizi yaln\u0131z b\u0131rakmas\u0131nlar. Onlar\u0131n sayesinde bir kupa ald\u0131k. \u0130n\u015fallah onlar\u0131n sayesinde 4 kupay\u0131 da kazanaca\u011f\u0131z&#8221; ifadesini kulland\u0131.<\/p>\n","protected":false},"excerpt":{"rendered":"<p>\u00c7ukurova Basketbol Kul\u00fcb\u00fc (\u00c7BK) Mersin Yeni\u015fehir Belediyesi&#8217;nin y\u0131ld\u0131zlar\u0131 G\u00f6k\u015fen Fitik ve Asena Yal\u00e7\u0131n, yeni sezonda 4 kupa hedefine ula\u015fmak istediklerini s\u00f6yledi. Mersin&#8217;in S\u00fcper Lig d\u00fczeyindeki tek temsilcisi olan \u00c7ukurova Basketbol&#8217;un &hellip; <a href=\"https:\/\/akdenizolaygazetesi.com\/?p=20258\" class=\"more-link\">Devam\u0131n\u0131 Oku&#8230;<\/a><\/p>\n","protected":false},"author":2,"featured_media":20259,"comment_status":"open","ping_status":"open","sticky":false,"template":"","format":"standard","meta":[],"categories":[3,10],"tags":[],"_links":{"self":[{"href":"https:\/\/akdenizolaygazetesi.com\/index.php?rest_route=\/wp\/v2\/posts\/20258"}],"collection":[{"href":"https:\/\/akdenizolaygazetesi.com\/index.php?rest_route=\/wp\/v2\/posts"}],"about":[{"href":"https:\/\/akdenizolaygazetesi.com\/index.php?rest_route=\/wp\/v2\/types\/post"}],"author":[{"embeddable":true,"href":"https:\/\/akdenizolaygazetesi.com\/index.php?rest_route=\/wp\/v2\/users\/2"}],"replies":[{"embeddable":true,"href":"https:\/\/akdenizolaygazetesi.com\/index.php?rest_route=%2Fwp%2Fv2%2Fcomments&post=20258"}],"version-history":[{"count":1,"href":"https:\/\/akdenizolaygazetesi.com\/index.php?rest_route=\/wp\/v2\/posts\/20258\/revisions"}],"predecessor-version":[{"id":20260,"href":"https:\/\/akdenizolaygazetesi.com\/index.php?rest_route=\/wp\/v2\/posts\/20258\/revisions\/20260"}],"wp:featuredmedia":[{"embeddable":true,"href":"https:\/\/akdenizolaygazetesi.com\/index.php?rest_route=\/wp\/v2\/media\/20259"}],"wp:attachment":[{"href":"https:\/\/akdenizolaygazetesi.com\/index.php?rest_route=%2Fwp%2Fv2%2Fmedia&parent=20258"}],"wp:term":[{"taxonomy":"category","embeddable":true,"href":"https:\/\/akdenizolaygazetesi.com\/index.php?rest_route=%2Fwp%2Fv2%2Fcategories&post=20258"},{"taxonomy":"post_tag","embeddable":true,"href":"https:\/\/akdenizolaygazetesi.com\/index.php?rest_route=%2Fwp%2Fv2%2Ftags&post=20258"}],"curies":[{"name":"wp","href":"https:\/\/api.w.org\/{rel}","templated":true}]}}