{"id":20264,"date":"2022-08-09T11:22:40","date_gmt":"2022-08-09T08:22:40","guid":{"rendered":"http:\/\/akdenizolaygazetesi.com\/?p=20264"},"modified":"2022-08-09T11:22:40","modified_gmt":"2022-08-09T08:22:40","slug":"carsi-karistigi-zaman-isler-yurumuyor-carsinin-karismasina-ben-karsiyim","status":"publish","type":"post","link":"https:\/\/akdenizolaygazetesi.com\/?p=20264","title":{"rendered":"&#8220;\u00c7AR\u015eI KARI\u015eTI\u011eI ZAMAN \u0130\u015eLER Y\u00dcR\u00dcM\u00dcYOR. \u00c7AR\u015eININ KARI\u015eMASINA BEN KAR\u015eIYIM&#8221;"},"content":{"rendered":"<p>Mersin B\u00fcy\u00fck\u015fehir Belediye Meclisi&#8217;nin 2022 y\u0131l\u0131 A\u011fustos ay\u0131 1. Birle\u015fim Toplant\u0131s\u0131, B\u00fcy\u00fck\u015fehir Belediye Ba\u015fkan\u0131 Vahap Se\u00e7er ba\u015fkanl\u0131\u011f\u0131nda ger\u00e7ekle\u015ftirildi. Meclis Toplant\u0131s\u0131&#8217;nda; idareden gelen 22, komisyonlara havale edilen 17 olmak \u00fczere toplam 39 madde g\u00f6r\u00fc\u015f\u00fcld\u00fc.<br \/>\n&#8220;Ya\u015fananlardan, kentimiz ve demokrasi ad\u0131na b\u00fcy\u00fck \u00fcz\u00fcnt\u00fc duydum&#8221;<br \/>\nMersin g\u00fcndemini ge\u00e7en hafta en \u00e7ok me\u015fgul eden konulardan birisinin, 28 Temmuz&#8217;da ger\u00e7ekle\u015ftirilen Akdeniz Belediye Meclisi&#8217;nin Ola\u011fan\u00fcst\u00fc Meclis Toplant\u0131s\u0131&#8217;ndan \u00f6nce HDP&#8217;li 5 Meclis \u00dcyesi&#8217;nin g\u00f6zalt\u0131na al\u0131nmas\u0131 oldu\u011funa dikkat \u00e7eken Ba\u015fkan Se\u00e7er, &#8220;Bildi\u011finiz gibi B\u00fcy\u00fck\u015fehir Belediye Meclis \u00fcyelerimiz Bedriye Ku\u015f ve Ali Tanr\u0131verdi&#8217;nin de aralar\u0131nda oldu\u011fu Akdeniz Belediyesi&#8217;nin 5 Meclis \u00dcyesi, ge\u00e7ti\u011fimiz haftalarda g\u00f6zalt\u0131na al\u0131nd\u0131 ve 1 g\u00fcn sonra serbest b\u0131rak\u0131ld\u0131lar. Son derece \u00f6nemli kararlar\u0131n al\u0131naca\u011f\u0131 Ola\u011fan\u00fcst\u00fc Meclis Toplant\u0131s\u0131 \u00f6ncesinde, se\u00e7ilmi\u015f Meclis \u00fcyelerinin g\u00f6zalt\u0131na al\u0131nmalar\u0131, Meclis&#8217;in i\u015fleyi\u015fini ve al\u0131nan kararlar\u0131 sakatlam\u0131\u015ft\u0131r. Meclis \u00fcyeleri g\u00f6zalt\u0131ndayken, Cumhuriyet Halk Partisi grup s\u00f6zc\u00fcm\u00fcz\u00fcn t\u00fcm uyar\u0131lar\u0131na kar\u015f\u0131n, 38 \u00fcyeli Meclis&#8217;te salt \u00e7o\u011funluk bile sa\u011flanamam\u0131\u015fken, \u0131srarla toplant\u0131ya devam edilmesi ve kararlar\u0131n al\u0131nmas\u0131, iyi niyetten ve demokratik tav\u0131rdan maalesef \u00e7ok uzakt\u0131r. Ya\u015fananlardan kentimiz ve demokrasi ad\u0131na b\u00fcy\u00fck \u00fcz\u00fcnt\u00fc duydu\u011fumu ifade etmek isterim. Mersin, huzurun bar\u0131\u015f\u0131n ve birli\u011fin kentidir. Bu \u00f6zelli\u011fi bozacak giri\u015fimlere f\u0131rsat vermemeliyiz. Bu de\u011ferlerimize ve demokrasimize sahip \u00e7\u0131kmak, hepimizin ortak sorumlulu\u011fudur&#8221; diye konu\u015ftu.<br \/>\n&#8220;MESK\u0130, yasalar ne diyorsa onu uyguluyor&#8221;<br \/>\nBa\u015fkan Se\u00e7er, Meclis Toplant\u0131s\u0131&#8217;nda Cumhur \u0130ttifak\u0131&#8217;na mensup bir Meclis \u00dcyesi&#8217;nin i\u015f yerlerinde ka\u00e7ak su kulland\u0131\u011f\u0131na dair yap\u0131lan de\u011ferlendirmeler \u00fczerine, &#8220;Anlad\u0131\u011f\u0131m kadar\u0131yla, bu at\u0131k su bedeli cezas\u0131 ve bu konuyla ilgili MESK\u0130 daha \u00f6nce yapt\u0131\u011f\u0131 tutanakta \u015firketler aras\u0131nda bir problem oldu\u011funu g\u00f6r\u00fcyor. Onlarla ilgili yeni bir d\u00fczenleme yap\u0131yor. Bu tip konular\u0131n bu \u015fekilde tart\u0131\u015f\u0131lmas\u0131n\u0131n kimseye bir faydas\u0131 yok. E\u011fer mevzuata uygun olmayan bir \u015fekilde su kullan\u0131m\u0131, at\u0131k su bedeli cezas\u0131 varsa biz ceza tahakkuk ediyoruz. Belediye olsun, kamu kurumlar\u0131 olsun, \u015fah\u0131slar olsun hi\u00e7 fark etmez&#8221; dedi.  Herkesin \u015febekeden al\u0131nan i\u00e7me suyunun veya at\u0131k su mevzuat\u0131ndan kaynakl\u0131 bir abonelik konusunda, at\u0131k suyun vergisini \u00f6demek zorunda oldu\u011funu kaydeden Ba\u015fkan Se\u00e7er, &#8220;Elbette yasalara uygun hareket etmeyene, gerekli m\u00fceyyideyi uygulayal\u0131m. \u015eimdi burada MESK\u0130 hi\u00e7bir ayr\u0131m yapmadan bunu yap\u0131yor. Kendi belediyemizin sayac\u0131nda bile bir sorun varsa, biz ona ceza tahakkuk ediyoruz. Yasalar neyse uygulamaya \u00e7al\u0131\u015f\u0131yoruz. Biz de kurumumuzda, abonelik konusunda bir ciddiyeti sa\u011flama pe\u015findeyiz. MESK\u0130&#8217;nin de tav\u0131r ve davran\u0131\u015f\u0131n\u0131 b\u00f6yle g\u00f6rmenizi istiyorum&#8221; ifadelerine yer verdi.<br \/>\n&#8220;Kimsenin iradesi ipotek alt\u0131nda de\u011fildir&#8221;<br \/>\nBa\u015fkan Se\u00e7er, Akdeniz Belediye Ba\u015fkan\u0131 G\u00fcltak&#8217;\u0131n, B\u00fcy\u00fck\u015fehir Belediye Meclisi&#8217;nde al\u0131nan kararlar\u0131n, Akdeniz Belediye Meclisi&#8217;ni de etkiledi\u011fi y\u00f6n\u00fcndeki ele\u015ftirilerine yan\u0131t verirken, &#8220;Elbette ki Meclis d\u0131\u015f\u0131nda, Ba\u015fkanlar, Meclis \u00fcyeleri aralar\u0131nda yap\u0131c\u0131 bir tak\u0131m g\u00f6r\u00fc\u015fmeler yapabilir, ama Say\u0131n G\u00fcltak&#8217;\u0131n Meclis \u00fcyelerimize y\u00f6nelik; &#8216;Siz B\u00fcy\u00fck\u015fehir&#8217;e bor\u00e7lanma vermiyorsunuz. Bunun kar\u015f\u0131l\u0131\u011f\u0131nda biz de Akdeniz&#8217;e vermiyoruz&#8217; gibi su\u00e7lamalar\u0131n\u0131 reddediyoruz. B\u00f6yle bir \u015feyin olmas\u0131 m\u00fcmk\u00fcn de\u011fildir. Kimsenin iradesi ipotek alt\u0131nda de\u011fildir. Hele hele Akdeniz&#8217;de grubu bulunan kendi partimin, di\u011fer partilerin, kimsenin talimat\u0131na ihtiyac\u0131 yoktur. Ancak \u015fu olabilir; her zaman tavr\u0131m\u0131z\u0131 a\u00e7\u0131k koyuyoruz. Diyoruz ki; &#8216;belediye ba\u015fkanlar\u0131n\u0131n hizmet noktas\u0131nda elinin, aya\u011f\u0131n\u0131n ba\u011flanmas\u0131n\u0131 do\u011fru bulmuyoruz.&#8217; Yani Mersin B\u00fcy\u00fck\u015fehir Belediyesi&#8217;nde Vahap Se\u00e7er&#8217;e bor\u00e7lanma yetkisi vermiyorsan\u0131z ve bunu bir ak\u0131l \u00e7er\u00e7evesinde size izah edebiliyorsa, bunun ad\u0131 engellemedir&#8221; dedi.<br \/>\nAkdeniz Belediye Ba\u015fkan\u0131 G\u00fcltak&#8217;\u0131n bor\u00e7lanma yetkisi i\u00e7in istedi\u011fi mebla\u011f\u0131n 50 milyon lira olmas\u0131na da dikkat \u00e7eken Ba\u015fkan Se\u00e7er, &#8220;Sizin Meclis yetkisine tabi olan k\u0131sm\u0131 27 milyon TL&#8217;dir. Oysa ki ben biliyorum, yap\u0131lan g\u00f6r\u00fc\u015fmelerde en az\u0131ndan kendi parti grubumun g\u00f6r\u00fc\u015f\u00fcn\u00fc a\u00e7\u0131k\u00e7a ifade edeyim; bu bor\u00e7lanma miktar\u0131n\u0131n taraf\u0131n\u0131za verilmesinde herhangi bir sorun, s\u0131k\u0131nt\u0131 olmad\u0131\u011f\u0131n\u0131 s\u00f6yledi arkada\u015flar. Bir ak\u0131l \u00e7er\u00e7evesinde Meclis yetkisindeki bor\u00e7lanmay\u0131 Say\u0131n G\u00fcltak&#8217;a verin, o orada kals\u0131n. Ben bir arsa sat\u0131\u015f\u0131, bir arsan\u0131n bir kamu kurumuna tahsisi konusuna giremem. Bu sizinle, Meclis \u00fcyeleriniz aras\u0131ndaki konudur&#8221; diye konu\u015ftu.<br \/>\n&#8220;20 y\u0131ll\u0131k bir iktidar\u0131n, Akdeniz Sahil Yolu&#8217;nu yapamamas\u0131 ele\u015ftirilir, yap\u0131lmas\u0131 \u00f6v\u00fclmez&#8221;<br \/>\nMeclis toplant\u0131s\u0131nda D-400 Karayolu&#8217;nun yap\u0131m\u0131 konusunun da g\u00fcndeme gelmesi \u00fczerine konu\u015fan Ba\u015fkan Se\u00e7er, &#8220;T\u00fcrkiye, d\u00fcnyan\u0131n 20 b\u00fcy\u00fck ekonomisinden biri. B\u00f6yle b\u00fcy\u00fck bir b\u00fct\u00e7e kullanan bir h\u00fck\u00fcmetin, 20 y\u0131lda Akdeniz Sahil Yolu&#8217;nu yapamamas\u0131 ele\u015ftirilir, yap\u0131lmas\u0131 \u00f6v\u00fclmez. 20 y\u0131l \u00f6nce de bu \u00fclkede h\u00fck\u00fcmetler vard\u0131, onlar da \u00e7ok de\u011ferli \u00e7al\u0131\u015fmalar yapt\u0131. Bug\u00fcn \u00fczerinde seyahat etti\u011fimiz yollar 2002&#8217;den sonra yap\u0131lmad\u0131.        D-400 Karayolu 1950&#8217;li y\u0131llarda yap\u0131ld\u0131, geni\u015fletildi. Yine 80&#8217;li, 90&#8217;l\u0131 y\u0131llarda otoban diye and\u0131\u011f\u0131m\u0131z \u00c7e\u015fmeli&#8217;ye kadar olan g\u00fczergah yap\u0131ld\u0131 ve ondan sonra da bak\u0131n son 20 y\u0131lda da halen tamamlanamad\u0131. Ben milletvekiliyken programdayd\u0131, 1-2 sene i\u00e7erisinde yap\u0131lacak deniliyordu. \u00dczerinden 12-13 y\u0131l ge\u00e7ti, hala bir arpa boyu yol gidilemedi&#8221; ifadelerini kulland\u0131.<br \/>\nBa\u015fkan Se\u00e7er, Meclis oturumunda ayr\u0131ca 2 g\u00fcndem maddesinde \u0131srar karar\u0131 arad\u0131. B\u00fcy\u00fck\u015fehir Belediyesi&#8217;nin &#8216;T\u00fcrk D\u00fcnyas\u0131 Belediyeler Birli\u011fi&#8217; \u00fcyeli\u011finden ayr\u0131lma ve Erdemli Alata Hal Tesisi&#8217;nde 52 ba\u011f\u0131ms\u0131z b\u00f6l\u00fcm\u00fcn 5393 say\u0131l\u0131 Belediye Kanunu&#8217;nun 18. Maddesinin (e) bendine istinaden sat\u0131\u015f\u0131 i\u00e7in Mersin B\u00fcy\u00fck\u015fehir Belediye Enc\u00fcmeni&#8217;ne yetki verilmesi konular\u0131nda 41 oyla kararda \u0131srar edilerek, 2 teklif de reddedildi.<br \/>\n&#8220;Olumlu bir karar \u00e7\u0131karsa, yap\u0131lan imar de\u011fi\u015fikli\u011fi tekrar Meclise gelecek&#8221;<br \/>\nAkdeniz il\u00e7esi kent merkezi yenileme alan\u0131 ile ilgili teklifin g\u00fcndeme gelmesi \u00fczerine Ba\u015fkan Se\u00e7er, &#8220;Bu konu kent merkezinde toplam 59,47 hektarl\u0131k alanda yap\u0131lacak olan yenileme \u00e7al\u0131\u015fmalar\u0131 ile ilgili bir konu ve \u00f6nemli bir konu. 1. Etap proje alan\u0131nda Avan proje \u00e7al\u0131\u015fmalar\u0131n\u0131 biz ba\u015flatm\u0131\u015ft\u0131k. Bunun karar\u0131n\u0131 da 14 A\u011fustos 2020 tarihinde Meclis&#8217;ten alm\u0131\u015ft\u0131k. Burada belirli \u00e7al\u0131\u015fmalar yap\u0131ld\u0131. Avan proje kapsam\u0131nda Zafer \u00c7ar\u015f\u0131s\u0131&#8217;ndan K\u0131rm\u0131z\u0131 Lacivert \u0130\u015f Han\u0131&#8217;na, Bal\u0131k Pazar\u0131&#8217;ndan Kasaplar \u00c7ar\u015f\u0131s\u0131&#8217;na kadar, Azak Han&#8217;dan di\u011fer b\u00f6lgelere kadar yakla\u015f\u0131k 50 dekarl\u0131k alanda \u00f6nemli \u00e7al\u0131\u015fmalar yap\u0131ld\u0131. Kent Merkezi Yenileme Alan\u0131, 1. Etap Proje Alan\u0131 Koruma Ama\u00e7l\u0131 \u0130mar Plan\u0131 de\u011fi\u015fikli\u011fi, yani bug\u00fcn Meclis&#8217;in g\u00fcndemine gelen bu konu, 12 May\u0131s 2022 tarihinden itibaren komisyonda bekliyor. Nedir bu? Bir g\u00f6r\u00fc\u015f verilecek, bu g\u00f6r\u00fc\u015f do\u011frultusunda olumlu olmas\u0131 durumunda koruma ama\u00e7l\u0131 imar plan\u0131 de\u011fi\u015fikli\u011fi, Adana K\u00fclt\u00fcr Varl\u0131klar\u0131n\u0131 Koruma Kurulu&#8217;nda g\u00f6r\u00fc\u015f\u00fclecek ve karara ba\u011flanacak. \u015eimdi o a\u015famaday\u0131z. Yani komisyonda kabul edilen bu de\u011fi\u015fiklik talebi, burada da kabul edilirse Adana K\u00fclt\u00fcr Varl\u0131klar\u0131n\u0131 Koruma Kurulu&#8217;na gidecek. Orada da olumlu bir karar \u00e7\u0131karsa, yap\u0131lan imar de\u011fi\u015fikli\u011fi tekrar Meclise gelecek&#8221; dedi.<br \/>\n&#8220;\u00c7ok Ama\u00e7l\u0131 K\u00fclt\u00fcr Merkezi planlan\u0131yor&#8221;<br \/>\nProje kapsam\u0131nda K\u0131rm\u0131z\u0131 Lacivert \u0130\u015f Han\u0131 ve \u0130l \u00d6zel \u0130dare Binas\u0131&#8217;n\u0131n bulundu\u011fu alanda \u00c7ok Ama\u00e7l\u0131 K\u00fclt\u00fcr Merkezi tasarland\u0131\u011f\u0131n\u0131 s\u00f6yleyen Se\u00e7er, &#8220;Bu alan\u0131n g\u00fcney biti\u015fi\u011finde yer alan Zafer \u00c7ar\u015f\u0131s\u0131&#8217;n\u0131n bulundu\u011fu b\u00f6lgede, Adana K\u00fclt\u00fcr Varl\u0131klar\u0131n\u0131 Koruma B\u00f6lge Kurulu taraf\u0131ndan mevcut veriler \u0131\u015f\u0131\u011f\u0131nda, kilise kal\u0131nt\u0131s\u0131 olma ihtimali belirtildi\u011finden bu alana meydan \u00f6nerisi getirilmi\u015ftir. Zafer \u00c7ar\u015f\u0131s\u0131&#8217;n\u0131n bulundu\u011fu alana, biz kent merkezi tasarl\u0131yoruz. Hurmal\u0131 Han&#8217;\u0131n oldu\u011fu b\u00f6lgeye, Mersin&#8217;e \u00f6zg\u00fc zanaatlar\u0131n yer ald\u0131\u011f\u0131 at\u00f6lyeler ve ticari \u00fcniteler tasarlanm\u0131\u015f. Bal\u0131k Pazar\u0131 ve Kasaplar \u00c7ar\u015f\u0131s\u0131&#8217;n\u0131n bulundu\u011fu b\u00f6lgede yer alan tescilli k\u00fclt\u00fcr varl\u0131klar\u0131n\u0131 \u00f6n plana \u00e7\u0131karacak \u015fekilde, bu alan\u0131n kuzeyinde ve do\u011fusunda meydan \u00f6nerileri dile getirilmi\u015f. Azak Han&#8217;\u0131n do\u011fusunda yer alan b\u00f6lgede ise sanat galerisi ve \u00e7ocuk k\u00fct\u00fcphanesi i\u00e7eren k\u00fclt\u00fcrel tesis alan\u0131, \u00f6\u011frenci yurt binas\u0131n\u0131 i\u00e7eren sosyal tesis alan\u0131 ve meydan \u00f6nerisi getirilmi\u015ftir. Bunlar tabi ki Avan projede yer alan d\u00fc\u015f\u00fcnceler. Daha sonra bunlar uygulama planlar\u0131yla hayat bulacak&#8221; ifadelerini kulland\u0131.<br \/>\n&#8220;Zafer \u00c7ar\u015f\u0131s\u0131, Bal\u0131k Pazar\u0131 ve Kasaplar \u00c7ar\u015f\u0131s\u0131; bu 3 konu \u00f6nemli&#8221;<br \/>\nZafer \u00c7ar\u015f\u0131s\u0131, Bal\u0131k Pazar\u0131 ve Kasaplar \u00c7ar\u015f\u0131s\u0131 ile ilgili kamuoyuna detayl\u0131 de\u011ferlendirme yapan Se\u00e7er, &#8220;\u015eimdi kamuoyunun ayd\u0131nlanmas\u0131 a\u00e7\u0131s\u0131ndan bu bilgileri veriyorum. Zafer \u00c7ar\u015f\u0131s\u0131, Bal\u0131k Pazar\u0131 ve Kasaplar \u00c7ar\u015f\u0131s\u0131; bu 3 konu \u00f6nemli. Neden \u00f6nemli? \u00c7\u00fcnk\u00fc Zafer \u00c7ar\u015f\u0131s\u0131&#8217;nda bizim esnaflar\u0131m\u0131z, kirac\u0131lar\u0131m\u0131z var. Biz buraya ili\u015fkin ne yapabiliriz? Oradaki vatanda\u015f da, kirac\u0131lar\u0131m\u0131z da bir anda d\u00fckkans\u0131z kalmas\u0131n diye ortak bir \u00e7al\u0131\u015fma y\u00fcr\u00fctebiliriz diye d\u00fc\u015f\u00fcnd\u00fck. Ama g\u00f6rd\u00fc\u011f\u00fcm kadar\u0131yla tek tarafl\u0131 bir beklenti do\u011fdu. Bu hakl\u0131d\u0131r, haks\u0131zd\u0131r onu tart\u0131\u015fmayaca\u011f\u0131m. Vatanda\u015f t\u0131rnak i\u00e7inde &#8216;hakl\u0131d\u0131r&#8217; felsefesinde. Vatanda\u015f\u0131n b\u00f6yle bir talebi oldu. Biz de bir \u00e7al\u0131\u015fma yapt\u0131k. Uygun yer bulamad\u0131k&#8221; dedi. Adliye Binas\u0131&#8217;na ilave bir bina yap\u0131laca\u011f\u0131n\u0131 ve Adliye Binas\u0131&#8217;n\u0131n yan\u0131nda B\u00fcy\u00fck\u015fehir&#8217;e de ait bir yer oldu\u011funu hat\u0131rlatan Ba\u015fkan Se\u00e7er, &#8220;Adliye&#8217;nin bizden talebi \u00fczerine biz \u015f\u00f6yle bir cevap verdik. &#8216;Bizim de yere ihtiyac\u0131m\u0131z var. Ancak bizim de ihtiyac\u0131m\u0131z\u0131 g\u00f6rebilecek Milli Emlak&#8217;a ait yerler varsa biz onlar\u0131 alal\u0131m. Yani bir becayi\u015f \u015feklinde de\u011fil, ama \u00fc\u00e7 a\u015fa\u011f\u0131 be\u015f yukar\u0131 10 lira de\u011ferinde bir gayrimenkul verelim. Adliye Binas\u0131 geni\u015flesin, ama bizim de ihtiya\u00e7lar\u0131m\u0131z\u0131 kar\u015f\u0131layacak bir yer bulal\u0131m. \u00c7\u00fcnk\u00fc yer ihtiyac\u0131m\u0131z var. Bizim \u00f6yle bir arsa zenginli\u011fimiz yok. &#8216;Bize de Milli Emlak&#8217;\u0131n uygun yerlerinden verilsin, hem adliyenin i\u015fi g\u00f6r\u00fcl\u00fcr hem de belediyenin i\u015fi g\u00f6r\u00fcl\u00fcr&#8217; diye yola \u00e7\u0131kt\u0131k. Ancak bir t\u00fcrl\u00fc i\u015f ilerlemeyince, Adliye&#8217;nin de i\u015fi acil olunca, a\u00e7\u0131k\u00e7as\u0131 benden de talep edilince, i\u015fler aksamas\u0131n diye r\u0131za g\u00f6sterdim ve \u015fu anda da i\u015flemleri devam ediyor. Yani biz Adliye&#8217;nin yan\u0131ndaki arsam\u0131z\u0131 Adliye&#8217;ye verece\u011fiz. \u00c7\u00fcnk\u00fc acilen oraya ilave bina yapmas\u0131 gerekiyor. Adliye&#8217;de bir s\u0131k\u0131nt\u0131 olmas\u0131n diye bunu da h\u0131zland\u0131r\u0131yoruz&#8221; diye konu\u015ftu.<br \/>\nKonuyla ilgili yap\u0131lan sonraki g\u00f6r\u00fc\u015fmelere de de\u011finen Se\u00e7er, &#8220;Son geldi\u011fimiz noktada biz Zafer \u00c7ar\u015f\u0131s\u0131&#8217;n\u0131 her hal ve \u015fartta bo\u015faltmak zorunday\u0131z. \u00c7\u00fcnk\u00fc K\u0131rm\u0131z\u0131 Lacivert&#8217;i y\u0131kmak zorunday\u0131z. Afet riski ta\u015f\u0131yan bir bina oldu\u011fu gibi, zaten e\u011fer biz eski kent merkezinde yenilenme \u00e7al\u0131\u015fmas\u0131 yapacaksak mihenk noktas\u0131 oras\u0131. Oray\u0131 a\u00e7mam\u0131z laz\u0131m, oray\u0131 temizlememiz, bir meydan yapmam\u0131z laz\u0131m, kayda de\u011fer bir \u015fey yapmam\u0131z laz\u0131m&#8221; dedi.<br \/>\n&#8220;Tren Gar\u0131&#8217;ndan GMK&#8217;ya kadar, \u0130stiklal Caddesi&#8217;ni d\u00fczenliyoruz&#8221;<br \/>\n\u0130stiklal Caddesi&#8217;nde d\u00fczenlenme \u00e7al\u0131\u015fmalar\u0131 ba\u015flad\u0131\u011f\u0131n\u0131 da belirten Ba\u015fkan Se\u00e7er, &#8220;Haz\u0131rl\u0131klar\u0131n\u0131 yap\u0131yor arkada\u015flar. Tren Gar\u0131&#8217;ndan GMK&#8217;ya kadar, \u0130stiklal Caddesi&#8217;ni d\u00fczenliyoruz. \u00d6zg\u00fcr \u00c7ocuk Park\u0131&#8217;na kadar tek y\u00f6n, ondan sonra mevcut haliyle iki y\u00f6n yapaca\u011f\u0131z zaten. MESK\u0130&#8217;nin yeni binas\u0131n\u0131n, ya da yeni yapt\u0131\u011f\u0131m\u0131z katl\u0131 otopark\u0131n yan\u0131nda \u00d6\u011fretmenevi var, orada da bir alan var. Biz de; &#8216;Milli Emlak buray\u0131 bize verirse, biz de Zafer \u00c7ar\u015f\u0131s\u0131&#8217;ndaki esnafa uygun ticari alanlar\u0131 hemen k\u0131sa bir s\u00fcrede proje yapar, olu\u015ftururuz. Sonra da oradaki esnaflar\u0131m\u0131z\u0131 buraya al\u0131r\u0131z ve bu i\u015fi de b\u00f6ylece \u00e7\u00f6zm\u00fc\u015f oluruz&#8217; dedik. Bu teklif ya da bu d\u00fc\u015f\u00fcnce sizler taraf\u0131n\u0131zdan da biliniyor ve beklemedeyiz. Bu konuda biz giri\u015fimde bulunduk, yaz\u0131lar\u0131n\u0131 yazd\u0131k. En uygun yer bize oras\u0131 geldi. \u00c7\u00fcnk\u00fc oras\u0131 da kent merkezi. MESK\u0130&#8217;nin yeni binas\u0131 da orada, katl\u0131 otopark da var&#8221; diye konu\u015ftu.<br \/>\n&#8220;\u00c7ar\u015f\u0131n\u0131n kar\u0131\u015fmas\u0131na ben kar\u015f\u0131y\u0131m&#8221;<br \/>\nMeclis Toplant\u0131s\u0131&#8217;nda Kasaplar \u00c7ar\u015f\u0131s\u0131&#8217;n\u0131 da de\u011ferlendiren Ba\u015fkan Se\u00e7er, &#8220;Kasaplar \u00c7ar\u015f\u0131s\u0131 esnaf\u0131na &#8216;Bunu siyasi bir polemik haline getirirseniz bu i\u015f \u00e7\u00f6z\u00fclmez&#8217; dedim. Biz de deriz ki &#8216;Yasalarla hareket edelim&#8217;. Acele kamula\u015ft\u0131rma karar\u0131 vard\u0131r, kamula\u015ft\u0131rmalar falan, biz b\u00f6yle yakla\u015fm\u0131yoruz. Belli bir bedel konmu\u015f, 17 metrekare d\u00fckkan\u0131n fiyat\u0131 380 bin TL ile 430 bin TL gibi bir rakamla fiyatland\u0131r\u0131lm\u0131\u015f. Farkl\u0131 g\u00f6r\u00fc\u015fler al\u0131nm\u0131\u015f. Ben orada s\u00f6yledim, burada da s\u00f6yleyece\u011fim. Ben 400 bin TL&#8217;lik yere 600 bin TL veremem, ama 300 bin TL&#8217;de veremem. \u015eimdi ben kimin mal\u0131n\u0131 kime al\u0131yorum. Kamunun mal\u0131n\u0131 kamuya al\u0131yorum. Ald\u0131\u011f\u0131m kamuyu da, sat\u0131n ald\u0131\u011f\u0131m kamuyu da ihya edecek ya da ucuz bir mal alma gibi bir amac\u0131m olamaz. Neyse hak, yerini bulsun. Ama \u00e7ar\u015f\u0131y\u0131 kar\u0131\u015ft\u0131ranlar var. \u00c7ar\u015f\u0131 kar\u0131\u015ft\u0131\u011f\u0131 zaman i\u015fler y\u00fcr\u00fcm\u00fcyor. \u00c7ar\u015f\u0131n\u0131n kar\u0131\u015fmas\u0131na ben kar\u015f\u0131y\u0131m&#8221; dedi. Rakamlar\u0131n yasalar \u00e7er\u00e7evesinde belirlenebilece\u011fini, rakam\u0131 be\u011fenenin sat\u0131\u015f\u0131 yapaca\u011f\u0131n\u0131, yoksa kamula\u015ft\u0131rma yap\u0131laca\u011f\u0131n\u0131 kaydeden Ba\u015fkan Se\u00e7er, &#8220;Fiyat uygun bulunmazsa mahkeme yolu a\u00e7\u0131k. Ancak Say\u0131n G\u00fcltak esnafa &#8216;Biz oraya kredi buluruz, hibe kredisi yapar\u0131z, bir kuru\u015f da sizin cebinizden para \u00e7\u0131kmaz&#8217; gibi bir \u015fey s\u00f6ylemi\u015f. Bunun \u00fczerine ben de, &#8216;O zaman b\u00f6yle bir hibe bulsunlar, bari Mersin&#8217;e bir katk\u0131 olsun, size de bir katk\u0131 olsun. Biz projeyi zaten y\u00fcr\u00fct\u00fcyoruz, hemen hibeyi getirsinler, sizden de bir kuru\u015f almayal\u0131m, bu restorasyonu yapal\u0131m. D\u00fckkanlar da sizde kals\u0131n&#8217; dedim. Bana esnaf\u0131n aktard\u0131\u011f\u0131 bu. Ama \u015fu anda benim b\u00f6yle bir imkan\u0131m yok. Ancak ben; &#8216;\u0130ster sat\u0131n ya da kamula\u015ft\u0131rma yoluyla verin, isterseniz m\u00fclk\u00fc sizde kals\u0131n ben restorasyonunu yapay\u0131m&#8217; \u015feklinde 2 \u00f6neri sundum. &#8216;Yine dedi\u011fim gibi, y\u00fckledi\u011fimiz i\u015flevleri kabul etmek \u015fart\u0131yla, siz bize restorasyon paras\u0131n\u0131 verin ama ma\u011fduriyet ya\u015fatmama ad\u0131na da yasalar\u0131n bana imkan sundu\u011fu en uzun taksitle bunu bana geri \u00f6demeniz laz\u0131m&#8217; dedim. Oradaki konu bundan ibarettir&#8221; \u015feklinde konu\u015ftu.<br \/>\n&#8220;Bal\u0131k Pazar\u0131&#8217;na g\u00fczel bir giydirme yapaca\u011f\u0131z&#8221;<br \/>\nBal\u0131k Pazar\u0131 konusunda ise Ba\u015fkan Se\u00e7er, &#8220;Bal\u0131k Pazar\u0131 esnaf\u0131na dedim ki &#8216;Burada teferruatl\u0131 bir \u00e7al\u0131\u015fma var. Onlar da dedi ki &#8216;Do\u011fru s\u00f6yl\u00fcyorsun buraya da geldiler m\u00fchendisler, teknik heyet \u00e7al\u0131\u015fmalar yapt\u0131.&#8217; Ben de, &#8216;Onu bekleyin, hukuki engelleri kald\u0131ral\u0131m, imar de\u011fi\u015fikli\u011fini yapal\u0131m, meclisten ge\u00e7sin, buran\u0131n giydirmesini ben yapaca\u011f\u0131m, sizden de bir kuru\u015f para istemiyorum&#8217; dedim.  \u00c7\u00fcnk\u00fc orada yap\u0131lacak \u00e7al\u0131\u015fma, Kasaplar \u00c7ar\u015f\u0131s\u0131&#8217;ndan farkl\u0131. Teferruatl\u0131 bir \u015fey yok, sadece giydirme yapaca\u011f\u0131z. \u0130\u00e7 tarafa, m\u00fc\u015ftemilata dokunmayaca\u011f\u0131z. Sadece g\u00fczel bir giydirme yapaca\u011f\u0131z, onu da belediye olarak hi\u00e7bir yerden hibe beklemeden, ba\u011f\u0131\u015f beklemeden yapaca\u011f\u0131z. Ama 3 ayd\u0131r bu komisyonda bekliyor. Verdi\u011fimiz s\u00f6z\u00fcn yerine gelmesi i\u00e7in, bu i\u015flemlerin h\u0131zla y\u00fcr\u00fcmesi gerekir. Komisyona te\u015fekk\u00fcr ediyorum, 3 ay sonra da olsa b\u00f6yle bir karar\u0131n alt\u0131na oy birli\u011fi ile imza att\u0131lar. Daha sonra Adana K\u00fclt\u00fcr Varl\u0131klar\u0131 Koruma Kurulu&#8217;na da m\u00fcracaat\u0131m\u0131z\u0131 yapaca\u011f\u0131z. Oradan gelecek sonuca g\u00f6re, tekrar Meclise bunu getirece\u011fiz&#8221; ifadelerini kulland\u0131.<br \/>\nZafer \u00c7ar\u015f\u0131s\u0131 konusunda Milli Emlak&#8217;\u0131n karar vermesini bekliyoruz&#8221;<br \/>\nBir meclis \u00fcyesinin Zafer \u00c7ar\u015f\u0131s\u0131&#8217;n\u0131n d\u00fczenlenmesi y\u00f6n\u00fcndeki ilgili komisyon g\u00f6r\u00fc\u015fmelerine ili\u015fkin s\u00f6zlerinin ard\u0131ndan konu\u015fan Ba\u015fkan Vahap Se\u00e7er, &#8220;Daha iyi anla\u015f\u0131lmas\u0131 ad\u0131na s\u00f6yl\u00fcyorum. Oras\u0131 Milli Emlak&#8217;a ait. Ben oraya, Zafer \u00c7ar\u015f\u0131s\u0131 esnaf\u0131na d\u00fckk\u00e2n yapaca\u011f\u0131m de\u011fil mi? Bunun i\u00e7in Milli Emlak&#8217;\u0131n oray\u0131 belediyeye vermesi gerekir. Daha \u00f6nce biz bunu g\u00f6r\u00fc\u015ft\u00fck. Adliye konusunda &#8216;Verebiliriz&#8217; gibi bir durum da oldu. A\u00e7\u0131k s\u00f6yleyelim; Adliye&#8217;ye i\u015fi h\u0131zland\u0131rd\u0131k, sanki b\u00f6yle bir pazarl\u0131k konusu olmas\u0131n, bir kurum di\u011fer bir kurumun i\u015fini engelliyor, bir pazarl\u0131k konusu yap\u0131yor gibi g\u00f6r\u00fcnmesin diye biz &#8216;Evet&#8217; dedik, &#8216;\u00c7\u00f6z\u00fcm geriden gelsin&#8217; dedik. Yani \u015fu anda bir engel yok, ama bir an \u00f6nce bunun da alt\u0131n\u0131 \u00e7izelim; bir an \u00f6nce Milli Emlak&#8217;\u0131n bu konuda bir karar vermesi ve bize buray\u0131 vermesi gerekiyor ki, biz orada hemen proje yapal\u0131m ve uygulamaya koyal\u0131m&#8221; dedi.<\/p>\n","protected":false},"excerpt":{"rendered":"<p>Mersin B\u00fcy\u00fck\u015fehir Belediye Meclisi&#8217;nin 2022 y\u0131l\u0131 A\u011fustos ay\u0131 1. Birle\u015fim Toplant\u0131s\u0131, B\u00fcy\u00fck\u015fehir Belediye Ba\u015fkan\u0131 Vahap Se\u00e7er ba\u015fkanl\u0131\u011f\u0131nda ger\u00e7ekle\u015ftirildi. Meclis Toplant\u0131s\u0131&#8217;nda; idareden gelen 22, komisyonlara havale edilen 17 olmak \u00fczere toplam &hellip; <a href=\"https:\/\/akdenizolaygazetesi.com\/?p=20264\" class=\"more-link\">Devam\u0131n\u0131 Oku&#8230;<\/a><\/p>\n","protected":false},"author":2,"featured_media":20265,"comment_status":"open","ping_status":"open","sticky":false,"template":"","format":"standard","meta":[],"categories":[8,1,2,3,6],"tags":[],"_links":{"self":[{"href":"https:\/\/akdenizolaygazetesi.com\/index.php?rest_route=\/wp\/v2\/posts\/20264"}],"collection":[{"href":"https:\/\/akdenizolaygazetesi.com\/index.php?rest_route=\/wp\/v2\/posts"}],"about":[{"href":"https:\/\/akdenizolaygazetesi.com\/index.php?rest_route=\/wp\/v2\/types\/post"}],"author":[{"embeddable":true,"href":"https:\/\/akdenizolaygazetesi.com\/index.php?rest_route=\/wp\/v2\/users\/2"}],"replies":[{"embeddable":true,"href":"https:\/\/akdenizolaygazetesi.com\/index.php?rest_route=%2Fwp%2Fv2%2Fcomments&post=20264"}],"version-history":[{"count":1,"href":"https:\/\/akdenizolaygazetesi.com\/index.php?rest_route=\/wp\/v2\/posts\/20264\/revisions"}],"predecessor-version":[{"id":20266,"href":"https:\/\/akdenizolaygazetesi.com\/index.php?rest_route=\/wp\/v2\/posts\/20264\/revisions\/20266"}],"wp:featuredmedia":[{"embeddable":true,"href":"https:\/\/akdenizolaygazetesi.com\/index.php?rest_route=\/wp\/v2\/media\/20265"}],"wp:attachment":[{"href":"https:\/\/akdenizolaygazetesi.com\/index.php?rest_route=%2Fwp%2Fv2%2Fmedia&parent=20264"}],"wp:term":[{"taxonomy":"category","embeddable":true,"href":"https:\/\/akdenizolaygazetesi.com\/index.php?rest_route=%2Fwp%2Fv2%2Fcategories&post=20264"},{"taxonomy":"post_tag","embeddable":true,"href":"https:\/\/akdenizolaygazetesi.com\/index.php?rest_route=%2Fwp%2Fv2%2Ftags&post=20264"}],"curies":[{"name":"wp","href":"https:\/\/api.w.org\/{rel}","templated":true}]}}