{"id":20276,"date":"2022-08-10T12:30:25","date_gmt":"2022-08-10T09:30:25","guid":{"rendered":"http:\/\/akdenizolaygazetesi.com\/?p=20276"},"modified":"2022-08-10T12:30:25","modified_gmt":"2022-08-10T09:30:25","slug":"toroslarin-yaylalarinda-ulasim-agi-daha-da-gucleniyor","status":"publish","type":"post","link":"https:\/\/akdenizolaygazetesi.com\/?p=20276","title":{"rendered":"TOROSLAR&#8217;IN YAYLALARINDA, ULA\u015eIM A\u011eI DAHA DA G\u00dc\u00c7LEN\u0130YOR"},"content":{"rendered":"<p>Toroslar Belediyesi, il\u00e7enin y\u00fcksek kesimlerindeki mahallelerde yeni yol a\u00e7\u0131m, bak\u0131m ve d\u00fczenleme \u00e7al\u0131\u015fmalar\u0131n\u0131 aral\u0131ks\u0131z s\u00fcrd\u00fcr\u00fcyor.<\/p>\n<p>Toroslar Belediye Ba\u015fkan\u0131 Ats\u0131z Af\u015f\u0131n Y\u0131lmaz; yaz aylar\u0131nda yayla yollar\u0131n\u0131n kullan\u0131m\u0131n\u0131n daha da artt\u0131\u011f\u0131n\u0131 ve vatanda\u015flar\u0131n bu g\u00fczerg\u00e2hlarda s\u0131k\u0131nt\u0131 ya\u015famamalar\u0131 i\u00e7in planl\u0131 bir \u015fekilde \u00e7al\u0131\u015ft\u0131klar\u0131n\u0131 s\u00f6yledi.<\/p>\n<p>Fen \u0130\u015fleri M\u00fcd\u00fcrl\u00fc\u011f\u00fc ekipleri bu kapsamda; Kerimler, So\u011fucak ve Dar\u0131sekisi Mahallelerinde yeni yol a\u00e7\u0131m ve d\u00fczenleme \u00e7al\u0131\u015fmalar\u0131 yapt\u0131. Ekipler, Arslank\u00f6y, Yavca ve \u00c7a\u011flarca Mahallelerinde \u00e7ift\u00e7ilerin tar\u0131m arazisine ula\u015fmak i\u00e7in kulland\u0131\u011f\u0131 yollar\u0131 da yeniledi.<\/p>\n<p>Ba\u015fkan Y\u0131lmaz; &#8220;Yaylalar\u0131m\u0131z, Cazibe Merkezi Oldu&#8221;<\/p>\n<p>Toroslar Belediye Ba\u015fkan\u0131 Ats\u0131z Af\u015f\u0131n Y\u0131lmaz, Toroslar&#8217;\u0131n h\u0131zla geli\u015fen bir il\u00e7e oldu\u011funa dikkat \u00e7ekerek; &#8220;H\u0131zla geli\u015fen ve b\u00fcy\u00fcyen il\u00e7emizde, ara\u00e7 ve yaya trafi\u011fini daha g\u00fcvenli hale getirmek ad\u0131na yol yap\u0131m \u00e7al\u0131\u015fmalar\u0131m\u0131z\u0131 planl\u0131 bir \u015fekilde s\u00fcrd\u00fcr\u00fcyoruz&#8221; dedi.<\/p>\n<p>&#8220;\u00c7\u00f6z\u00fcm odakl\u0131 belediyecilik anlay\u0131\u015f\u0131n\u0131 benimsiyoruz. G\u00f6reve geldi\u011fimiz g\u00fcnden bug\u00fcne kadar hem\u015fehrilerimizin hayat\u0131n\u0131 kolayla\u015ft\u0131ran \u00f6nemli hizmetlere imza att\u0131k&#8221; diyen Ba\u015fkan Y\u0131lmaz; &#8220;Pandemi s\u00fcreciyle birlikte il\u00e7emizin yaylalar\u0131na olan talep ikiye katland\u0131. \u00d6zellikle yaylalar\u0131m\u0131zda k\u0131\u015f aylar\u0131n\u0131n rahat ge\u00e7mesi i\u00e7in planl\u0131 bir \u00e7al\u0131\u015fma y\u00fcr\u00fct\u00fcyoruz. Yeni yerle\u015fim alanlar\u0131nda imara uygun yol a\u00e7\u0131m ve d\u00fczenleme \u00e7al\u0131\u015fmalar\u0131 yap\u0131yoruz. Mevsim \u015fartlar\u0131, a\u015f\u0131r\u0131 kullan\u0131m ve alt yap\u0131 \u00e7al\u0131\u015fmalar\u0131 nedeniyle bozulan ve tahrip olan yollar\u0131m\u0131z\u0131 bak\u0131mdan ge\u00e7irerek daha nitelikli hale getiriyoruz. \u00dcst yap\u0131 \u00e7al\u0131\u015fmalar\u0131yla yeniledi\u011fimiz yaylalar\u0131m\u0131z\u0131n do\u011fa sporlar\u0131 ve turizmi konusunda da \u00f6nemli bir merkez olmas\u0131 i\u00e7in \u00e7al\u0131\u015f\u0131yor ve bu do\u011frultuda projeler \u00fcretmeye devam ediyoruz&#8221; \u015feklinde konu\u015ftu.<\/p>\n","protected":false},"excerpt":{"rendered":"<p>Toroslar Belediyesi, il\u00e7enin y\u00fcksek kesimlerindeki mahallelerde yeni yol a\u00e7\u0131m, bak\u0131m ve d\u00fczenleme \u00e7al\u0131\u015fmalar\u0131n\u0131 aral\u0131ks\u0131z s\u00fcrd\u00fcr\u00fcyor. Toroslar Belediye Ba\u015fkan\u0131 Ats\u0131z Af\u015f\u0131n Y\u0131lmaz; yaz aylar\u0131nda yayla yollar\u0131n\u0131n kullan\u0131m\u0131n\u0131n daha da artt\u0131\u011f\u0131n\u0131 ve &hellip; <a href=\"https:\/\/akdenizolaygazetesi.com\/?p=20276\" class=\"more-link\">Devam\u0131n\u0131 Oku&#8230;<\/a><\/p>\n","protected":false},"author":2,"featured_media":20277,"comment_status":"open","ping_status":"open","sticky":false,"template":"","format":"standard","meta":[],"categories":[3],"tags":[],"_links":{"self":[{"href":"https:\/\/akdenizolaygazetesi.com\/index.php?rest_route=\/wp\/v2\/posts\/20276"}],"collection":[{"href":"https:\/\/akdenizolaygazetesi.com\/index.php?rest_route=\/wp\/v2\/posts"}],"about":[{"href":"https:\/\/akdenizolaygazetesi.com\/index.php?rest_route=\/wp\/v2\/types\/post"}],"author":[{"embeddable":true,"href":"https:\/\/akdenizolaygazetesi.com\/index.php?rest_route=\/wp\/v2\/users\/2"}],"replies":[{"embeddable":true,"href":"https:\/\/akdenizolaygazetesi.com\/index.php?rest_route=%2Fwp%2Fv2%2Fcomments&post=20276"}],"version-history":[{"count":1,"href":"https:\/\/akdenizolaygazetesi.com\/index.php?rest_route=\/wp\/v2\/posts\/20276\/revisions"}],"predecessor-version":[{"id":20278,"href":"https:\/\/akdenizolaygazetesi.com\/index.php?rest_route=\/wp\/v2\/posts\/20276\/revisions\/20278"}],"wp:featuredmedia":[{"embeddable":true,"href":"https:\/\/akdenizolaygazetesi.com\/index.php?rest_route=\/wp\/v2\/media\/20277"}],"wp:attachment":[{"href":"https:\/\/akdenizolaygazetesi.com\/index.php?rest_route=%2Fwp%2Fv2%2Fmedia&parent=20276"}],"wp:term":[{"taxonomy":"category","embeddable":true,"href":"https:\/\/akdenizolaygazetesi.com\/index.php?rest_route=%2Fwp%2Fv2%2Fcategories&post=20276"},{"taxonomy":"post_tag","embeddable":true,"href":"https:\/\/akdenizolaygazetesi.com\/index.php?rest_route=%2Fwp%2Fv2%2Ftags&post=20276"}],"curies":[{"name":"wp","href":"https:\/\/api.w.org\/{rel}","templated":true}]}}