{"id":20288,"date":"2022-08-10T12:38:32","date_gmt":"2022-08-10T09:38:32","guid":{"rendered":"http:\/\/akdenizolaygazetesi.com\/?p=20288"},"modified":"2022-08-10T12:38:32","modified_gmt":"2022-08-10T09:38:32","slug":"adli-yargi-adalet-komisyon-baskanindan-hayirli-olsun-ziyareti","status":"publish","type":"post","link":"https:\/\/akdenizolaygazetesi.com\/?p=20288","title":{"rendered":"Adli Yarg\u0131 Adalet Komisyon Ba\u015fkan\u0131ndan hay\u0131rl\u0131 olsun ziyareti"},"content":{"rendered":"<p>Mersin Adli Yarg\u0131 Adalet Komisyon Ba\u015fkan\u0131 Mustafa Kahveci, Mersin Orman B\u00f6lge M\u00fcd\u00fcr\u00fc Mustafa Yal\u00e7\u0131n\u2019\u0131 ziyaret etti.<br \/>\nAdli Yarg\u0131 Adalet Komisyon Ba\u015fkan\u0131 Kahveci, B\u00f6lge M\u00fcd\u00fcr\u00fc Yal\u00e7\u0131n\u2019a yeni g\u00f6revinin hay\u0131rl\u0131 olmas\u0131n\u0131 diledi. B\u00f6lge M\u00fcd\u00fcr\u00fc Yal\u00e7\u0131n ise ziyaretten duydu\u011fu memnuniyeti dile getirdi.<\/p>\n<p>Mersin Orman B\u00f6lge M\u00fcd\u00fcrl\u00fc\u011f\u00fc olarak bu nazik ziyaretleri i\u00e7in kendilerine te\u015fekk\u00fcr ederiz.<\/p>\n","protected":false},"excerpt":{"rendered":"<p>Mersin Adli Yarg\u0131 Adalet Komisyon Ba\u015fkan\u0131 Mustafa Kahveci, Mersin Orman B\u00f6lge M\u00fcd\u00fcr\u00fc Mustafa Yal\u00e7\u0131n\u2019\u0131 ziyaret etti. Adli Yarg\u0131 Adalet Komisyon Ba\u015fkan\u0131 Kahveci, B\u00f6lge M\u00fcd\u00fcr\u00fc Yal\u00e7\u0131n\u2019a yeni g\u00f6revinin hay\u0131rl\u0131 olmas\u0131n\u0131 diledi. &hellip; <a href=\"https:\/\/akdenizolaygazetesi.com\/?p=20288\" class=\"more-link\">Devam\u0131n\u0131 Oku&#8230;<\/a><\/p>\n","protected":false},"author":2,"featured_media":20289,"comment_status":"open","ping_status":"open","sticky":false,"template":"","format":"standard","meta":[],"categories":[3],"tags":[],"_links":{"self":[{"href":"https:\/\/akdenizolaygazetesi.com\/index.php?rest_route=\/wp\/v2\/posts\/20288"}],"collection":[{"href":"https:\/\/akdenizolaygazetesi.com\/index.php?rest_route=\/wp\/v2\/posts"}],"about":[{"href":"https:\/\/akdenizolaygazetesi.com\/index.php?rest_route=\/wp\/v2\/types\/post"}],"author":[{"embeddable":true,"href":"https:\/\/akdenizolaygazetesi.com\/index.php?rest_route=\/wp\/v2\/users\/2"}],"replies":[{"embeddable":true,"href":"https:\/\/akdenizolaygazetesi.com\/index.php?rest_route=%2Fwp%2Fv2%2Fcomments&post=20288"}],"version-history":[{"count":1,"href":"https:\/\/akdenizolaygazetesi.com\/index.php?rest_route=\/wp\/v2\/posts\/20288\/revisions"}],"predecessor-version":[{"id":20290,"href":"https:\/\/akdenizolaygazetesi.com\/index.php?rest_route=\/wp\/v2\/posts\/20288\/revisions\/20290"}],"wp:featuredmedia":[{"embeddable":true,"href":"https:\/\/akdenizolaygazetesi.com\/index.php?rest_route=\/wp\/v2\/media\/20289"}],"wp:attachment":[{"href":"https:\/\/akdenizolaygazetesi.com\/index.php?rest_route=%2Fwp%2Fv2%2Fmedia&parent=20288"}],"wp:term":[{"taxonomy":"category","embeddable":true,"href":"https:\/\/akdenizolaygazetesi.com\/index.php?rest_route=%2Fwp%2Fv2%2Fcategories&post=20288"},{"taxonomy":"post_tag","embeddable":true,"href":"https:\/\/akdenizolaygazetesi.com\/index.php?rest_route=%2Fwp%2Fv2%2Ftags&post=20288"}],"curies":[{"name":"wp","href":"https:\/\/api.w.org\/{rel}","templated":true}]}}