{"id":20300,"date":"2022-08-10T16:28:32","date_gmt":"2022-08-10T13:28:32","guid":{"rendered":"http:\/\/akdenizolaygazetesi.com\/?p=20300"},"modified":"2022-08-10T16:28:32","modified_gmt":"2022-08-10T13:28:32","slug":"cbknin-ilk-hedefi-sakatliktan-korunmak","status":"publish","type":"post","link":"https:\/\/akdenizolaygazetesi.com\/?p=20300","title":{"rendered":"\u00c7BK&#8217;NIN \u0130LK HEDEF\u0130 SAKATLIKTAN KORUNMAK"},"content":{"rendered":"<p>Kad\u0131nlar Basketbol S\u00fcper Ligi tak\u0131mlar\u0131ndan \u00c7ukurova Basketbol Kul\u00fcb\u00fc (\u00c7BK) Mersin Yeni\u015fehir Belediyesi&#8217;nde teknik koordinat\u00f6rl\u00fck g\u00f6revine getirilen Zafer Kalayc\u0131o\u011flu, ge\u00e7en sezon sakatlanan 3 \u00f6nemli isimden yararlanamad\u0131klar\u0131n\u0131 an\u0131msatarak, &#8220;Bu y\u0131lki ilk hedefimiz, oyuncular\u0131 sakatl\u0131\u011fa kar\u015f\u0131 korumak olacak. Sezon ba\u015f\u0131nda h\u0131zl\u0131 y\u00fcklemeler yaparak oyuncular\u0131 y\u0131pratmak istemiyoruz. Yava\u015f bir \u015fekilde ilerleyip sakatl\u0131ktan uzak kalarak kupalara uzanmak amac\u0131nday\u0131z&#8221; dedi. <\/p>\n<p>Gelecek sezon EuroLig Women, Kad\u0131nlar Basketbol S\u00fcper Ligi, T\u00fcrkiye Kupas\u0131 ile Cumhurba\u015fkanl\u0131\u011f\u0131 Kupas\u0131&#8217;nda \u015fampiyonluk hedefleyen ve bu do\u011frultuda \u00f6nemli oyuncular\u0131 transfer eden \u00c7ukurova Basketbol&#8217;un teknik kadrosuna da 2 tecr\u00fcbeli isim kat\u0131ld\u0131. Geride kalan sezonda ba\u015fanten\u00f6r olarak turuncu-lacivertliler ile 6 ma\u00e7a \u00e7\u0131kan tecr\u00fcbeli ko\u00e7 Zafer Kalayc\u0131o\u011flu teknik koordinat\u00f6r, ge\u00e7mi\u015f y\u0131llarda T\u00fcrk Telekom ve TED Kolejliler gibi tak\u0131mlarda g\u00f6rev yapm\u0131\u015f eski milli basketbolculardan Yrd. Do\u00e7. Dr. Hilmi Ta\u015fer de kondisyonerlik g\u00f6revine getirildi. <\/p>\n<p>Kendilerini zor bir sezonun bekledi\u011fini belirten Teknik Koordinat\u00f6r Zafer Kalayc\u0131o\u011flu, &#8220;Bu y\u0131lki ilk hedefimiz, oyuncular\u0131 sakatl\u0131\u011fa kar\u015f\u0131 korumak olacak. Sezon ba\u015f\u0131nda h\u0131zl\u0131 y\u00fcklemeler yaparak oyuncular\u0131 y\u0131pratmak istemiyoruz. Yava\u015f bir \u015fekilde ilerleyip sakatl\u0131ktan uzak kalarak kupalara uzanmak amac\u0131nday\u0131z&#8221; diye konu\u015ftu.<\/p>\n<p>EMRE VATANSEVER AVANTAJI<br \/>\nEuroLig ma\u00e7lar\u0131n\u0131n sert ge\u00e7ece\u011fini belirterek, 2 grup aras\u0131nda seviye fark\u0131n\u0131n olmad\u0131\u011f\u0131n\u0131 aktaran Kalayc\u0131o\u011flu, &#8220;Burada ba\u015far\u0131l\u0131 olmak kolay de\u011fil ama bu i\u015fin ba\u015f\u0131nda Emre Vatansever gibi ge\u00e7en y\u0131l WNBA&#8217;de \u015fampiyon olan tak\u0131m\u0131n ko\u00e7lar\u0131ndan birisi olacak. Bence bu bir avantaj. \u00c7\u00fcnk\u00fc bu kadar yabanc\u0131 oyuncunun oldu\u011fu bir tak\u0131mda WNBA tecr\u00fcbesi bulunan bir ko\u00e7un g\u00f6rev almas\u0131 \u00e7ok \u00f6nemli. Tek iste\u011fim ve arzum Emre Hoca&#8217;n\u0131n kapasitesini sezona yans\u0131tarak, kul\u00fcb\u00fcm\u00fcz\u00fc en \u00fcst seviyeye ta\u015f\u0131mas\u0131d\u0131r&#8221; ifadelerini kulland\u0131. <\/p>\n<p>&#8220;B\u00dcY\u00dcK B\u0130R FIRSAT&#8221;<br \/>\nMersin&#8217;de ve \u00c7ukurova Basketbol&#8217;da g\u00f6rev almaktan duydu\u011fu memnuniyeti dile getiren Kondisyoner Yrd. Do\u00e7. Dr. Hilmi Ta\u015fer ise &#8220;\u00c7ok b\u00fcy\u00fck bir organizasyona geldi\u011fimin fark\u0131nday\u0131m. \u00d6zellikle buraya geldikten sonra net bir \u015fekilde g\u00f6rd\u00fcm. Kad\u0131n basketboluna b\u00f6ylesine b\u00fcy\u00fck bir organizasyonla d\u00f6nmek benim i\u00e7in de b\u00fcy\u00fck bir f\u0131rsat. Yerli ve yabanc\u0131 \u00e7ok \u00f6nemli oyuncular\u0131m\u0131z var. 15 A\u011fustos&#8217;ta 6-7 oyuncumuzla \u00e7al\u0131\u015fmaya ba\u015flayaca\u011f\u0131z. Sonras\u0131nda hocam\u0131z\u0131n ve di\u011fer oyuncular\u0131m\u0131z\u0131n kat\u0131l\u0131m\u0131yla ba\u015far\u0131l\u0131 olmak i\u00e7in elimizden geleni yapaca\u011f\u0131z&#8221; \u015feklinde konu\u015ftu.<\/p>\n","protected":false},"excerpt":{"rendered":"<p>Kad\u0131nlar Basketbol S\u00fcper Ligi tak\u0131mlar\u0131ndan \u00c7ukurova Basketbol Kul\u00fcb\u00fc (\u00c7BK) Mersin Yeni\u015fehir Belediyesi&#8217;nde teknik koordinat\u00f6rl\u00fck g\u00f6revine getirilen Zafer Kalayc\u0131o\u011flu, ge\u00e7en sezon sakatlanan 3 \u00f6nemli isimden yararlanamad\u0131klar\u0131n\u0131 an\u0131msatarak, &#8220;Bu y\u0131lki ilk hedefimiz, &hellip; <a href=\"https:\/\/akdenizolaygazetesi.com\/?p=20300\" class=\"more-link\">Devam\u0131n\u0131 Oku&#8230;<\/a><\/p>\n","protected":false},"author":2,"featured_media":20301,"comment_status":"open","ping_status":"open","sticky":false,"template":"","format":"standard","meta":[],"categories":[3,10],"tags":[],"_links":{"self":[{"href":"https:\/\/akdenizolaygazetesi.com\/index.php?rest_route=\/wp\/v2\/posts\/20300"}],"collection":[{"href":"https:\/\/akdenizolaygazetesi.com\/index.php?rest_route=\/wp\/v2\/posts"}],"about":[{"href":"https:\/\/akdenizolaygazetesi.com\/index.php?rest_route=\/wp\/v2\/types\/post"}],"author":[{"embeddable":true,"href":"https:\/\/akdenizolaygazetesi.com\/index.php?rest_route=\/wp\/v2\/users\/2"}],"replies":[{"embeddable":true,"href":"https:\/\/akdenizolaygazetesi.com\/index.php?rest_route=%2Fwp%2Fv2%2Fcomments&post=20300"}],"version-history":[{"count":1,"href":"https:\/\/akdenizolaygazetesi.com\/index.php?rest_route=\/wp\/v2\/posts\/20300\/revisions"}],"predecessor-version":[{"id":20302,"href":"https:\/\/akdenizolaygazetesi.com\/index.php?rest_route=\/wp\/v2\/posts\/20300\/revisions\/20302"}],"wp:featuredmedia":[{"embeddable":true,"href":"https:\/\/akdenizolaygazetesi.com\/index.php?rest_route=\/wp\/v2\/media\/20301"}],"wp:attachment":[{"href":"https:\/\/akdenizolaygazetesi.com\/index.php?rest_route=%2Fwp%2Fv2%2Fmedia&parent=20300"}],"wp:term":[{"taxonomy":"category","embeddable":true,"href":"https:\/\/akdenizolaygazetesi.com\/index.php?rest_route=%2Fwp%2Fv2%2Fcategories&post=20300"},{"taxonomy":"post_tag","embeddable":true,"href":"https:\/\/akdenizolaygazetesi.com\/index.php?rest_route=%2Fwp%2Fv2%2Ftags&post=20300"}],"curies":[{"name":"wp","href":"https:\/\/api.w.org\/{rel}","templated":true}]}}