{"id":20303,"date":"2022-08-10T16:30:26","date_gmt":"2022-08-10T13:30:26","guid":{"rendered":"http:\/\/akdenizolaygazetesi.com\/?p=20303"},"modified":"2022-08-10T16:30:26","modified_gmt":"2022-08-10T13:30:26","slug":"baskan-yilmaz-musaade-etmeyecegiz","status":"publish","type":"post","link":"https:\/\/akdenizolaygazetesi.com\/?p=20303","title":{"rendered":"Ba\u015fkan Y\u0131lmaz; &#8220;M\u00fcsaade Etmeyece\u011fiz&#8221;"},"content":{"rendered":"<p>Toroslar Belediyesi, il\u00e7e genelinde yol ve kald\u0131r\u0131m i\u015fgalinin \u00f6n\u00fcne ge\u00e7mek i\u00e7in denetimlerini s\u00fcrd\u00fcr\u00fcyor.<\/p>\n<p>Belediye Zab\u0131ta M\u00fcd\u00fcrl\u00fc\u011f\u00fc ekipleri; kald\u0131r\u0131mlarda \u00fcr\u00fcn ve malzemelerini sergileyerek, yayalar\u0131n kullan\u0131m alan\u0131n\u0131 daraltan i\u015fletme sahiplerine uyar\u0131larda bulundu.<\/p>\n<p>Ekipler; vatanda\u015flar\u0131n ge\u00e7i\u015fini engelleyen reklam tabelas\u0131, tezg\u00e2h, masa ve sandalye gibi malzemelerin yol ve kald\u0131r\u0131mlarda bulunmas\u0131na izin verilmeyece\u011fini belirtirken, engelliler i\u00e7in olu\u015fturulan alanlar \u00fczerine park eden motorlu vas\u0131ta sahiplerinden de gerekli hassasiyeti g\u00f6stermelerini istedi.<\/p>\n<p>Ba\u015fkan Y\u0131lmaz; &#8220;M\u00fcsaade Etmeyece\u011fiz&#8221;<\/p>\n<p>Toroslar Belediye Ba\u015fkan\u0131 Ats\u0131z Af\u015f\u0131n Y\u0131lmaz, kald\u0131r\u0131mlar\u0131n yayalar\u0131n ortak kullan\u0131m alan\u0131 oldu\u011funu belirterek, yol ve kald\u0131r\u0131m i\u015fgali yapan esnafa m\u00fcsaade etmeyeceklerini s\u00f6yledi.<\/p>\n<p>Vatanda\u015flar\u0131n al\u0131\u015fveri\u015flerini daha iyi \u015fartlarda yapabilmeleri i\u00e7in denetimlerin aral\u0131ks\u0131z devam edece\u011fini kaydeden Ba\u015fkan Y\u0131lmaz; &#8220;Kald\u0131r\u0131mlara geli\u015fig\u00fczel konulan malzemeler bir yandan k\u00f6t\u00fc g\u00f6r\u00fcnt\u00fc olu\u015fturuyor bir yandan da vatanda\u015flar\u0131m\u0131z\u0131n kald\u0131r\u0131mlar\u0131 kullanmalar\u0131n\u0131 zorla\u015ft\u0131r\u0131yor. Toroslar Belediyesi olarak hem\u015fehrilerimizin huzur ve can g\u00fcvenli\u011fini tehdit edecek hi\u00e7bir i\u015fgale ge\u00e7it vermeyece\u011fiz. Bu noktada ekiplerimiz, il\u00e7emiz genelinde denetimlerini s\u00fcrd\u00fcr\u00fcyor. Konuya duyarl\u0131l\u0131k g\u00f6steren esnaf\u0131m\u0131za te\u015fekk\u00fcr ederiz&#8221; diye konu\u015ftu.<\/p>\n","protected":false},"excerpt":{"rendered":"<p>Toroslar Belediyesi, il\u00e7e genelinde yol ve kald\u0131r\u0131m i\u015fgalinin \u00f6n\u00fcne ge\u00e7mek i\u00e7in denetimlerini s\u00fcrd\u00fcr\u00fcyor. Belediye Zab\u0131ta M\u00fcd\u00fcrl\u00fc\u011f\u00fc ekipleri; kald\u0131r\u0131mlarda \u00fcr\u00fcn ve malzemelerini sergileyerek, yayalar\u0131n kullan\u0131m alan\u0131n\u0131 daraltan i\u015fletme sahiplerine uyar\u0131larda bulundu. &hellip; <a href=\"https:\/\/akdenizolaygazetesi.com\/?p=20303\" class=\"more-link\">Devam\u0131n\u0131 Oku&#8230;<\/a><\/p>\n","protected":false},"author":2,"featured_media":20304,"comment_status":"open","ping_status":"open","sticky":false,"template":"","format":"standard","meta":[],"categories":[3,5],"tags":[],"_links":{"self":[{"href":"https:\/\/akdenizolaygazetesi.com\/index.php?rest_route=\/wp\/v2\/posts\/20303"}],"collection":[{"href":"https:\/\/akdenizolaygazetesi.com\/index.php?rest_route=\/wp\/v2\/posts"}],"about":[{"href":"https:\/\/akdenizolaygazetesi.com\/index.php?rest_route=\/wp\/v2\/types\/post"}],"author":[{"embeddable":true,"href":"https:\/\/akdenizolaygazetesi.com\/index.php?rest_route=\/wp\/v2\/users\/2"}],"replies":[{"embeddable":true,"href":"https:\/\/akdenizolaygazetesi.com\/index.php?rest_route=%2Fwp%2Fv2%2Fcomments&post=20303"}],"version-history":[{"count":1,"href":"https:\/\/akdenizolaygazetesi.com\/index.php?rest_route=\/wp\/v2\/posts\/20303\/revisions"}],"predecessor-version":[{"id":20305,"href":"https:\/\/akdenizolaygazetesi.com\/index.php?rest_route=\/wp\/v2\/posts\/20303\/revisions\/20305"}],"wp:featuredmedia":[{"embeddable":true,"href":"https:\/\/akdenizolaygazetesi.com\/index.php?rest_route=\/wp\/v2\/media\/20304"}],"wp:attachment":[{"href":"https:\/\/akdenizolaygazetesi.com\/index.php?rest_route=%2Fwp%2Fv2%2Fmedia&parent=20303"}],"wp:term":[{"taxonomy":"category","embeddable":true,"href":"https:\/\/akdenizolaygazetesi.com\/index.php?rest_route=%2Fwp%2Fv2%2Fcategories&post=20303"},{"taxonomy":"post_tag","embeddable":true,"href":"https:\/\/akdenizolaygazetesi.com\/index.php?rest_route=%2Fwp%2Fv2%2Ftags&post=20303"}],"curies":[{"name":"wp","href":"https:\/\/api.w.org\/{rel}","templated":true}]}}