{"id":20306,"date":"2022-08-10T16:33:27","date_gmt":"2022-08-10T13:33:27","guid":{"rendered":"http:\/\/akdenizolaygazetesi.com\/?p=20306"},"modified":"2022-08-10T16:33:27","modified_gmt":"2022-08-10T13:33:27","slug":"kultur-sanat-evimiz-turgut-reise-cok-yakisti","status":"publish","type":"post","link":"https:\/\/akdenizolaygazetesi.com\/?p=20306","title":{"rendered":"\u201cK\u00fclt\u00fcr sanat evimiz Turgut Reis\u2019e \u00e7ok yak\u0131\u015ft\u0131\u201d"},"content":{"rendered":"<p>Ba\u015fkan G\u00fcltak; \u201cBelediye ba\u015fkan\u0131 olarak beni \u00e7al\u0131\u015ft\u0131rmamak i\u00e7in ellerinden geleni yap\u0131yorlar. Fakat \u00f6zellikle Meclis\u2019te kar\u015f\u0131la\u015ft\u0131\u011f\u0131m\u0131z engellemelere ra\u011fmen Akdeniz\u2019e ve halk\u0131m\u0131za hizmet vermeye; il\u00e7emizi de\u011fi\u015ftirirken, vatanda\u015flar\u0131m\u0131z\u0131n refah ve mutlulu\u011funu da y\u00fckseltmeye devam edece\u011fiz. Her zaman halk\u0131m\u0131z\u0131n i\u00e7indeyiz. \u00c7\u00fcnk\u00fc yatmak i\u00e7in de\u011fil, \u00e7al\u0131\u015fmak ve hizmet \u00fcretmek i\u00e7in g\u00f6reve geldik\u201d dedi.<br \/>\nMahalle ve esnaf bulu\u015fmalar\u0131n\u0131 s\u00fcrd\u00fcren Akdeniz Belediye Ba\u015fkan\u0131 M. Mustafa G\u00fcltak, son olarak Turgut Reis Mahallesi\u2019ni ziyaret etti. Mahalleye yap\u0131lan ve yap\u0131lacak olan hizmetleri anlatan Ba\u015fkan G\u00fcltak, mahalle sakinlerinin de taleplerini dinledi.  Ba\u015fkan yard\u0131mc\u0131lar\u0131, meclis \u00fcyeleri ile birim m\u00fcd\u00fcrlerinin de kat\u0131ld\u0131\u011f\u0131 ziyarette ilk s\u00f6z alan Turgut Reis Mahallesi Muhtar\u0131 Ahmet Eldeniz, birka\u00e7 g\u00fcn \u00f6nce a\u00e7\u0131l\u0131\u015f\u0131 ger\u00e7ekle\u015ftirilen mahalle k\u00fclt\u00fcr ve sanat evi i\u00e7in Ba\u015fkan G\u00fcltak\u2019a te\u015fekk\u00fcr etti.<br \/>\n\u201cK\u00fclt\u00fcr sanat evimiz Turgut Reis\u2019e \u00e7ok yak\u0131\u015ft\u0131\u201d<br \/>\nAkdeniz\u2019in; liman\u0131, serbest b\u00f6lgesi, ticari ve ekonomik de\u011ferleriyle Mersin\u2019in en \u00f6nemli il\u00e7esi oldu\u011funu belirterek konu\u015fmas\u0131na ba\u015flayan Ba\u015fkan G\u00fcltak, \u201cB\u00f6yle bir il\u00e7ede ya\u015famak g\u00fczel oldu\u011fu kadar, b\u00f6yle bir il\u00e7eyi vatanda\u015flar\u0131m\u0131zla birlikte y\u00f6netmek, de\u011fi\u015ftirip g\u00fczelle\u015ftirmek ayr\u0131ca gurur verici\u201d dedi. Turgut Reis Mahallesinin y\u0131llarca \u00f6telendi\u011fini ve el de\u011fmedi\u011fini vurgulayan Ba\u015fkan G\u00fcltak, \u201cTabi uygun yer bulmak ve d\u00fczenlemek de kolay de\u011fil. Ama ne yapt\u0131k ettik, g\u00fczel bir mek\u00e2n bulduk. Muhtar\u0131m\u0131z da destek oldu. G\u00fczel bir k\u00fclt\u00fcr ve sanat evine \u00e7evirdik. Kad\u0131nlar, gen\u00e7ler ve \u00e7ocuklar\u0131m\u0131z i\u00e7in ideal bir mek\u00e2n oldu. Merkezin arka bah\u00e7esine \u015fimdi bir sundurma da yapaca\u011f\u0131z. Yaz, k\u0131\u015f kullan\u0131labilecek g\u00f6lgelik bir alan kazand\u0131raca\u011f\u0131z. Bah\u00e7eye bir oyun park\u0131 da kurulacak. B\u00f6ylelikle anneler k\u00fclt\u00fcr evinde hem diki\u015f, nak\u0131\u015f, tak\u0131 tasar\u0131m becerileri kazanacak, okuma-yazma \u00f6\u011frenecek veya spor yapabilecek, hem de \u00e7ocuklar\u0131yla oyunlar oynayabilecek. Belki biraz ge\u00e7 kal\u0131nd\u0131 ama bu merkezimiz Turgut Reis\u2019e, kad\u0131nlara ve gen\u00e7lerimize \u00e7ok yak\u0131\u015ft\u0131\u201d diye konu\u015ftu.<br \/>\n12\u2019inci k\u00fclt\u00fcr ve sanat evi Huzurkent\u2019te\u2026<br \/>\nAkdeniz Belediye Ba\u015fkan\u0131 G\u00fcltak, Akdeniz\u2019e 12\u2019inci k\u00fclt\u00fcr ve sanat evini Huzurkent b\u00f6lgesine a\u00e7acaklar\u0131n\u0131 da kaydetti, tadilat, alt ve \u00fcstyap\u0131 \u00e7al\u0131\u015fmalar\u0131n\u0131n \u00e7ok yak\u0131n s\u00fcre i\u00e7inde bitece\u011fini ifade etti. Ba\u015fkan G\u00fcltak; \u201cBurada bulunan 2 binam\u0131zdan biri kad\u0131nlar i\u00e7in mesleki beceri e\u011fitimi ald\u0131klar\u0131 k\u00fclt\u00fcr sanat evi, di\u011feri \u00e7ocuklar\u0131m\u0131z i\u00e7in kre\u015f hizmeti verecek.<br \/>\nBu merkezlerimiz sayesinde, y\u0131llard\u0131r eve kapan\u0131p s\u0131k\u0131lan kad\u0131nlar ve \u00e7ocuklar\u0131m\u0131z art\u0131k rahat bir nefes alabiliyor\u201d ifadelerini kulland\u0131. Ba\u015fkan G\u00fcltak, belediye binas\u0131 yan\u0131nda bulunan Kad\u0131n Eme\u011fi Diyar\u0131\u2019n\u0131n, k\u00fclt\u00fcr sanat evlerinde \u00fcretim yapan kad\u0131nlar\u0131n hizmetinde oldu\u011funu s\u00f6yledi; \u00fcrettiklerini satmak isteyen kad\u0131nlar\u0131 davet etti.<br \/>\nEt\u00fct merkezinden yeni d\u00f6nemde bin \u00f6\u011frenci faydalanacak<br \/>\nBa\u015fkan Mustafa G\u00fcltak, belediyenin \u00fccretsiz sundu\u011fu e\u011fitim deste\u011fi sayesinde, ge\u00e7en y\u0131l Amasya T\u0131p Fak\u00fcltesi\u2019ni kazanan \u0130clal Kurt ile bu y\u0131lki YKS say\u0131salda 543 puanla T\u00fcrkiye 496\u2019nc\u0131s\u0131 ve Akdeniz birincisi olan 75. Y\u0131l Fen Lisesi \u00f6\u011frencisi Deniz Bar\u00e7atay\u0131n \u00f6rneklerini verdi, \u00f6\u011frencileri online e\u011fitim akademisi ve \u00fcniversite haz\u0131rl\u0131k kursu veren et\u00fct merkezinden faydalanmalar\u0131 \u00e7a\u011fr\u0131s\u0131 yapt\u0131. \u201cDaha \u00f6nce Akdeniz Belediyesi\u2019nin, \u00f6zellikle \u00e7ocuklar\u0131m\u0131z\u0131n gelece\u011fine y\u00f6nelik b\u00f6yle \u00f6nemli hizmetleri yoktu\u201d diyen Ba\u015fkan G\u00fcltak, metropol g\u00f6kdelen binas\u0131nda bulunan et\u00fct merkezinden ge\u00e7en d\u00f6nem 400 \u00f6\u011frencinin faydaland\u0131\u011f\u0131n\u0131, yeni d\u00f6nemde bu say\u0131y\u0131 bine \u00e7\u0131karacaklar\u0131n\u0131 anlatt\u0131.<br \/>\n\u201cOnkob\u00fcs hizmeti veren ba\u015fka belediye yok\u201d<br \/>\nAkdeniz Belediyesi\u2019nin, kanser tedavisi g\u00f6ren, kemotarapi alan hastalara sa\u011flad\u0131\u011f\u0131 \u00fccretsiz onkob\u00fcs hizmetine de de\u011finen Ba\u015fkan G\u00fcltak; \u201cTedavi g\u00f6ren hasta vatanda\u015f\u0131m\u0131z\u0131 ve refakat\u00e7isini evinden servisle al\u0131yor, T\u0131p Fak\u00fcltesi veya \u015eehir Hastanesi\u2019ne ula\u015ft\u0131r\u0131yoruz. Tedavisinden sonra hastay\u0131 tekrar al\u0131p evine b\u0131rak\u0131yoruz. Mersin\u2019de, vatanda\u015flara bu hizmeti sunan ba\u015fka bir belediye yok\u201d dedi.<br \/>\nYerinde kentsel d\u00f6n\u00fc\u015f\u00fcm projeleri devam edecek<br \/>\nY\u0131lmaz G\u00fcney Gen\u00e7lik Merkezi yenileme projesinde sona yakla\u015ft\u0131klar\u0131n\u0131 belirten Ba\u015fkan Mustafa G\u00fcltak, Bar\u0131\u015f Mahallesi yerinde kentsel d\u00f6n\u00fc\u015f\u00fcm projesinin de h\u0131zla s\u00fcrd\u00fc\u011f\u00fcn\u00fc ve 6\u2019nc\u0131 katlar\u0131n y\u00fckseldi\u011fini s\u00f6yledi. \u201cSeneye in\u015fallah Bar\u0131\u015f Mahallemizde y\u00fckselen g\u00fcvenli ve modern konutlar\u0131 hak sahiplerine teslim edece\u011fiz. 415 konut, 50\u2019nin \u00fczerinde d\u00fckk\u00e2n, cami, 800 metrelik bir k\u00fclt\u00fcr merkezi, sosyal tesisler\u2026 Bitti\u011finde g\u00f6receksiniz, harika yerler olacak. \u015eimdi hedefimizde Bah\u00e7e ve Turgut Reis mahallerimiz var. Bu 2 mahallenin projeleri \u015fu an bitti. Yeni d\u00f6nemde se\u00e7ilip tekrar g\u00f6reve gelmemiz halinde, \u00c7ay ve Bar\u0131\u015f\u2019\u0131n ard\u0131ndan Bah\u00e7e, Turgut Reis, \u00c7ilek ve 5-6 mahallemizde daha yerinde kentsel d\u00f6n\u00fc\u015f\u00fcm projesini ba\u015flataca\u011f\u0131z. \u00c7\u00fcnk\u00fc hep vurgulad\u0131\u011f\u0131m \u00fczere, Akdeniz ve Mersin\u2019in kurtulu\u015fu ancak kentsel d\u00f6n\u00fc\u015f\u00fcm projeleri ile m\u00fcmk\u00fcn olabilecektir.\u201d<br \/>\n\u201cKentsel d\u00f6n\u00fc\u015f\u00fcmden korkmamak laz\u0131m\u201d<br \/>\nBa\u015fkan G\u00fcltak, Akdeniz il\u00e7esinde yer alan bir mahallede, uzmanlar ve yetkililerce yap\u0131lan inceleme ve testler sonucu y\u0131k\u0131lma riski ta\u015f\u0131d\u0131\u011f\u0131 tespit edilerek Valilik emriyle ge\u00e7en hafta bo\u015falt\u0131lan bir apartman \u00f6rne\u011fini verdi, kentsel d\u00f6n\u00fc\u015f\u00fcm\u00fcn aciliyetine bir kez daha dikkat \u00e7ekti. Binada ya\u015fayanlar\u0131n otellere yerle\u015ftirildi\u011fini de kaydeden Ba\u015fkan G\u00fcltak, Mersin\u2019de \u00f6mr\u00fcn\u00fc tamamlam\u0131\u015f y\u00fczlerce yap\u0131 oldu\u011funa de\u011findi\u011fi a\u00e7\u0131klamas\u0131nda, \u00c7ay ve Bar\u0131\u015f mahallelerinde vatanda\u015flar\u0131n projeye b\u00fcy\u00fck ilgi g\u00f6sterdi\u011fini anlatt\u0131, kentsel d\u00f6n\u00fc\u015f\u00fcmden korkmamak gerekti\u011finin alt\u0131n\u0131 \u00e7izdi.<br \/>\n\u201cBizler \u00e7al\u0131\u015fmak i\u00e7in geldik, yatmak i\u00e7in de\u011fil\u201d<br \/>\nAkdeniz\u2019de; bar\u0131\u015f\u0131, karde\u015fli\u011fi, e\u015fitli\u011fi, g\u00fcven ve toplumsal huzuru yeniden tesis ettiklerini vurgulayan Ba\u015fkan G\u00fcltak; il\u00e7e sakini vatanda\u015flar\u0131n refah seviyesini daha da artt\u0131rmak i\u00e7in m\u00fccadele ettiklerini s\u00f6yledi. Ba\u015fkan G\u00fcltak, s\u00f6zlerini \u015f\u00f6yle s\u00fcrd\u00fcrd\u00fc; \u201cAkdeniz\u2019de son d\u00f6nemde en b\u00fcy\u00fck s\u0131k\u0131nt\u0131m\u0131z asfalt. Meclisimizden bor\u00e7lanma yetkisini ald\u0131k. Arkada\u015flar\u0131m\u0131z \u015fu an \u00e7al\u0131\u015f\u0131yor. Bir ay sonra para elimize ge\u00e7er diye d\u00fc\u015f\u00fcn\u00fcyorum. H\u0131zl\u0131 bir \u015fekilde asfalt i\u015fine giri\u015fece\u011fiz. Fakat vatanda\u015flar\u0131m\u0131z da Meclis\u2019te g\u00f6r\u00fcyor; Bizim \u00e7al\u0131\u015fmamam\u0131z i\u00e7in her \u015feyi yap\u0131yorlar. Biz B\u00fcy\u00fck\u015fehir\u2019de bor\u00e7lanma yetkisi veriyoruz, onlar vermiyor. E\u011fitimle ilgili bir tahsis yapal\u0131m diyoruz; \u2018yapamazs\u0131n\u2019 diyorlar.<br \/>\nBelediye ba\u015fkan\u0131 olarak beni \u00e7al\u0131\u015ft\u0131rmamak i\u00e7in, vatanda\u015fa hizmet verememem i\u00e7in ellerinden geleni yap\u0131yorlar. Bu bir \u015fik\u00e2yet de\u011fil. Ben yine de hizmet veriyorum. Fakat bu kez zaman ge\u00e7iyor, enerjimizi de gereksiz konulara harcamak zorunda kal\u0131yoruz. H\u00e2lbuki Meclisin g\u00f6revi, halk\u0131n lehine olan her \u015feye yard\u0131mc\u0131 olmakt\u0131r. Bu t\u00fcr s\u0131k\u0131nt\u0131lar ya\u015f\u0131yoruz ancak \u00e7\u00f6z\u00fcyoruz. Akdeniz\u2019in de\u011fi\u015fim ve d\u00f6n\u00fc\u015f\u00fcm\u00fc, Akdeniz halk\u0131n\u0131n da refah\u0131, huzuru ve mutlulu\u011fu i\u00e7in \u00e7al\u0131\u015fmaya devam edece\u011fiz. Akdeniz halk\u0131 her \u015feyin en g\u00fczeline lay\u0131kt\u0131r. Haftan\u0131n 4 g\u00fcn\u00fc halk\u0131m\u0131z\u0131n i\u00e7indeyiz. \u00c7\u00fcnk\u00fc bizler \u00e7al\u0131\u015fmak i\u00e7in geldik, yatmak i\u00e7in de\u011fil.\u201d <\/p>\n","protected":false},"excerpt":{"rendered":"<p>Ba\u015fkan G\u00fcltak; \u201cBelediye ba\u015fkan\u0131 olarak beni \u00e7al\u0131\u015ft\u0131rmamak i\u00e7in ellerinden geleni yap\u0131yorlar. Fakat \u00f6zellikle Meclis\u2019te kar\u015f\u0131la\u015ft\u0131\u011f\u0131m\u0131z engellemelere ra\u011fmen Akdeniz\u2019e ve halk\u0131m\u0131za hizmet vermeye; il\u00e7emizi de\u011fi\u015ftirirken, vatanda\u015flar\u0131m\u0131z\u0131n refah ve mutlulu\u011funu da y\u00fckseltmeye &hellip; <a href=\"https:\/\/akdenizolaygazetesi.com\/?p=20306\" class=\"more-link\">Devam\u0131n\u0131 Oku&#8230;<\/a><\/p>\n","protected":false},"author":2,"featured_media":20307,"comment_status":"open","ping_status":"open","sticky":false,"template":"","format":"standard","meta":[],"categories":[8,2,3,5],"tags":[],"_links":{"self":[{"href":"https:\/\/akdenizolaygazetesi.com\/index.php?rest_route=\/wp\/v2\/posts\/20306"}],"collection":[{"href":"https:\/\/akdenizolaygazetesi.com\/index.php?rest_route=\/wp\/v2\/posts"}],"about":[{"href":"https:\/\/akdenizolaygazetesi.com\/index.php?rest_route=\/wp\/v2\/types\/post"}],"author":[{"embeddable":true,"href":"https:\/\/akdenizolaygazetesi.com\/index.php?rest_route=\/wp\/v2\/users\/2"}],"replies":[{"embeddable":true,"href":"https:\/\/akdenizolaygazetesi.com\/index.php?rest_route=%2Fwp%2Fv2%2Fcomments&post=20306"}],"version-history":[{"count":1,"href":"https:\/\/akdenizolaygazetesi.com\/index.php?rest_route=\/wp\/v2\/posts\/20306\/revisions"}],"predecessor-version":[{"id":20308,"href":"https:\/\/akdenizolaygazetesi.com\/index.php?rest_route=\/wp\/v2\/posts\/20306\/revisions\/20308"}],"wp:featuredmedia":[{"embeddable":true,"href":"https:\/\/akdenizolaygazetesi.com\/index.php?rest_route=\/wp\/v2\/media\/20307"}],"wp:attachment":[{"href":"https:\/\/akdenizolaygazetesi.com\/index.php?rest_route=%2Fwp%2Fv2%2Fmedia&parent=20306"}],"wp:term":[{"taxonomy":"category","embeddable":true,"href":"https:\/\/akdenizolaygazetesi.com\/index.php?rest_route=%2Fwp%2Fv2%2Fcategories&post=20306"},{"taxonomy":"post_tag","embeddable":true,"href":"https:\/\/akdenizolaygazetesi.com\/index.php?rest_route=%2Fwp%2Fv2%2Ftags&post=20306"}],"curies":[{"name":"wp","href":"https:\/\/api.w.org\/{rel}","templated":true}]}}