{"id":20311,"date":"2022-08-11T12:41:49","date_gmt":"2022-08-11T09:41:49","guid":{"rendered":"http:\/\/akdenizolaygazetesi.com\/?p=20311"},"modified":"2022-08-11T12:41:49","modified_gmt":"2022-08-11T09:41:49","slug":"buyuksehir-dikenliyol-ve-2-cevre-yolunu-alt-gecitle-bagliyor","status":"publish","type":"post","link":"https:\/\/akdenizolaygazetesi.com\/?p=20311","title":{"rendered":"B\u00dcY\u00dcK\u015eEH\u0130R, D\u0130KENL\u0130YOL VE 2. \u00c7EVRE YOLU&#8217;NU ALT GE\u00c7\u0130TLE BA\u011eLIYOR"},"content":{"rendered":"<p>Mersin B\u00fcy\u00fck\u015fehir Belediyesi Yol Yap\u0131m Bak\u0131m ve Onar\u0131m Dairesi, kent merkezinde ya\u015fanan trafik yo\u011funlu\u011funu azaltmaya y\u00f6nelik \u00e7al\u0131\u015fmalar\u0131na aral\u0131ks\u0131z devam ediyor. B\u00fcy\u00fck\u015fehir ekipleri, Sevgi Katl\u0131 Kav\u015fa\u011f\u0131 ve Demokrasi Kav\u015fa\u011f\u0131&#8217;ndaki kuzey y\u00f6nl\u00fc trafik y\u00fck\u00fcn\u00fc hafifletecek, H\u00fcseyin Okan Merzeci ve 18. Cadde kesi\u015fimindeki noktada alt ge\u00e7it \u00e7al\u0131\u015fmas\u0131na ba\u015flad\u0131.<br \/>\nKuzeyden g\u00fcneye ve g\u00fcneyden kuzeye ge\u00e7i\u015f istikametlerinin tek \u015feritli ve transit \u015fekilde haz\u0131rlanan \u00e7al\u0131\u015fma, vatanda\u015flara daha konforlu bir seyahat imkan\u0131 sunacak. Demokrasi Kav\u015fa\u011f\u0131 ile Sevgi Kav\u015fa\u011f\u0131&#8217;nda ya\u015fanan trafik yo\u011funlu\u011funu azaltacak \u00e7al\u0131\u015fma ile H\u00fcseyin Okan Merzeci y\u00f6n\u00fcndeki trafik yo\u011funlu\u011funu etkilemeyecek \u015fekilde kuzey-g\u00fcney y\u00f6n\u00fcnde alternatif bir ge\u00e7i\u015f sa\u011flanacak.<br \/>\n &#8220;Proje kuzey-g\u00fcney istikametinde altge\u00e7it olacak \u015fekilde tasarland\u0131&#8221;<br \/>\n\u00c7al\u0131\u015fmalar hakk\u0131nda bilgi veren Proje \u015eantiye \u015eefi Bertan \u00dcnal, hedeflerinin Sevgi Kav\u015fa\u011f\u0131 ile Demokrasi Kav\u015fa\u011f\u0131&#8217;ndaki kuzey y\u00f6nl\u00fc trafik y\u00fck\u00fcn\u00fc biraz olsun azaltmak oldu\u011funu belirterek &#8220;3 g\u00fcn \u00f6nce ba\u015flayan \u00e7al\u0131\u015fmalar\u0131m\u0131zda, yakla\u015f\u0131k olarak 35 bin metrek\u00fcp kaz\u0131 yap\u0131lacak. Kuzey istikametinde y\u00fczde 9&#8217;luk bir e\u011fimle, \u015fu anda harfiyat \u00e7al\u0131\u015fmalar\u0131 devam ediyor. Bu b\u00f6lgede istinat duvarlar\u0131 \u00e7al\u0131\u015fmam\u0131z da e\u015f zamanl\u0131 olarak devam edecek. Beton d\u00f6k\u00fcmlerimiz de h\u0131zl\u0131 bir \u015fekilde devam edecek. Bu proje kuzey-g\u00fcney istikametinde altge\u00e7it olacak \u015fekilde tasarland\u0131. Kuzey istikametindeki derinli\u011fimiz yakla\u015f\u0131k 11 metre olacak. H\u00fcseyin Okan Merzeci istikameti kapal\u0131 kesit olarak tasarland\u0131&#8221; dedi.<br \/>\n&#8220;Projeyi k\u0131sa zamanda bitirmeyi planl\u0131yoruz&#8221;<br \/>\n\u00c7al\u0131\u015fmalar\u0131n tamamlanmas\u0131n\u0131n ard\u0131ndan, do\u011fu-bat\u0131 istikametindeki ara\u00e7lar\u0131n kapal\u0131 kesitin \u00fczerinden ge\u00e7erken, kuzey-g\u00fcney istikametindeki ara\u00e7lar\u0131n ise trafi\u011fi altge\u00e7it olarak kullanacaklar\u0131n\u0131 dile getiren \u00dcnal, &#8220;Bu projenin yap\u0131m tasarlanmas\u0131ndaki ama\u00e7 \u015fu; Sevgi Kav\u015fa\u011f\u0131 ile Demokrasi Kav\u015fa\u011f\u0131&#8217;ndaki kuzey y\u00f6nl\u00fc trafik y\u00fck\u00fcn\u00fc biraz olsun azaltmay\u0131 hedefliyoruz. Dolay\u0131s\u0131yla kuzeyden g\u00fcneye ge\u00e7i\u015f istikametleri ve g\u00fcneyden kuzeye ge\u00e7i\u015f istikametleri tek \u015feritli olacak \u015fekilde transit bir ge\u00e7i\u015f olacak. Bu da vatanda\u015flar\u0131m\u0131z\u0131n olduk\u00e7a konforlu seyahat etmelerine yarayacak&#8221; ifadelerini kulland\u0131.<\/p>\n","protected":false},"excerpt":{"rendered":"<p>Mersin B\u00fcy\u00fck\u015fehir Belediyesi Yol Yap\u0131m Bak\u0131m ve Onar\u0131m Dairesi, kent merkezinde ya\u015fanan trafik yo\u011funlu\u011funu azaltmaya y\u00f6nelik \u00e7al\u0131\u015fmalar\u0131na aral\u0131ks\u0131z devam ediyor. B\u00fcy\u00fck\u015fehir ekipleri, Sevgi Katl\u0131 Kav\u015fa\u011f\u0131 ve Demokrasi Kav\u015fa\u011f\u0131&#8217;ndaki kuzey y\u00f6nl\u00fc &hellip; <a href=\"https:\/\/akdenizolaygazetesi.com\/?p=20311\" class=\"more-link\">Devam\u0131n\u0131 Oku&#8230;<\/a><\/p>\n","protected":false},"author":2,"featured_media":20312,"comment_status":"open","ping_status":"open","sticky":false,"template":"","format":"standard","meta":[],"categories":[3,5],"tags":[],"_links":{"self":[{"href":"https:\/\/akdenizolaygazetesi.com\/index.php?rest_route=\/wp\/v2\/posts\/20311"}],"collection":[{"href":"https:\/\/akdenizolaygazetesi.com\/index.php?rest_route=\/wp\/v2\/posts"}],"about":[{"href":"https:\/\/akdenizolaygazetesi.com\/index.php?rest_route=\/wp\/v2\/types\/post"}],"author":[{"embeddable":true,"href":"https:\/\/akdenizolaygazetesi.com\/index.php?rest_route=\/wp\/v2\/users\/2"}],"replies":[{"embeddable":true,"href":"https:\/\/akdenizolaygazetesi.com\/index.php?rest_route=%2Fwp%2Fv2%2Fcomments&post=20311"}],"version-history":[{"count":1,"href":"https:\/\/akdenizolaygazetesi.com\/index.php?rest_route=\/wp\/v2\/posts\/20311\/revisions"}],"predecessor-version":[{"id":20313,"href":"https:\/\/akdenizolaygazetesi.com\/index.php?rest_route=\/wp\/v2\/posts\/20311\/revisions\/20313"}],"wp:featuredmedia":[{"embeddable":true,"href":"https:\/\/akdenizolaygazetesi.com\/index.php?rest_route=\/wp\/v2\/media\/20312"}],"wp:attachment":[{"href":"https:\/\/akdenizolaygazetesi.com\/index.php?rest_route=%2Fwp%2Fv2%2Fmedia&parent=20311"}],"wp:term":[{"taxonomy":"category","embeddable":true,"href":"https:\/\/akdenizolaygazetesi.com\/index.php?rest_route=%2Fwp%2Fv2%2Fcategories&post=20311"},{"taxonomy":"post_tag","embeddable":true,"href":"https:\/\/akdenizolaygazetesi.com\/index.php?rest_route=%2Fwp%2Fv2%2Ftags&post=20311"}],"curies":[{"name":"wp","href":"https:\/\/api.w.org\/{rel}","templated":true}]}}