{"id":20314,"date":"2022-08-11T12:43:27","date_gmt":"2022-08-11T09:43:27","guid":{"rendered":"http:\/\/akdenizolaygazetesi.com\/?p=20314"},"modified":"2022-08-11T12:43:27","modified_gmt":"2022-08-11T09:43:27","slug":"mersinde-vefa-gecesi","status":"publish","type":"post","link":"https:\/\/akdenizolaygazetesi.com\/?p=20314","title":{"rendered":"Mersin\u2019de vefa gecesi"},"content":{"rendered":"<p>Mersin Orman B\u00f6lge M\u00fcd\u00fcrl\u00fc\u011f\u00fc g\u00f6revindeyken, Orman Genel M\u00fcd\u00fcr Yard\u0131mc\u0131s\u0131 olarak atanan Kenan Akduman i\u00e7in vefa gecesi d\u00fczenlendi.<br \/>\nVefa gecesi, Mersin Orman B\u00f6lge M\u00fcd\u00fcr\u00fc Mustafa Yal\u00e7\u0131n konu\u015fmalar\u0131 ile ba\u015flad\u0131. B\u00f6lge M\u00fcd\u00fcr\u00fc Yal\u00e7\u0131n konu\u015fmas\u0131nda, Orman Genel M\u00fcd\u00fcr Yard\u0131mc\u0131s\u0131 olarak atanan Akduman\u2019a b\u00f6lgemizde yapm\u0131\u015f oldu\u011fu \u00f6zverili \u00e7al\u0131\u015fmalar ve hizmetler i\u00e7in te\u015fekk\u00fcr ederek, yeni g\u00f6revinde ba\u015far\u0131lar\u0131n\u0131n devam\u0131n\u0131 diledi.<br \/>\nGenel M\u00fcd\u00fcr Yard\u0131mc\u0131s\u0131 Akduman ise &#8220;Sayg\u0131de\u011fer han\u0131mefendiler ve beyefendiler hepiniz ho\u015f geldiniz. A\u00e7\u0131k y\u00fcreklilikle ifade etmek isterim ki, Orman Genel M\u00fcd\u00fcrl\u00fc\u011f\u00fcm\u00fcz 183 y\u0131ll\u0131k birikimiyle b\u00fcy\u00fck bir aile ve bu b\u00fcy\u00fck ailede \u00fclkemizin her alan\u0131nda \u00e7al\u0131\u015fabilme onuruna ula\u015ft\u0131k. Ormanc\u0131l\u0131\u011fa ve memleketimize faydal\u0131 olmaya, ekip ruhu i\u00e7erisinde, birlikte, payla\u015f\u0131mc\u0131 ve kat\u0131l\u0131mc\u0131 bir anlay\u0131\u015fla hizmet etmeye \u00e7al\u0131\u015ft\u0131k. Yapt\u0131\u011f\u0131m\u0131z i\u015flerin \u00fczerine, yeni B\u00f6lge M\u00fcd\u00fcr\u00fcm\u00fcz\u00fcn \u00e7ok daha fazlas\u0131n\u0131 kataca\u011f\u0131 d\u00fc\u015f\u00fcncesindeyim. Sizlerle \u00e7al\u0131\u015fmaktan \u00e7ok b\u00fcy\u00fck onur duydu\u011fumu ve minnettarl\u0131\u011f\u0131m\u0131 ifade etmek isterim. Bu duygu ve d\u00fc\u015f\u00fcncelerle hepinize sayg\u0131 ve sevgilerimizi sunar\u0131m. Hakk\u0131n\u0131z\u0131 helal edin\u201d dedi.<br \/>\nProgram\u0131n sonunda Kenan Akduman\u2019a gecenin an\u0131s\u0131na hediyeler verildi.<\/p>\n","protected":false},"excerpt":{"rendered":"<p>Mersin Orman B\u00f6lge M\u00fcd\u00fcrl\u00fc\u011f\u00fc g\u00f6revindeyken, Orman Genel M\u00fcd\u00fcr Yard\u0131mc\u0131s\u0131 olarak atanan Kenan Akduman i\u00e7in vefa gecesi d\u00fczenlendi. Vefa gecesi, Mersin Orman B\u00f6lge M\u00fcd\u00fcr\u00fc Mustafa Yal\u00e7\u0131n konu\u015fmalar\u0131 ile ba\u015flad\u0131. B\u00f6lge M\u00fcd\u00fcr\u00fc &hellip; <a href=\"https:\/\/akdenizolaygazetesi.com\/?p=20314\" class=\"more-link\">Devam\u0131n\u0131 Oku&#8230;<\/a><\/p>\n","protected":false},"author":2,"featured_media":20315,"comment_status":"open","ping_status":"open","sticky":false,"template":"","format":"standard","meta":[],"categories":[2,3],"tags":[],"_links":{"self":[{"href":"https:\/\/akdenizolaygazetesi.com\/index.php?rest_route=\/wp\/v2\/posts\/20314"}],"collection":[{"href":"https:\/\/akdenizolaygazetesi.com\/index.php?rest_route=\/wp\/v2\/posts"}],"about":[{"href":"https:\/\/akdenizolaygazetesi.com\/index.php?rest_route=\/wp\/v2\/types\/post"}],"author":[{"embeddable":true,"href":"https:\/\/akdenizolaygazetesi.com\/index.php?rest_route=\/wp\/v2\/users\/2"}],"replies":[{"embeddable":true,"href":"https:\/\/akdenizolaygazetesi.com\/index.php?rest_route=%2Fwp%2Fv2%2Fcomments&post=20314"}],"version-history":[{"count":1,"href":"https:\/\/akdenizolaygazetesi.com\/index.php?rest_route=\/wp\/v2\/posts\/20314\/revisions"}],"predecessor-version":[{"id":20316,"href":"https:\/\/akdenizolaygazetesi.com\/index.php?rest_route=\/wp\/v2\/posts\/20314\/revisions\/20316"}],"wp:featuredmedia":[{"embeddable":true,"href":"https:\/\/akdenizolaygazetesi.com\/index.php?rest_route=\/wp\/v2\/media\/20315"}],"wp:attachment":[{"href":"https:\/\/akdenizolaygazetesi.com\/index.php?rest_route=%2Fwp%2Fv2%2Fmedia&parent=20314"}],"wp:term":[{"taxonomy":"category","embeddable":true,"href":"https:\/\/akdenizolaygazetesi.com\/index.php?rest_route=%2Fwp%2Fv2%2Fcategories&post=20314"},{"taxonomy":"post_tag","embeddable":true,"href":"https:\/\/akdenizolaygazetesi.com\/index.php?rest_route=%2Fwp%2Fv2%2Ftags&post=20314"}],"curies":[{"name":"wp","href":"https:\/\/api.w.org\/{rel}","templated":true}]}}