{"id":20327,"date":"2022-08-12T11:24:07","date_gmt":"2022-08-12T08:24:07","guid":{"rendered":"http:\/\/akdenizolaygazetesi.com\/?p=20327"},"modified":"2022-08-12T11:24:07","modified_gmt":"2022-08-12T08:24:07","slug":"toroslar-belediyesi-ile-camliyayla-belediyesinden-igne-oyasi-festivali","status":"publish","type":"post","link":"https:\/\/akdenizolaygazetesi.com\/?p=20327","title":{"rendered":"&#8220;TOROSLAR BELED\u0130YES\u0130 \u0130LE \u00c7AMLIYAYLA BELED\u0130YES\u0130NDEN \u0130\u011eNE OYASI FEST\u0130VAL\u0130&#8221;"},"content":{"rendered":"<p>Toroslar Belediyesi; \u00c7aml\u0131yayla Belediyesi ortakl\u0131\u011f\u0131nda &#8220;6. Geleneksel \u00c7aml\u0131yayla \u0130\u011fne Oyas\u0131 Festivali&#8221; d\u00fczenliyor.<\/p>\n<p>17-21 A\u011fustos tarihleri aras\u0131nda ger\u00e7ekle\u015fecek festivalde, T\u00fcrk k\u00fclt\u00fcr\u00fcnde el sanatlar\u0131 a\u00e7\u0131s\u0131ndan \u00f6nemli bir yer tutan i\u011fne oyalar\u0131 g\u00f6r\u00fcc\u00fcye \u00e7\u0131kacak.<\/p>\n<p>Toroslar Belediyesi Teknik ve Mesleki E\u011fitim Kurslar\u0131&#8217;nda (TORTEK), el eme\u011fi g\u00f6z nuru ile \u00fcretilen i\u011fne oyalar\u0131 Mersinlilerin be\u011fenisine sunulacak.<\/p>\n<p>&#8220;\u0130lk Etkinlikler, \u00c7aml\u0131yayla&#8217;da&#8221;<\/p>\n<p>Sergiler, halk oyunlar\u0131 g\u00f6sterileri, defile ve konserlerle ta\u00e7lanacak olan festivalin ilk etkinli\u011fi \u00c7aml\u0131yayla \u0130l\u00e7esi&#8217;nin Zevzek Tepesi&#8217;nde yap\u0131lacak.<\/p>\n<p>17 A\u011fustos \u00c7ar\u015famba g\u00fcn\u00fc saat 16.00&#8217;da Ankaral\u0131 Ay\u015fe&#8217;nin konseri ile ba\u015flayacak olan festival yine Zevzek Tepesi&#8217;nde 18 A\u011fustos Per\u015fembe g\u00fcn\u00fc Y\u00f6r\u00fcko\u011flu Selim konseri ile devam edecek.<\/p>\n<p>&#8220;\u00dcnl\u00fc Sanat\u00e7\u0131 Orhan Hakalmaz, So\u011fucak&#8217;ta Sahne Alacak&#8221;<\/p>\n<p>Festival co\u015fkusu, 20 -21 A\u011fustos tarihlerinde Toroslar&#8217;da da ayr\u0131 bir g\u00fczellikle ya\u015fanacak.<\/p>\n<p>TORTEK kursiyerleri taraf\u0131ndan el eme\u011fi ile \u00fcretilen birbirinden renkli i\u011fne oyalar\u0131, Toroslar So\u011fucak G\u00fcre\u015f Alan\u0131nda iki g\u00fcn boyunca sergilenecek.<\/p>\n<p>Toroslar&#8217;da, 20 A\u011fustos Cumartesi g\u00fcn\u00fc saat 16.00&#8217;da ba\u015flayacak kortej y\u00fcr\u00fcy\u00fc\u015f\u00fc, halk oyunlar\u0131 g\u00f6sterileri ve defilelerin yer alaca\u011f\u0131 etkinlikler; Y\u00f6r\u00fcko\u011flu Selim Konseri ile devam edecek.<\/p>\n<p>Festival, T\u00fcrk Halk M\u00fczi\u011fi Sanat\u00e7\u0131s\u0131 Orhan Hakalmaz&#8217;\u0131n 21 A\u011fustos Pazar g\u00fcn\u00fc sahne alaca\u011f\u0131 konser ile son bulacak. \u00dcnl\u00fc Sanat\u00e7\u0131 Hakalmaz, sevilen t\u00fcrk\u00fclerini Mersinliler i\u00e7in seslendirecek.<\/p>\n<p>Ba\u015fkan Y\u0131lmaz; &#8220;Kad\u0131nlar\u0131n Eme\u011finin De\u011ferini Bulmas\u0131n\u0131 \u0130stiyoruz&#8221;<\/p>\n<p>Toroslar Belediye Ba\u015fkan\u0131 Ats\u0131z Af\u015f\u0131n Y\u0131lmaz, \u00c7aml\u0131yayla Belediyesi&#8217;nin geleneksel olarak d\u00fczenledi\u011fi \u0130\u011fne Oyas\u0131 Festivali&#8217;nin k\u00fclt\u00fcrel de\u011ferlerin ya\u015fat\u0131lmas\u0131nda \u00f6nemli bir misyon \u00fcstlendi\u011fine dikkat \u00e7ekti.<\/p>\n<p>Toroslar Belediyesi olarak festivalin payda\u015f\u0131 olman\u0131n mutlulu\u011funu ya\u015fad\u0131klar\u0131n\u0131 s\u00f6yleyen Ba\u015fkan Y\u0131lmaz, t\u00fcm hem\u015fehrilerini 17-21 A\u011fustos tarihleri aras\u0131nda \u00c7aml\u0131yayla ve Toroslar&#8217;da ger\u00e7ekle\u015ftirecekleri etkinliklere davet etti.<\/p>\n<p>Ba\u015fkan Y\u0131lmaz;  &#8220;Kad\u0131nlar\u0131n el eme\u011fi g\u00f6z nuruyla yapt\u0131klar\u0131 i\u011fne oyas\u0131 \u00fcr\u00fcnler, her ge\u00e7en y\u0131l daha da ilgi g\u00f6r\u00fcyor. Geleneksel hale gelen bu festival de kentimizin k\u00fclt\u00fcr ve turizm potansiyelini ortaya \u00e7\u0131karacak ve tan\u0131t\u0131m\u0131na katk\u0131 sunacak \u00f6nemli bir etkinlik. Bu festivali \u00c7aml\u0131yayla Belediyemiz ile ortakla\u015fa yapacak olman\u0131n mutlulu\u011funu ya\u015f\u0131yoruz. Toroslar Belediyesi olarak TORTEK at\u00f6lyelerimiz ile kursiyerlerimizin bir yandan meslek sahibi olmas\u0131n\u0131 sa\u011flarken bir yandan da sanatsal ve k\u00fclt\u00fcrel geli\u015fimlerine fayda olacak \u00e7al\u0131\u015fmalar yap\u0131yoruz. Kursiyerlerimizin hem g\u00fczel vakit ge\u00e7irdi\u011fi hem de meslek edindi\u011fi bu e\u011fitimlerimizden biri de \u0130\u011fne Oyas\u0131. \u00d6\u011frenmenin ya\u015f\u0131 yok. T\u00fcm hem\u015fehrilerimizi kurslar\u0131m\u0131za bekliyoruz&#8221; diye konu\u015ftu.<\/p>\n","protected":false},"excerpt":{"rendered":"<p>Toroslar Belediyesi; \u00c7aml\u0131yayla Belediyesi ortakl\u0131\u011f\u0131nda &#8220;6. Geleneksel \u00c7aml\u0131yayla \u0130\u011fne Oyas\u0131 Festivali&#8221; d\u00fczenliyor. 17-21 A\u011fustos tarihleri aras\u0131nda ger\u00e7ekle\u015fecek festivalde, T\u00fcrk k\u00fclt\u00fcr\u00fcnde el sanatlar\u0131 a\u00e7\u0131s\u0131ndan \u00f6nemli bir yer tutan i\u011fne oyalar\u0131 g\u00f6r\u00fcc\u00fcye &hellip; <a href=\"https:\/\/akdenizolaygazetesi.com\/?p=20327\" class=\"more-link\">Devam\u0131n\u0131 Oku&#8230;<\/a><\/p>\n","protected":false},"author":2,"featured_media":20328,"comment_status":"open","ping_status":"open","sticky":false,"template":"","format":"standard","meta":[],"categories":[8,2,3],"tags":[],"_links":{"self":[{"href":"https:\/\/akdenizolaygazetesi.com\/index.php?rest_route=\/wp\/v2\/posts\/20327"}],"collection":[{"href":"https:\/\/akdenizolaygazetesi.com\/index.php?rest_route=\/wp\/v2\/posts"}],"about":[{"href":"https:\/\/akdenizolaygazetesi.com\/index.php?rest_route=\/wp\/v2\/types\/post"}],"author":[{"embeddable":true,"href":"https:\/\/akdenizolaygazetesi.com\/index.php?rest_route=\/wp\/v2\/users\/2"}],"replies":[{"embeddable":true,"href":"https:\/\/akdenizolaygazetesi.com\/index.php?rest_route=%2Fwp%2Fv2%2Fcomments&post=20327"}],"version-history":[{"count":1,"href":"https:\/\/akdenizolaygazetesi.com\/index.php?rest_route=\/wp\/v2\/posts\/20327\/revisions"}],"predecessor-version":[{"id":20329,"href":"https:\/\/akdenizolaygazetesi.com\/index.php?rest_route=\/wp\/v2\/posts\/20327\/revisions\/20329"}],"wp:featuredmedia":[{"embeddable":true,"href":"https:\/\/akdenizolaygazetesi.com\/index.php?rest_route=\/wp\/v2\/media\/20328"}],"wp:attachment":[{"href":"https:\/\/akdenizolaygazetesi.com\/index.php?rest_route=%2Fwp%2Fv2%2Fmedia&parent=20327"}],"wp:term":[{"taxonomy":"category","embeddable":true,"href":"https:\/\/akdenizolaygazetesi.com\/index.php?rest_route=%2Fwp%2Fv2%2Fcategories&post=20327"},{"taxonomy":"post_tag","embeddable":true,"href":"https:\/\/akdenizolaygazetesi.com\/index.php?rest_route=%2Fwp%2Fv2%2Ftags&post=20327"}],"curies":[{"name":"wp","href":"https:\/\/api.w.org\/{rel}","templated":true}]}}