{"id":20330,"date":"2022-08-12T11:26:09","date_gmt":"2022-08-12T08:26:09","guid":{"rendered":"http:\/\/akdenizolaygazetesi.com\/?p=20330"},"modified":"2022-08-12T11:26:09","modified_gmt":"2022-08-12T08:26:09","slug":"baskan-gultak-yenileme-calismalari-bitmek-uzere-olan-tesiste-incelemelerde-bulundu","status":"publish","type":"post","link":"https:\/\/akdenizolaygazetesi.com\/?p=20330","title":{"rendered":"Ba\u015fkan G\u00fcltak, yenileme \u00e7al\u0131\u015fmalar\u0131 bitmek \u00fczere olan tesiste incelemelerde bulundu"},"content":{"rendered":"<p>Yenileme \u00e7al\u0131\u015fmalar\u0131nda sona yakla\u015f\u0131lan Y\u0131lmaz G\u00fcney Gen\u00e7lik Merkezi, hem \u00f6\u011frenci yurdu hem de yar\u0131 olimpik havuz olarak hizmet verecek. Modern tesiste, g\u00fcnde 2 bin ki\u015fiye hizmet verecek a\u015fevi a\u00e7\u0131lacak. Yenileme \u00e7al\u0131\u015fmalar\u0131n\u0131 yerinde inceleyen Ba\u015fkan G\u00fcltak; \u201c\u00dcniversite kazan\u0131p kentimize gelecek olan gen\u00e7lerimize, b\u00f6ylesi \u015f\u0131k ve g\u00fczel bir e\u011fitim ve spor tesisini kazand\u0131rmaktan dolay\u0131 gurur duyuyoruz\u201d dedi.<br \/>\nAkdeniz Belediye Ba\u015fkan\u0131 M. Mustafa G\u00fcltak; beraberinde Mersin Gen\u00e7lik ve Spor \u0130l M\u00fcd\u00fcr\u00fc \u00d6kke\u015f Demir ile birlikte yenileme ve d\u00fczenleme \u00e7al\u0131\u015fmalar\u0131nda sona yakla\u015f\u0131lan; \u015eevket S\u00fcmer Mahallesi H. Okan Merzeci Bulvar\u0131 \u00fczerinde bulunan, Meclis karar\u0131yla da Gen\u00e7lik ve Spor M\u00fcd\u00fcrl\u00fc\u011f\u00fc\u2019ne 10 y\u0131l s\u00fcreyle bedelsiz tahsis edilen Y\u0131lmaz G\u00fcney Gen\u00e7lik Merkezi\u2019nde incelemeler yapt\u0131.<br \/>\n \u201cYenileme \u00e7al\u0131\u015fmas\u0131 \u00f6n\u00fcm\u00fczdeki haftalarda bitiyor\u201d<br \/>\nTesisi gezerek, yenileme ve d\u00fczenleme \u00e7al\u0131\u015fmas\u0131n\u0131 h\u0131zla s\u00fcrd\u00fcren teknik ekipten bilgi alan Ba\u015fkan G\u00fcltak, e sonras\u0131nda yapt\u0131\u011f\u0131 a\u00e7\u0131klamada;  Spor Toto te\u015fkilat\u0131 ile reklam kar\u015f\u0131l\u0131\u011f\u0131nda ge\u00e7en hafta protokol imzalad\u0131klar\u0131n\u0131 hat\u0131rlatt\u0131, Mersin \u00dcniversitesi\u2019ni kazan\u0131p kente gelecek \u00f6\u011frencilere b\u00f6yle g\u00fczel bir tesisi kazand\u0131rmaktan mutluluk duyduklar\u0131n\u0131 ifade etti.<br \/>\nBa\u015fkan G\u00fcltak; \u201cY\u0131lmaz G\u00fcney Gen\u00e7lik Merkezimizin d\u00f6n\u00fc\u015f\u00fcm\u00fcn\u00fc birka\u00e7 hafta i\u00e7inde bitiriyoruz ve Mersin\u2019e, Akdeniz Belediyesi ile Gen\u00e7lik Spor Bakanl\u0131\u011f\u0131m\u0131z b\u00fcnyesinde 300 ki\u015filik bir erkek \u00f6\u011frenci yurdunu kazand\u0131rm\u0131\u015f olaca\u011f\u0131z. O nedenle mutluyuz. B\u00fcrokratlar\u0131m\u0131z ve teknik ekiple birlikte toplant\u0131 yap\u0131p incelemelerde bulunduk. Y\u0131lmaz G\u00fcney Gen\u00e7lik Merkezimizin d\u00f6n\u00fc\u015f\u00fcm\u00fcn\u00fc h\u0131zla tamamlay\u0131p, \u00fcniversite okumak \u00fczere kentimize gelen gen\u00e7lerimize rahat\u00e7a kalabilecekleri, ders \u00e7al\u0131\u015fabilecekleri ve dinlenebilecekleri g\u00fczel bir yurt kazand\u0131rman\u0131n gururunu ya\u015f\u0131yoruz\u201d dedi.<br \/>\n\u201c\u00c7ok g\u00fczel bir tesise d\u00f6n\u00fc\u015ft\u00fc\u201d<br \/>\nMersin Gen\u00e7lik ve Spor \u0130l M\u00fcd\u00fcr\u00fc \u00d6kke\u015f Demir de Y\u0131lmaz G\u00fcney Gen\u00e7lik Merkezi\u2019nin \u00f6\u011frenci yurduna d\u00f6n\u00fc\u015fecek olmas\u0131ndan dolay\u0131, \u00fcniversiteli gen\u00e7ler ad\u0131na, Gen\u00e7lik ve Spor Bakan\u0131 M. Muharrem Kasapo\u011flu, Mersin Valisi ve Akdeniz Belediye Ba\u015fkan\u0131 Mustafa G\u00fcltak\u2019a te\u015fekk\u00fcr etti. \u00d6kke\u015f Demir; \u201cBuras\u0131 ger\u00e7ekten \u00e7ok g\u00fczel bir tesise d\u00f6n\u00fc\u015ft\u00fc ve in\u015fallah Ekim ay\u0131 itibariyle de \u00fcniversite \u00f6\u011frencilerimize yurt olarak hizmet verecek. Gen\u00e7lerimize bu tesisi kazand\u0131r\u0131p, sa\u011flad\u0131klar\u0131 kolayl\u0131k nedeniyle eme\u011fi ge\u00e7en herkese tekrar \u00e7ok te\u015fekk\u00fcr ediyorum\u201d \u015feklinde konu\u015ftu.<br \/>\nY\u0131lmaz G\u00fcney Gen\u00e7lik Merkezi Hakk\u0131nda\u2026<br \/>\nGe\u00e7mi\u015fte at\u0131l b\u0131rak\u0131ld\u0131\u011f\u0131 i\u00e7in zamanla harabeye d\u00f6nen Y\u0131lmaz G\u00fcney Park\u0131\u2019nda, yeni d\u00f6nemde Akdeniz Belediyesi taraf\u0131ndan yenileme \u00e7al\u0131\u015fmas\u0131 ba\u015flat\u0131ld\u0131. Modern, \u015f\u0131k ve her y\u00f6n\u00fcyle dikkat \u00e7eken merkez, bir e\u011fitim tesisi ve spor merkezi olarak gen\u00e7lere hizmet verecek.<br \/>\nY\u0131lmaz G\u00fcney Gen\u00e7lik Merkezi ad\u0131yla adeta yeniden hayata d\u00f6nen tesiste, yar\u0131 olimpik bir y\u00fczme havuzu da bulunuyor. Dileyen mahalleli gen\u00e7ler ve \u00e7ocuklar ile yurtta kalan \u00f6\u011frenciler bu havuzu kullanabilecek. Tesiste ayr\u0131ca, \u00fccretsiz internete ula\u015f\u0131m imk\u00e2n\u0131 olacak ve g\u00fcnde 2 bin ihtiya\u00e7 sahibi vatanda\u015fa hizmet verecek bir a\u015fevi de a\u00e7\u0131lacak.<\/p>\n","protected":false},"excerpt":{"rendered":"<p>Yenileme \u00e7al\u0131\u015fmalar\u0131nda sona yakla\u015f\u0131lan Y\u0131lmaz G\u00fcney Gen\u00e7lik Merkezi, hem \u00f6\u011frenci yurdu hem de yar\u0131 olimpik havuz olarak hizmet verecek. Modern tesiste, g\u00fcnde 2 bin ki\u015fiye hizmet verecek a\u015fevi a\u00e7\u0131lacak. Yenileme &hellip; <a href=\"https:\/\/akdenizolaygazetesi.com\/?p=20330\" class=\"more-link\">Devam\u0131n\u0131 Oku&#8230;<\/a><\/p>\n","protected":false},"author":2,"featured_media":20331,"comment_status":"open","ping_status":"open","sticky":false,"template":"","format":"standard","meta":[],"categories":[8,34,2,3,5],"tags":[],"_links":{"self":[{"href":"https:\/\/akdenizolaygazetesi.com\/index.php?rest_route=\/wp\/v2\/posts\/20330"}],"collection":[{"href":"https:\/\/akdenizolaygazetesi.com\/index.php?rest_route=\/wp\/v2\/posts"}],"about":[{"href":"https:\/\/akdenizolaygazetesi.com\/index.php?rest_route=\/wp\/v2\/types\/post"}],"author":[{"embeddable":true,"href":"https:\/\/akdenizolaygazetesi.com\/index.php?rest_route=\/wp\/v2\/users\/2"}],"replies":[{"embeddable":true,"href":"https:\/\/akdenizolaygazetesi.com\/index.php?rest_route=%2Fwp%2Fv2%2Fcomments&post=20330"}],"version-history":[{"count":1,"href":"https:\/\/akdenizolaygazetesi.com\/index.php?rest_route=\/wp\/v2\/posts\/20330\/revisions"}],"predecessor-version":[{"id":20332,"href":"https:\/\/akdenizolaygazetesi.com\/index.php?rest_route=\/wp\/v2\/posts\/20330\/revisions\/20332"}],"wp:featuredmedia":[{"embeddable":true,"href":"https:\/\/akdenizolaygazetesi.com\/index.php?rest_route=\/wp\/v2\/media\/20331"}],"wp:attachment":[{"href":"https:\/\/akdenizolaygazetesi.com\/index.php?rest_route=%2Fwp%2Fv2%2Fmedia&parent=20330"}],"wp:term":[{"taxonomy":"category","embeddable":true,"href":"https:\/\/akdenizolaygazetesi.com\/index.php?rest_route=%2Fwp%2Fv2%2Fcategories&post=20330"},{"taxonomy":"post_tag","embeddable":true,"href":"https:\/\/akdenizolaygazetesi.com\/index.php?rest_route=%2Fwp%2Fv2%2Ftags&post=20330"}],"curies":[{"name":"wp","href":"https:\/\/api.w.org\/{rel}","templated":true}]}}