{"id":20336,"date":"2022-08-12T11:29:38","date_gmt":"2022-08-12T08:29:38","guid":{"rendered":"http:\/\/akdenizolaygazetesi.com\/?p=20336"},"modified":"2022-08-12T11:29:38","modified_gmt":"2022-08-12T08:29:38","slug":"erenin-yoklugunun-acisi-milletimizin-yureginde-hala-taptazedir","status":"publish","type":"post","link":"https:\/\/akdenizolaygazetesi.com\/?p=20336","title":{"rendered":"\u201cEren\u2019in yoklu\u011funun ac\u0131s\u0131, milletimizin y\u00fcre\u011finde hala taptazedir\u201d"},"content":{"rendered":"<p>Ba\u015fkan G\u00fcltak; Trabzon\u2019un Ma\u00e7ka il\u00e7esinde, 11 A\u011fustos 2017 y\u0131l\u0131nda, evlerden erzak \u00e7almak isteyen PKK ter\u00f6r \u00f6rg\u00fct\u00fc mensuplar\u0131nca hen\u00fcz 15 ya\u015f\u0131nda iken \u015fehit edilen Eren B\u00fclb\u00fcl\u2019\u00fc and\u0131.<br \/>\nMersin B\u00fcy\u00fck\u015fehir Belediye Meclisi\u2019nin A\u011fustos ay\u0131 ikinci birle\u015fiminde s\u00f6z alan Akdeniz Belediye Ba\u015fkan\u0131 M. Mustafa G\u00fcltak, 5 y\u0131l \u00f6nce, Ma\u00e7ka\u2019da evlerden erzak \u00e7almak isteyen ter\u00f6ristler taraf\u0131ndan \u015fehit edilen 15 ya\u015f\u0131ndaki Eren B\u00fclb\u00fcl ile ayn\u0131 olayda \u015fehit olan Jandarma Uzman Ba\u015f\u00e7avu\u015f Ferhat Gedik\u2019i and\u0131. S\u00f6zlerine; \u201c\u0130yi ki vars\u0131n Eren B\u00fclb\u00fcl, daima da var olacaks\u0131n\u201d diyerek ba\u015flayan Ba\u015fkan G\u00fcltak, \u201cHer daim g\u00f6n\u00fcllerimizde, dilimizde ve dualar\u0131m\u0131zda, hen\u00fcz 15\u2019inde \u015fehadete eren yi\u011fidimiz ve kahraman\u0131m\u0131z olarak kalacaks\u0131n. Sana k\u0131yan hain eller ise sonsuza dek lanetle an\u0131lacakt\u0131r\u201d dedi.<br \/>\n\u201cEren\u2019in yoklu\u011funun ac\u0131s\u0131, milletimizin y\u00fcre\u011finde hala taptazedir\u201d<br \/>\nMesaj\u0131nda, \u201cBu vatan\u0131n yi\u011fit evlad\u0131 Eren\u2019in yoklu\u011funun ac\u0131s\u0131, t\u0131pk\u0131 annesi Ay\u015fe B\u00fclb\u00fcl gibi milletimizin y\u00fcre\u011finde hala taptazedir\u201d diyen Ba\u015fkan G\u00fcltak, s\u00f6zlerini \u015f\u00f6yle s\u00fcrd\u00fcrd\u00fc; \u201cEbediyete u\u011furlay\u0131\u015f\u0131m\u0131z\u0131n 5\u2019inci y\u0131l\u0131nda sevgili evlad\u0131m\u0131z Eren\u2019i rahmet ve sayg\u0131yla y\u00e2d ediyorum. Ayn\u0131 sald\u0131r\u0131da \u015fehit olup vatan topra\u011f\u0131na emanet etti\u011fimiz Jandarma Astsubay Ba\u015f\u00e7avu\u015fumuz Ferhat Gedik\u2019e de Allah\u2019tan rahmet diliyorum.<br \/>\nHen\u00fcz 15\u2019inde \u015fehit edilen sevgili evlad\u0131m\u0131z Eren B\u00fclb\u00fcl \u015fahs\u0131nda; vatan\u0131m\u0131z, bayra\u011f\u0131m\u0131z ve topra\u011f\u0131m\u0131z i\u00e7in asla y\u0131lmadan m\u00fccadele eden ve bu u\u011furda topra\u011fa d\u00fc\u015fen kahraman \u015fehitlerimize rahmet diliyor, sayg\u0131 ve minnet duygular\u0131m\u0131 sunuyorum. Mek\u00e2nlar\u0131 cennet olsun!<br \/>\nBu kutsal m\u00fccadelede yaralanan kahraman gazilerimize de \u015fifalar diliyorum. Vatan\u0131m\u0131z\u0131n birli\u011fi ve dirli\u011fine, milletimizin karde\u015fli\u011fine, demokrasimize ve ortak gelece\u011fimize zarar vermek isteyen kim olursa olsun, bu hain, karanl\u0131k ve kirli emellerine asla ula\u015famayacaklard\u0131r.\u201d<\/p>\n","protected":false},"excerpt":{"rendered":"<p>Ba\u015fkan G\u00fcltak; Trabzon\u2019un Ma\u00e7ka il\u00e7esinde, 11 A\u011fustos 2017 y\u0131l\u0131nda, evlerden erzak \u00e7almak isteyen PKK ter\u00f6r \u00f6rg\u00fct\u00fc mensuplar\u0131nca hen\u00fcz 15 ya\u015f\u0131nda iken \u015fehit edilen Eren B\u00fclb\u00fcl\u2019\u00fc and\u0131. Mersin B\u00fcy\u00fck\u015fehir Belediye Meclisi\u2019nin &hellip; <a href=\"https:\/\/akdenizolaygazetesi.com\/?p=20336\" class=\"more-link\">Devam\u0131n\u0131 Oku&#8230;<\/a><\/p>\n","protected":false},"author":2,"featured_media":20337,"comment_status":"open","ping_status":"open","sticky":false,"template":"","format":"standard","meta":[],"categories":[1,2,3],"tags":[],"_links":{"self":[{"href":"https:\/\/akdenizolaygazetesi.com\/index.php?rest_route=\/wp\/v2\/posts\/20336"}],"collection":[{"href":"https:\/\/akdenizolaygazetesi.com\/index.php?rest_route=\/wp\/v2\/posts"}],"about":[{"href":"https:\/\/akdenizolaygazetesi.com\/index.php?rest_route=\/wp\/v2\/types\/post"}],"author":[{"embeddable":true,"href":"https:\/\/akdenizolaygazetesi.com\/index.php?rest_route=\/wp\/v2\/users\/2"}],"replies":[{"embeddable":true,"href":"https:\/\/akdenizolaygazetesi.com\/index.php?rest_route=%2Fwp%2Fv2%2Fcomments&post=20336"}],"version-history":[{"count":1,"href":"https:\/\/akdenizolaygazetesi.com\/index.php?rest_route=\/wp\/v2\/posts\/20336\/revisions"}],"predecessor-version":[{"id":20338,"href":"https:\/\/akdenizolaygazetesi.com\/index.php?rest_route=\/wp\/v2\/posts\/20336\/revisions\/20338"}],"wp:featuredmedia":[{"embeddable":true,"href":"https:\/\/akdenizolaygazetesi.com\/index.php?rest_route=\/wp\/v2\/media\/20337"}],"wp:attachment":[{"href":"https:\/\/akdenizolaygazetesi.com\/index.php?rest_route=%2Fwp%2Fv2%2Fmedia&parent=20336"}],"wp:term":[{"taxonomy":"category","embeddable":true,"href":"https:\/\/akdenizolaygazetesi.com\/index.php?rest_route=%2Fwp%2Fv2%2Fcategories&post=20336"},{"taxonomy":"post_tag","embeddable":true,"href":"https:\/\/akdenizolaygazetesi.com\/index.php?rest_route=%2Fwp%2Fv2%2Ftags&post=20336"}],"curies":[{"name":"wp","href":"https:\/\/api.w.org\/{rel}","templated":true}]}}