{"id":20339,"date":"2022-08-12T11:31:19","date_gmt":"2022-08-12T08:31:19","guid":{"rendered":"http:\/\/akdenizolaygazetesi.com\/?p=20339"},"modified":"2022-08-12T11:31:19","modified_gmt":"2022-08-12T08:31:19","slug":"okan-merzeci-ve-18-cadde-kesisimindeki-noktada-calismalarimizi-baslattik","status":"publish","type":"post","link":"https:\/\/akdenizolaygazetesi.com\/?p=20339","title":{"rendered":"&#8220;OKAN MERZEC\u0130 VE 18. CADDE KES\u0130\u015e\u0130M\u0130NDEK\u0130 NOKTADA \u00c7ALI\u015eMALARIMIZI BA\u015eLATTIK&#8221;"},"content":{"rendered":"<p>Mersin B\u00fcy\u00fck\u015fehir Belediye Meclisi&#8217;nin 2022 y\u0131l\u0131 A\u011fustos ay\u0131 2. Birle\u015fim Toplant\u0131s\u0131, B\u00fcy\u00fck\u015fehir Belediye Ba\u015fkan\u0131 Vahap Se\u00e7er ba\u015fkanl\u0131\u011f\u0131nda ger\u00e7ekle\u015ftirildi. Meclis Toplant\u0131s\u0131&#8217;nda; idareden gelen 9, komisyonlara havale edilen 2, g\u00fcndem d\u0131\u015f\u0131 1 olmak \u00fczere toplam 12 madde g\u00f6r\u00fc\u015f\u00fcld\u00fc. Ba\u015fkan Se\u00e7er, toplu i\u015f s\u00f6zle\u015fmesinin imzaland\u0131\u011f\u0131n\u0131 ve en d\u00fc\u015f\u00fck i\u015f\u00e7i \u00fccretinin 7268 TL&#8217;ye \u00e7\u0131kar\u0131ld\u0131\u011f\u0131n\u0131 belirterek, &#8220;\u0130\u015f\u00e7ilerimizin g\u00fcnl\u00fck yevmiyelerini Haziran ay\u0131na g\u00f6re y\u00fczde 50 oran\u0131nda art\u0131rd\u0131k. Toplu i\u015f s\u00f6zle\u015fmemiz hay\u0131rl\u0131 olsun&#8221; dedi.<br \/>\n&#8220;En d\u00fc\u015f\u00fck i\u015f\u00e7i \u00fccretini 7268 TL&#8217;ye \u00e7\u0131kard\u0131k&#8221;<br \/>\nBa\u015fkan Se\u00e7er, B\u00fcy\u00fck\u015fehir Belediyesi ile MESKi&#8217;de toplu i\u015f s\u00f6zle\u015fmesi imzaland\u0131\u011f\u0131n\u0131 belirterek, &#8220;Belediyemiz ile belediyemize ba\u011fl\u0131 MESK\u0130&#8217;DE toplu i\u015f s\u00f6zle\u015fmemizi imzalad\u0131k. \u0130\u015f\u00e7ilerimizin g\u00fcnl\u00fck yevmiyelerini Haziran ay\u0131na g\u00f6re y\u00fczde 50 oran\u0131nda art\u0131rd\u0131k. En d\u00fc\u015f\u00fck i\u015f\u00e7i \u00fccretini de 7268 TL&#8217;ye \u00e7\u0131kard\u0131k. Ne kadar y\u00fcksek \u00fccret verilirse verilsin, hayat pahal\u0131l\u0131\u011f\u0131 devam etti\u011fi ve al\u0131m g\u00fcc\u00fc d\u00fc\u015ft\u00fc\u011f\u00fc s\u00fcrece \u00fclkemizde ne yaz\u0131k ki eme\u011fiyle \u00e7al\u0131\u015fan insanlar\u0131n ya\u015fam standard\u0131 geriye do\u011fru gidiyor. Bu ger\u00e7e\u011fin de fark\u0131nda olarak, i\u015f\u00e7ilerimize 6 ayda bir enflasyon fark\u0131n\u0131 da verece\u011fiz. Belediye olarak bir tarafta kamu kaynaklar\u0131n\u0131 do\u011fru \u015fekilde halka hizmet olarak sunmak zorunday\u0131z, ama bir taraftan da hizmetleri yapan belediye \u00e7al\u0131\u015fanlar\u0131m\u0131z\u0131n haklar\u0131n\u0131 vermek durumunday\u0131z&#8221; dedi.<br \/>\nKadrolu i\u015f\u00e7ilerle ilgili konuyla s\u00f6zlerini s\u00fcrd\u00fcren Ba\u015fkan Se\u00e7er, &#8220;Bir de toplamda 850 civar\u0131nda kadrolu i\u015f\u00e7imiz var. Onlar\u0131n durumunu da bir ek protokolle d\u00fczeltmek i\u00e7in,  bu toplu s\u00f6zle\u015fmenin bitmesini bekliyorduk. Normalde onlar\u0131n s\u00f6zle\u015fmesi 2023 Mart ay\u0131nda. \u015eimdi bu toplu s\u00f6zle\u015fmeden sonra bir referans \u00e7\u0131kt\u0131 kar\u015f\u0131m\u0131za. Makul bir \u015fey yapaca\u011f\u0131z&#8221; ifadelerini kulland\u0131.<br \/>\n&#8220;Okan Merzeci ve 18. Cadde kesi\u015fimindeki noktada \u00e7al\u0131\u015fmalar\u0131m\u0131z\u0131 ba\u015flatt\u0131k&#8221;<br \/>\nBa\u015fkan Se\u00e7er, Okan Merzeci ve 18. Cadde kesi\u015fimindeki noktada, dikenli yol olarak an\u0131lan b\u00f6lgede trafi\u011fi rahatlatmak amac\u0131 ta\u015f\u0131yan \u00e7al\u0131\u015fmalar\u0131 ba\u015flatt\u0131klar\u0131n\u0131 duyurarak, &#8220;8 A\u011fustos itibari ile orada \u00e7al\u0131\u015fma ba\u015flatt\u0131k. Bir t\u00fcnel ge\u00e7i\u015f projelendirmi\u015ftik. Proje uzunlu\u011fu toplam 636 metre, kapal\u0131 kesit uzunlu\u011fu 56 metre olacak. Yap\u0131lan programa g\u00f6re de 75 g\u00fcnde tamamlayaca\u011f\u0131z. \u00c7\u00fcnk\u00fc projemizin zaman\u0131nda tamamlanmas\u0131 i\u00e7in \u00f6n\u00fcm\u00fczdeki ay itibari ile okullar\u0131n da a\u00e7\u0131laca\u011f\u0131n\u0131 d\u00fc\u015f\u00fcn\u00fcrsek, arkada\u015flar\u0131m\u0131z 24 saat esas\u0131na dayal\u0131 olarak \u00e7al\u0131\u015fmalar\u0131n\u0131 s\u00fcrd\u00fcr\u00fcyorlar&#8221; diye konu\u015ftu.<br \/>\nSe\u00e7er, Mezitli i\u00e7me suyu \u015febeke hatt\u0131 i\u00e7in kent ad\u0131na sevindirici geli\u015fmelerin oldu\u011funu aktararak, \u015f\u00f6yle devam etti:<br \/>\n&#8220;\u015eehrimiz ad\u0131na \u00f6nemli, de\u011ferli ve sevindirici bir haber var. Mezitli \u0130\u00e7me Suyu Projesi i\u00e7in, Frans\u0131z Kalk\u0131nma Ajans\u0131 ile \u0130ller Bankas\u0131 aras\u0131nda Belediye Hizmetleri Projesi 1 kapsam\u0131nda sa\u011flanan yat\u0131r\u0131m hibe deste\u011fi 17 milyon 150 bin avro tutar\u0131nda ve buna ili\u015fkin alt hibe anla\u015fmas\u0131 \u0130ller Bankas\u0131 ile MESK\u0130 aras\u0131nda 1 Eyl\u00fcl 2020 tarihinde imzalanm\u0131\u015ft\u0131. Bu do\u011frultuda Mezitli \u0130\u00e7me Suyu Projesi&#8217;nin yap\u0131m\u0131na ait standart ihale d\u00f6k\u00fcmanlar\u0131, teknik \u015fartnameler ve yakla\u015f\u0131k maliyet \u00e7al\u0131\u015fmalar\u0131 tamamland\u0131. Frans\u0131z Kalk\u0131nma Ajans\u0131 taraf\u0131ndan &#8216;ihale d\u00f6k\u00fcman\u0131 ve eklerine itiraz yoktur&#8217; g\u00f6r\u00fc\u015f yaz\u0131s\u0131 MESK\u0130&#8217;ye 8 A\u011fustos tarihinde bildirildi. Yani her \u015fey tamamlanm\u0131\u015f oldu. Burada eme\u011fi ge\u00e7en herkese te\u015fekk\u00fcr ediyoruz&#8221; dedi.<br \/>\nDaha \u00f6nce Meclis&#8217;te bu tart\u0131\u015fmalar\u0131n yap\u0131ld\u0131\u011f\u0131n\u0131 kaydeden Ba\u015fkan Se\u00e7er, &#8220;39 milyon avro de\u011ferinde T\u00fcrkiye&#8217;de ya\u015fayan m\u00fclteciler fonundan, yani FRTT II kapsam\u0131nda bir hibe kredisi verilmesi s\u00f6z konusuydu. Bunlar\u0131n bir an \u00f6nce hayata ge\u00e7irilmesi i\u00e7in \u00e7abalar\u0131m\u0131z olmu\u015ftu. \u015eimdi \u00fc\u00e7 \u00f6nemli projeden bir tanesi, alaca\u011f\u0131m\u0131z y\u00f6netim kurulu karar\u0131yla haftaya ihale ilan\u0131na \u00e7\u0131kacak. Mezitli i\u00e7in gerekliydi, Mezitli \u0130\u00e7me Suyu \u015eebekesi s\u00fcrekli ar\u0131za veren demode bir sistemdi. \u015eimdi 17 milyon 150 bin avro tutar\u0131nda hibe anla\u015fmas\u0131yla, Mezitli&#8217;nin bu sorununu da ortadan kald\u0131rm\u0131\u015f olaca\u011f\u0131z. Ancak; Akdeniz&#8217;e ba\u011fl\u0131 Homurlu, Kazanl\u0131 ile Toroslar Mahalleleri Kanalizasyon Projesi ve en \u00f6nemlilerinden bir tanesi Erdemli&#8217;ye ba\u011fl\u0131 T\u00f6m\u00fck, Arpa\u00e7bah\u015fi\u015f kanalizasyon at\u0131ksu ar\u0131tma ve derin deniz de\u015farj\u0131 projeleri ile ilgili alt hibe anla\u015fmalar\u0131 i\u00e7in imza yetkileri alm\u0131\u015ft\u0131k. Frans\u0131z Kalk\u0131nma Ajans\u0131 ile bu yetkilerimizi payla\u015ft\u0131k. Alt hibe protokol\u00fcn\u00fc bekliyoruz. Eminim \u00e7ok s\u00fcratli bir \u015fekilde bu prosed\u00fcrleri de tamamlayaca\u011f\u0131z&#8221; \u015feklinde konu\u015ftu.<br \/>\nBa\u015fkan Se\u00e7er&#8217;den yayladaki vatanda\u015flara su kullan\u0131m\u0131 konusunda \u00e7a\u011fr\u0131<br \/>\nHafta sonlar\u0131 \u00f6zellikle yayla b\u00f6lgelerindeki vatanda\u015flardan, su kesintisi ile ilgili \u015fikayetlerin geldi\u011fini belirten Ba\u015fkan Se\u00e7er, &#8220;Asl\u0131nda \u015fikayet gelen b\u00f6lgelerde yapt\u0131\u011f\u0131m\u0131z i\u00e7me suyu \u015febekeleri projeleri, tamamen oradaki n\u00fcfus yo\u011funlu\u011fu talepleri do\u011frultusunda ve teknik olarak do\u011fru projeler. Ancak yaylal\u0131k b\u00f6lgeler; bayram g\u00fcnleri, tatil g\u00fcnleri, hafta sonlar\u0131 beklenenin \u00e7ok \u00fcst\u00fcnde misafir a\u011f\u0131rlad\u0131\u011f\u0131 zaman sorunlar oluyor. Biz vatanda\u015flar\u0131m\u0131zdan \u015funu bekliyoruz; hafta sonlar\u0131 en az\u0131ndan bah\u00e7e sulamas\u0131na ara versinler. Zaten yasal olarak MESK\u0130&#8217;nin vatanda\u015f\u0131m\u0131za sa\u011flad\u0131\u011f\u0131 i\u00e7me suyunu bah\u00e7e sulanmas\u0131 i\u00e7in kullanma haklar\u0131 yok, yasal olarak bu m\u00fcmk\u00fcn de\u011fil&#8221; dedi.<br \/>\nBa\u015fkan Se\u00e7er, sahil b\u00f6lgelerindeki \u00e7evre kirlili\u011fine dair konu\u015ftu<br \/>\nBa\u015fkan Se\u00e7er; sahil b\u00f6lgelerinde, plajlarda ya\u015fanan temizlik sorunu ile ilgili de \u00f6nemli a\u00e7\u0131klamalarda bulundu. Se\u00e7er, bu konunun da t\u0131pk\u0131 yol \u015fikayet ve taleplerinde oldu\u011fu gibi il\u00e7e belediyeleri ile B\u00fcy\u00fck\u015fehir Belediyesi&#8217;ni ve di\u011fer kurumlar\u0131 kar\u015f\u0131 kar\u015f\u0131ya getirdi\u011fini dile getirerek, &#8220;Bizim TEKS\u0130N \u00e7a\u011fr\u0131 merkezimize bu \u015fikayetler geliyor. Buras\u0131 sahil kenti ve 320 kilometre sahili olan bir kent. Burada deniz denetimine yetkilendirilmi\u015f kurumlar var. Bir tanesi belli koordinatlar i\u00e7inde B\u00fcy\u00fck\u015fehir Belediyesi, di\u011feri Sahil G\u00fcvenlik ve genel anlamda da \u0130l \u00c7evre M\u00fcd\u00fcrl\u00fc\u011f\u00fc. Biz, kendi alan\u0131m\u0131z i\u00e7erisinde \u00e7ok s\u0131k\u0131 denetim yap\u0131yoruz ve \u00e7ok y\u00fcksek de cezalar kesildi\u011fini biliyorsunuz. Zaman zaman bunlar bas\u0131na da yans\u0131yor. Tabiri caizse hi\u00e7 affetmiyoruz&#8221; dedi. Mersin&#8217;in k\u0131y\u0131 \u015feridinde deniz kirlili\u011finin, olmas\u0131 gereken d\u00fczeyin \u00e7ok \u00fcst\u00fcnde oldu\u011funa dikkat \u00e7eken Ba\u015fkan Se\u00e7er, \u015funlar\u0131 s\u00f6yledi: &#8220;Denizde g\u00f6rd\u00fc\u011f\u00fcn\u00fcz b\u00fct\u00fcn deniz ta\u015f\u0131tlar\u0131 bu kirlili\u011fe neden olabiliyor, bu birincisi. \u0130kincisi; dereler vas\u0131tas\u0131yla karalardan evsel at\u0131klar\u0131n dere yoluyla denize ula\u015fmas\u0131ndan kaynakl\u0131 bir deniz kirlili\u011fi oluyor. Peki derelerin denetimi kime ait, yetki kime ait?  Kurum belli, DS\u0130&#8217;nin. Dereler kirleniyorsa, bunun temizleme g\u00f6revi kime ait? \u00c7evre temizlik vergisi alan il\u00e7e belediyelerine ait. Vergiyi MESK\u0130 topluyor, ama il\u00e7e belediyesinin hesab\u0131na yat\u0131r\u0131yor. \u015eimdi g\u00f6r\u00fcyorum ki bu kirlilikleri kurumlar, maalesef g\u00f6revini yapmak yerine birbirinin \u00fczerine atma y\u00f6n\u00fcne gidiyor. Bu da korkun\u00e7 bir \u00e7evre kirlili\u011fi yarat\u0131yor. Biz B\u00fcy\u00fck\u015fehir Belediyesi olarak il\u00e7e belediyesi ile ya da DS\u0130 ile i\u015f birli\u011fine haz\u0131r\u0131z. Bu at\u0131klar\u0131n denize ula\u015fmamas\u0131 gerekiyor. Denize ula\u015ft\u0131\u011f\u0131 noktada bunlar\u0131n temizlenmesi de b\u00fcy\u00fck bir sorun haline geliyor. Bu konuda dikkatinizi \u00e7ekmek istiyorum&#8221; diye konu\u015ftu.<br \/>\n&#8220;Sahiller halk\u0131n mal\u0131&#8221;<br \/>\nMersin B\u00fcy\u00fck\u015fehir Belediye Ba\u015fkan\u0131 Vahap Se\u00e7er sahillerin temizli\u011fi ve \u00e7\u00f6plerin al\u0131nmas\u0131 hakk\u0131nda yapt\u0131\u011f\u0131 de\u011ferlendirmede de \u015funlara de\u011findi:<br \/>\n&#8220;Sahiller halk\u0131n mal\u0131. Peki, buran\u0131n sorumluluklar\u0131 nerede? Mersin genelinde 48 plaj belirlemi\u015f \u00c7evre Bakanl\u0131\u011f\u0131. Demi\u015f ki; 39 tanesinin temizli\u011fi ve \u00e7\u00f6plerinin al\u0131nmas\u0131 il\u00e7e belediyelerinin, 9 tanesinin temizli\u011fi ise Deniz K\u0131z\u0131 \u015eirketi taraf\u0131ndan d\u00fczenli olarak yap\u0131lacakt\u0131r. Bizim kira \u00f6deyip, plaj olarak Deniz K\u0131z\u0131 \u015eirketi marifetiyle vatanda\u015f\u0131n hizmetine sundu\u011fumuz b\u00f6lgeleri temizleme g\u00f6revi Deniz K\u0131z\u0131 \u015eirketi&#8217;ne ait. Ama di\u011fer kalan 39 halk plaj\u0131n\u0131n temizleme g\u00f6revi il\u00e7e belediyelerinde. Herhalde bu yapt\u0131\u011f\u0131m\u0131z de\u011ferlendirmeler bug\u00fcn gelinen deniz kirlili\u011fi, k\u0131y\u0131 kirlili\u011fi konusunun ne derece \u00f6nemli oldu\u011funu ve nerelerden kaynakland\u0131\u011f\u0131n\u0131 a\u00e7\u0131klayan \u00f6nemli a\u00e7\u0131klamalar olmu\u015ftur.&#8221;<br \/>\n&#8220;Belgesi olmadan kurumlar\u0131n ya da i\u015fletmelerin m\u00fczik yapmas\u0131 hem bizim denetimimizi g\u00fc\u00e7le\u015ftiriyor, hem de vatanda\u015flar\u0131n \u015fik\u00e2yetlerinin artmas\u0131na neden oluyor&#8221;<br \/>\nVatanda\u015flardan Teksin&#8217;e ve Alo 185&#8217;e, Anamur ve Erdemli&#8217;deki i\u015fletmelerden gelen g\u00fcr\u00fclt\u00fc konusundaki \u015fik\u00e2yetleri de Meclis toplant\u0131s\u0131nda dile getiren Ba\u015fkan Se\u00e7er, &#8220;Anamur ve Erdemli sahil b\u00f6lgelerinden yo\u011fun \u015fik\u00e2yetler al\u0131yoruz. Bu belediyelerin s\u0131n\u0131rlar\u0131 i\u00e7erisinde canl\u0131 m\u00fczik izni belgeleri olmadan faaliyet g\u00f6steren i\u015fletmelerle ilgili bize \u015fikayet geliyor.  Oysa ki bu i\u015fletmeleri il\u00e7e belediyeleri zorlay\u0131p, izin belgelerini almalar\u0131n\u0131 sa\u011flamalar\u0131 gerekiyor. \u0130l\u00e7e belediyelerimizin buralara yasal i\u015flem yapmalar\u0131 gerekmektedir. Gerekirse vatanda\u015flar\u0131m\u0131z\u0131n huzuru i\u00e7in kapatma i\u015flemleri uygulanmal\u0131d\u0131r&#8221; dedi.<br \/>\n&#8220;Hem fark\u0131nday\u0131z olay\u0131n hem de \u00e7\u00f6z\u00fcm i\u00e7in \u00e7ok gayret sarf ediyoruz&#8221;<br \/>\nAr\u0131tma konusundaki \u00e7al\u0131\u015fmalara dair yap\u0131lan konu\u015fmalar\u0131 de\u011ferlendiren Ba\u015fkan Se\u00e7er, &#8220;Ar\u0131tma konusunu daha \u00f6nce zaten g\u00fcndeme getirdik. Ama zorlu\u011fumuz tamamen finansmanla ilgili. \u015eu an bizim en b\u00fcy\u00fck sorun alan\u0131m\u0131z Limonlu. Orada kanalizasyonu \u0130ller Bankas\u0131 yapm\u0131\u015f, ama sistem \u00e7\u00f6km\u00fc\u015f. \u015eimdi onu aya\u011fa kald\u0131rmaya \u00e7al\u0131\u015f\u0131yoruz. Geriden gelen bir sorun. Bizle hi\u00e7bir alakas\u0131 yok. Silifke, finans sorunu. Atakent, Arkum, Atayurt o b\u00f6lgeler tamamen finansmanla ilgili konular. Yine Ye\u015filovac\u0131k. Bak\u0131n biz orada finansman beklentisi olmadan ihaleye \u00e7\u0131kt\u0131k. 5 A\u011fustos&#8217;ta en son iki kez ihaleye \u00e7\u0131km\u0131\u015f\u0131z. \u0130haleye giren olmad\u0131. \u015eimdi bu fiyat dalgalanmalar\u0131, d\u00f6viz kurlar\u0131, insanlar\u0131n \u00f6n\u00fcn\u00fc g\u00f6rememe meselesi ve endi\u015fesi bizi s\u0131k\u0131nt\u0131ya sokuyor. Finansman bulmakta zorlan\u0131yorsun; vars\u0131n diyorsun \u00f6z kaynaklarla yapar\u0131z bir \u015feyler, bu sefer de y\u00fcklenici bulam\u0131yoruz. Bunlar b\u00fcy\u00fck paralar. Ama emin olabilirsiniz ki olay\u0131n hem fark\u0131nday\u0131z, hem de \u00e7\u00f6z\u00fcm i\u00e7in \u00e7ok gayret sarf ediyoruz&#8221; dedi.<\/p>\n","protected":false},"excerpt":{"rendered":"<p>Mersin B\u00fcy\u00fck\u015fehir Belediye Meclisi&#8217;nin 2022 y\u0131l\u0131 A\u011fustos ay\u0131 2. Birle\u015fim Toplant\u0131s\u0131, B\u00fcy\u00fck\u015fehir Belediye Ba\u015fkan\u0131 Vahap Se\u00e7er ba\u015fkanl\u0131\u011f\u0131nda ger\u00e7ekle\u015ftirildi. Meclis Toplant\u0131s\u0131&#8217;nda; idareden gelen 9, komisyonlara havale edilen 2, g\u00fcndem d\u0131\u015f\u0131 1 &hellip; <a href=\"https:\/\/akdenizolaygazetesi.com\/?p=20339\" class=\"more-link\">Devam\u0131n\u0131 Oku&#8230;<\/a><\/p>\n","protected":false},"author":2,"featured_media":20340,"comment_status":"open","ping_status":"open","sticky":false,"template":"","format":"standard","meta":[],"categories":[8,1,2,3],"tags":[],"_links":{"self":[{"href":"https:\/\/akdenizolaygazetesi.com\/index.php?rest_route=\/wp\/v2\/posts\/20339"}],"collection":[{"href":"https:\/\/akdenizolaygazetesi.com\/index.php?rest_route=\/wp\/v2\/posts"}],"about":[{"href":"https:\/\/akdenizolaygazetesi.com\/index.php?rest_route=\/wp\/v2\/types\/post"}],"author":[{"embeddable":true,"href":"https:\/\/akdenizolaygazetesi.com\/index.php?rest_route=\/wp\/v2\/users\/2"}],"replies":[{"embeddable":true,"href":"https:\/\/akdenizolaygazetesi.com\/index.php?rest_route=%2Fwp%2Fv2%2Fcomments&post=20339"}],"version-history":[{"count":1,"href":"https:\/\/akdenizolaygazetesi.com\/index.php?rest_route=\/wp\/v2\/posts\/20339\/revisions"}],"predecessor-version":[{"id":20341,"href":"https:\/\/akdenizolaygazetesi.com\/index.php?rest_route=\/wp\/v2\/posts\/20339\/revisions\/20341"}],"wp:featuredmedia":[{"embeddable":true,"href":"https:\/\/akdenizolaygazetesi.com\/index.php?rest_route=\/wp\/v2\/media\/20340"}],"wp:attachment":[{"href":"https:\/\/akdenizolaygazetesi.com\/index.php?rest_route=%2Fwp%2Fv2%2Fmedia&parent=20339"}],"wp:term":[{"taxonomy":"category","embeddable":true,"href":"https:\/\/akdenizolaygazetesi.com\/index.php?rest_route=%2Fwp%2Fv2%2Fcategories&post=20339"},{"taxonomy":"post_tag","embeddable":true,"href":"https:\/\/akdenizolaygazetesi.com\/index.php?rest_route=%2Fwp%2Fv2%2Ftags&post=20339"}],"curies":[{"name":"wp","href":"https:\/\/api.w.org\/{rel}","templated":true}]}}