{"id":20349,"date":"2022-08-12T11:36:09","date_gmt":"2022-08-12T08:36:09","guid":{"rendered":"http:\/\/akdenizolaygazetesi.com\/?p=20349"},"modified":"2022-08-12T11:36:09","modified_gmt":"2022-08-12T08:36:09","slug":"baskan-gultak-mersinlileri-gise-rekortmeni-filmi-izlemeye-davet-etti","status":"publish","type":"post","link":"https:\/\/akdenizolaygazetesi.com\/?p=20349","title":{"rendered":"Ba\u015fkan G\u00fcltak; Mersinlileri, gi\u015fe rekortmeni filmi izlemeye davet etti"},"content":{"rendered":"<p>Akdeniz Belediyesi\u2019nin geleneksel yaz sinema etkinli\u011fi, seyirciden g\u00f6rd\u00fc\u011f\u00fc yo\u011fun ilgiyle gi\u015fe rekorlar\u0131 k\u0131ran \u201cBergen\u201d filmi ile devam ediyor. Ba\u015fkan G\u00fcltak; Mersinlileri, a\u00e7\u0131k havada film izleme keyfini ya\u015famaya davet etti.<br \/>\nAkdeniz Belediyesi K\u00fclt\u00fcr ve Sosyal \u0130\u015fler M\u00fcd\u00fcrl\u00fc\u011f\u00fc\u2019n\u00fcn geleneksel hale getirdi\u011fi a\u00e7\u0131k hava sinema g\u00f6sterimi s\u00fcr\u00fcyor. Bu yaz ilk g\u00f6sterim, T\u00fcrkiye\u2019de gi\u015fe rekorlar\u0131 k\u0131ran, \u00fclke d\u0131\u015f\u0131nda da ciddi bir gi\u015fe ba\u015far\u0131s\u0131 elde eden, as\u0131l ad\u0131 Belgin Sar\u0131lm\u0131\u015fer olan Bergen\u2019in hayat\u0131n\u0131 konu edinen film ile ba\u015fl\u0131yor.<br \/>\nG\u00f6sterim, 13 A\u011fustos Cumartesi g\u00fcn\u00fc<br \/>\nArabeskin krali\u00e7esi olarak nitelenen Bergen\u2019in hayat\u0131n\u0131 anlatan filmin \u00fccretsiz g\u00f6sterimi, Mersin Millet Bah\u00e7esi sahil etab\u0131nda (eski lunapark), 13 A\u011fustos 2022 Cumartesi g\u00fcn\u00fc (yar\u0131n), saat 20:00\u2019de ger\u00e7ekle\u015fecek. Akdeniz Belediye Ba\u015fkan\u0131 Mustafa G\u00fcltak, yapt\u0131\u011f\u0131 a\u00e7\u0131klamada, a\u00e7\u0131k hava film k\u00fclt\u00fcr\u00fcn\u00fc yeniden canland\u0131rd\u0131klar\u0131n\u0131 belirtti; vatanda\u015flar\u0131, filmi izlemeye davet etti. \u201cAkdenizlilerin \u00f6zlemini duydu\u011fu k\u00fclt\u00fcrel etkinliklerimize yeniden ba\u015fl\u0131yoruz\u201d diyen Ba\u015fkan G\u00fcltak; \u201cAkdeniz yaz ak\u015famlar\u0131nda, nostaljik bir gelene\u011fi ya\u015fatmak ve keyifli an\u0131lar biriktirmek i\u00e7in etkinlikler zincirine devam edece\u011fiz. Akdeniz\u2019de art\u0131k yaz ak\u015famlar\u0131, huzur, mutluluk ve keyifle ge\u00e7iyor. Ye\u015fil\u00e7am filmlerinin nostaljisi ve s\u0131cakl\u0131\u011f\u0131n\u0131 hat\u0131rlatan a\u00e7\u0131k hava sinema g\u00f6sterimlerine her ya\u015ftan vatanda\u015f\u0131m\u0131z\u0131n ilgi g\u00f6sterece\u011fine inan\u0131yorum\u201d \u015feklinde konu\u015ftu<br \/>\nBergen filmi hakk\u0131nda\u2026<br \/>\nArabeskin unutulmayan kad\u0131n seslerinden biri olan Bergen&#8217;in hayat\u0131n\u0131 anlatan filmde, Bergen olarak bilinen Belgin Sar\u0131lm\u0131\u015fer\u2019in; Ankara&#8217;dan Adana&#8217;ya, oradan da ya\u015fad\u0131\u011f\u0131 a\u015fk\u0131n ard\u0131ndan ebediyete uzanan hayat\u0131n\u0131 anlat\u0131yor. E\u015fi taraf\u0131ndan u\u011frad\u0131\u011f\u0131 sald\u0131r\u0131 sonucu hen\u00fcz 30 ya\u015f\u0131ndayken ya\u015fam\u0131n\u0131 yitiren Bergen\u2019in hayat\u0131n\u0131 konu alan, ba\u015frollerinde Farah Zeynep Abdullah ve Erdal Be\u015fik\u00e7io\u011flu\u2019nun yer ald\u0131\u011f\u0131 film, T\u00fcrkiye\u2019de k\u0131rd\u0131\u011f\u0131 rekorlar\u0131n ard\u0131ndan \u00fclke d\u0131\u015f\u0131nda da gi\u015fe ba\u015far\u0131s\u0131 elde etti.<\/p>\n","protected":false},"excerpt":{"rendered":"<p>Akdeniz Belediyesi\u2019nin geleneksel yaz sinema etkinli\u011fi, seyirciden g\u00f6rd\u00fc\u011f\u00fc yo\u011fun ilgiyle gi\u015fe rekorlar\u0131 k\u0131ran \u201cBergen\u201d filmi ile devam ediyor. Ba\u015fkan G\u00fcltak; Mersinlileri, a\u00e7\u0131k havada film izleme keyfini ya\u015famaya davet etti. Akdeniz &hellip; <a href=\"https:\/\/akdenizolaygazetesi.com\/?p=20349\" class=\"more-link\">Devam\u0131n\u0131 Oku&#8230;<\/a><\/p>\n","protected":false},"author":2,"featured_media":20350,"comment_status":"open","ping_status":"open","sticky":false,"template":"","format":"standard","meta":[],"categories":[2,3],"tags":[],"_links":{"self":[{"href":"https:\/\/akdenizolaygazetesi.com\/index.php?rest_route=\/wp\/v2\/posts\/20349"}],"collection":[{"href":"https:\/\/akdenizolaygazetesi.com\/index.php?rest_route=\/wp\/v2\/posts"}],"about":[{"href":"https:\/\/akdenizolaygazetesi.com\/index.php?rest_route=\/wp\/v2\/types\/post"}],"author":[{"embeddable":true,"href":"https:\/\/akdenizolaygazetesi.com\/index.php?rest_route=\/wp\/v2\/users\/2"}],"replies":[{"embeddable":true,"href":"https:\/\/akdenizolaygazetesi.com\/index.php?rest_route=%2Fwp%2Fv2%2Fcomments&post=20349"}],"version-history":[{"count":1,"href":"https:\/\/akdenizolaygazetesi.com\/index.php?rest_route=\/wp\/v2\/posts\/20349\/revisions"}],"predecessor-version":[{"id":20351,"href":"https:\/\/akdenizolaygazetesi.com\/index.php?rest_route=\/wp\/v2\/posts\/20349\/revisions\/20351"}],"wp:featuredmedia":[{"embeddable":true,"href":"https:\/\/akdenizolaygazetesi.com\/index.php?rest_route=\/wp\/v2\/media\/20350"}],"wp:attachment":[{"href":"https:\/\/akdenizolaygazetesi.com\/index.php?rest_route=%2Fwp%2Fv2%2Fmedia&parent=20349"}],"wp:term":[{"taxonomy":"category","embeddable":true,"href":"https:\/\/akdenizolaygazetesi.com\/index.php?rest_route=%2Fwp%2Fv2%2Fcategories&post=20349"},{"taxonomy":"post_tag","embeddable":true,"href":"https:\/\/akdenizolaygazetesi.com\/index.php?rest_route=%2Fwp%2Fv2%2Ftags&post=20349"}],"curies":[{"name":"wp","href":"https:\/\/api.w.org\/{rel}","templated":true}]}}