{"id":20352,"date":"2022-08-12T16:13:37","date_gmt":"2022-08-12T13:13:37","guid":{"rendered":"http:\/\/akdenizolaygazetesi.com\/?p=20352"},"modified":"2022-08-12T16:13:37","modified_gmt":"2022-08-12T13:13:37","slug":"toroslar-belediyesinin-kariyer-merkezi-is-arayanlara-care-oluyor","status":"publish","type":"post","link":"https:\/\/akdenizolaygazetesi.com\/?p=20352","title":{"rendered":"&#8220;Toroslar Belediyesinin Kariyer Merkezi, \u0130\u015f Arayanlara \u00c7are Oluyor&#8221;"},"content":{"rendered":"<p>Toroslar Belediyesinin Kariyer Merkezi, i\u015fveren aras\u0131nda kurdu\u011fu k\u00f6pr\u00fc vazifesiyle i\u015f arayanlar\u0131n y\u00fcz\u00fcn\u00fc g\u00fcld\u00fcr\u00fcyor.<\/p>\n<p>Toroslar Belediye Ba\u015fkan\u0131 Ats\u0131z Af\u015f\u0131n Y\u0131lmaz&#8217;\u0131n istihdam\u0131n art\u0131r\u0131lmas\u0131na y\u00f6nelik projelerinden biri olan merkez, hayata ge\u00e7ti\u011fi k\u0131sa bir s\u00fcre i\u00e7inde 223 ki\u015finin farkl\u0131 meslek gruplar\u0131nda i\u015fe yerle\u015fmesini sa\u011flad\u0131.<\/p>\n<p>Merkeze kay\u0131t yapt\u0131ran gen\u00e7ler, Toroslar Belediyesi Kariyer Merkezi ile \u0130\u015eKUR \u0130\u015f Kul\u00fcb\u00fc i\u015fbirli\u011finde d\u00fczenlenen &#8220;\u0130\u015f Kul\u00fcb\u00fc E\u011fitimini&#8221; tamamlayarak belgelerini ald\u0131.<\/p>\n<p> &#8220;\u0130\u015f Arama Becerilerinden M\u00fclakat Tekniklerine Kadar E\u011fitim Ald\u0131lar&#8221;<\/p>\n<p>Gen\u00e7lerin kariyer planlamas\u0131na yard\u0131mc\u0131 olmak amac\u0131yla d\u00fczenlenen e\u011fitimde; i\u015f arama becerileri, i\u015fg\u00fcc\u00fc, piyasa, \u00f6zge\u00e7mi\u015f haz\u0131rlama ve m\u00fclakat teknikleri konular\u0131nda alan\u0131nda uzman e\u011fitimciler taraf\u0131ndan bilgiler verildi.<\/p>\n<p>Ba\u015fkan Y\u0131lmaz; &#8220;\u0130\u015f Arayanlar\u0131, \u0130\u015f Hayat\u0131na Haz\u0131rl\u0131yoruz&#8221;<\/p>\n<p>Toroslar Belediye Ba\u015fkan\u0131 Ats\u0131z Af\u015f\u0131n Y\u0131lmaz, Kariyer Merkezi ile hem istihdam sa\u011flad\u0131klar\u0131n\u0131 hem de d\u00fczenledikleri e\u011fitim \u00e7al\u0131\u015fmalar\u0131yla i\u015f arayanlar\u0131 i\u015f hayat\u0131na haz\u0131rlad\u0131klar\u0131n\u0131 s\u00f6yledi.<\/p>\n<p>Kariyer Merkezinde ihtiyaca g\u00f6re bir\u00e7ok sekt\u00f6rde e\u011fitimler verildi\u011fini belirten Ba\u015fkan Y\u0131lmaz; &#8220;Kentimizdeki firmalar, sanayi kurulu\u015flar\u0131 ve i\u015fyerlerinin insan kaynaklar\u0131 ile isti\u015fare halinde \u00e7al\u0131\u015fmalar y\u00fcr\u00fct\u00fcyoruz. \u0130\u015f arayanlar\u0131, firmalar\u0131n personel talepleri \u00e7er\u00e7evesinde i\u015f pozisyonuna y\u00f6nlendiriyoruz. \u0130stihdam edilenlerin aras\u0131nda yer alan lisans, \u00f6nlisans, orta\u00f6\u011fretim ve ilk\u00f6\u011fretim mezunu vatanda\u015flar\u0131m\u0131z, vas\u0131f ve yeteneklerine g\u00f6re i\u015f ba\u015f\u0131 yapt\u0131. Kariyer Merkezimiz ile vatanda\u015flar\u0131m\u0131z\u0131n i\u015f bulmalar\u0131na ve i\u015fverenlerin de nitelikli eleman ihtiyac\u0131na \u00e7are olmaya devam edece\u011fiz&#8221; \u015feklinde konu\u015ftu.<\/p>\n","protected":false},"excerpt":{"rendered":"<p>Toroslar Belediyesinin Kariyer Merkezi, i\u015fveren aras\u0131nda kurdu\u011fu k\u00f6pr\u00fc vazifesiyle i\u015f arayanlar\u0131n y\u00fcz\u00fcn\u00fc g\u00fcld\u00fcr\u00fcyor. Toroslar Belediye Ba\u015fkan\u0131 Ats\u0131z Af\u015f\u0131n Y\u0131lmaz&#8217;\u0131n istihdam\u0131n art\u0131r\u0131lmas\u0131na y\u00f6nelik projelerinden biri olan merkez, hayata ge\u00e7ti\u011fi k\u0131sa bir &hellip; <a href=\"https:\/\/akdenizolaygazetesi.com\/?p=20352\" class=\"more-link\">Devam\u0131n\u0131 Oku&#8230;<\/a><\/p>\n","protected":false},"author":2,"featured_media":20353,"comment_status":"open","ping_status":"open","sticky":false,"template":"","format":"standard","meta":[],"categories":[3,5],"tags":[],"_links":{"self":[{"href":"https:\/\/akdenizolaygazetesi.com\/index.php?rest_route=\/wp\/v2\/posts\/20352"}],"collection":[{"href":"https:\/\/akdenizolaygazetesi.com\/index.php?rest_route=\/wp\/v2\/posts"}],"about":[{"href":"https:\/\/akdenizolaygazetesi.com\/index.php?rest_route=\/wp\/v2\/types\/post"}],"author":[{"embeddable":true,"href":"https:\/\/akdenizolaygazetesi.com\/index.php?rest_route=\/wp\/v2\/users\/2"}],"replies":[{"embeddable":true,"href":"https:\/\/akdenizolaygazetesi.com\/index.php?rest_route=%2Fwp%2Fv2%2Fcomments&post=20352"}],"version-history":[{"count":1,"href":"https:\/\/akdenizolaygazetesi.com\/index.php?rest_route=\/wp\/v2\/posts\/20352\/revisions"}],"predecessor-version":[{"id":20354,"href":"https:\/\/akdenizolaygazetesi.com\/index.php?rest_route=\/wp\/v2\/posts\/20352\/revisions\/20354"}],"wp:featuredmedia":[{"embeddable":true,"href":"https:\/\/akdenizolaygazetesi.com\/index.php?rest_route=\/wp\/v2\/media\/20353"}],"wp:attachment":[{"href":"https:\/\/akdenizolaygazetesi.com\/index.php?rest_route=%2Fwp%2Fv2%2Fmedia&parent=20352"}],"wp:term":[{"taxonomy":"category","embeddable":true,"href":"https:\/\/akdenizolaygazetesi.com\/index.php?rest_route=%2Fwp%2Fv2%2Fcategories&post=20352"},{"taxonomy":"post_tag","embeddable":true,"href":"https:\/\/akdenizolaygazetesi.com\/index.php?rest_route=%2Fwp%2Fv2%2Ftags&post=20352"}],"curies":[{"name":"wp","href":"https:\/\/api.w.org\/{rel}","templated":true}]}}