{"id":20355,"date":"2022-08-12T16:14:58","date_gmt":"2022-08-12T13:14:58","guid":{"rendered":"http:\/\/akdenizolaygazetesi.com\/?p=20355"},"modified":"2022-08-12T16:14:58","modified_gmt":"2022-08-12T13:14:58","slug":"idman-yurdudan-3-transfer","status":"publish","type":"post","link":"https:\/\/akdenizolaygazetesi.com\/?p=20355","title":{"rendered":"\u0130DMAN YURDU&#8217;DAN 3 TRANSFER"},"content":{"rendered":"<p>T\u00fcrkiye Futbol Federasyonu 3. Lig 1. Grup&#8217;ta m\u00fccadele eden ve sezona \u015fampiyonluk parolas\u0131yla girern Yeni Mersin \u0130dman Yurdu, Aziz Aksoy, Onur Erdem Beyta\u015f ve Abdurrahman Emek&#8217;i renklerine ba\u011flayarak kadrosunu nokta transferlerle g\u00fc\u00e7lendirdi.<\/p>\n<p>Transfer komitesi, Teknik Direkt\u00f6r Ersin Aka ve Sportif Direkt\u00f6r Vedat \u00c7oban&#8217;\u0131n b\u00fcy\u00fck titizlikle \u00e7al\u0131\u015fmalar\u0131n\u0131 y\u00fcr\u00fctt\u00fc\u011f\u00fc transfer \u00e7al\u0131\u015fmalar\u0131nda sona gelindi ve kul\u00fcp transferleri arka arkaya a\u00e7\u0131klamaya ba\u015flad\u0131.<\/p>\n<p>Son olarak Esenler Erokspor formas\u0131 giyen ve \u015fampiyonluk ya\u015fayan defans oyuncusu Aziz Aksoy&#8217;u kadrosuna katan Yeni M\u0130Y, sosyal medya hesab\u0131ndan &#8220;Kul\u00fcb\u00fcm\u00fcz, en son Esenler Erokspor tak\u0131m\u0131yla \u015fampiyonluk ya\u015fam\u0131\u015f defans oyuncusu Aziz Aksoy&#8217;u \u00c7aykur Rizespor&#8217;dan 1 y\u0131ll\u0131\u011f\u0131na kiralam\u0131\u015ft\u0131r&#8221; ifadeleri ile transferi duyurdu.<\/p>\n<p>ORTA SAHAYA \u0130K\u0130 TAKV\u0130YE<\/p>\n<p>Ge\u00e7en sezon kadroda yer alan orta saha oyuncular\u0131n\u0131n b\u00fcy\u00fck \u00e7o\u011funlu\u011fu ile yollar\u0131n\u0131 ay\u0131ran ve orta saha mevkisini g\u00fc\u00e7lendirmek isteyen Mersin ekibi, \u0130stanbulspor&#8217;dan Abdurrahman Emek ve Ke\u00e7i\u00f6reng\u00fcc\u00fc&#8217;nden Onur Erdem Beyta\u015f ile anla\u015ft\u0131.<\/p>\n<p>K\u0131rm\u0131z\u0131 Lacivertliler 24 ya\u015f\u0131ndaki Onur Erdem Beyta\u015f ile 2 y\u0131ll\u0131k s\u00f6zle\u015fme imzalarken; 21 ya\u015f\u0131ndaki Abdurrahman Emek ile 1 y\u0131ll\u0131k anla\u015fma sa\u011flad\u0131. <\/p>\n","protected":false},"excerpt":{"rendered":"<p>T\u00fcrkiye Futbol Federasyonu 3. Lig 1. Grup&#8217;ta m\u00fccadele eden ve sezona \u015fampiyonluk parolas\u0131yla girern Yeni Mersin \u0130dman Yurdu, Aziz Aksoy, Onur Erdem Beyta\u015f ve Abdurrahman Emek&#8217;i renklerine ba\u011flayarak kadrosunu nokta &hellip; <a href=\"https:\/\/akdenizolaygazetesi.com\/?p=20355\" class=\"more-link\">Devam\u0131n\u0131 Oku&#8230;<\/a><\/p>\n","protected":false},"author":2,"featured_media":20356,"comment_status":"open","ping_status":"open","sticky":false,"template":"","format":"standard","meta":[],"categories":[3,10],"tags":[],"_links":{"self":[{"href":"https:\/\/akdenizolaygazetesi.com\/index.php?rest_route=\/wp\/v2\/posts\/20355"}],"collection":[{"href":"https:\/\/akdenizolaygazetesi.com\/index.php?rest_route=\/wp\/v2\/posts"}],"about":[{"href":"https:\/\/akdenizolaygazetesi.com\/index.php?rest_route=\/wp\/v2\/types\/post"}],"author":[{"embeddable":true,"href":"https:\/\/akdenizolaygazetesi.com\/index.php?rest_route=\/wp\/v2\/users\/2"}],"replies":[{"embeddable":true,"href":"https:\/\/akdenizolaygazetesi.com\/index.php?rest_route=%2Fwp%2Fv2%2Fcomments&post=20355"}],"version-history":[{"count":1,"href":"https:\/\/akdenizolaygazetesi.com\/index.php?rest_route=\/wp\/v2\/posts\/20355\/revisions"}],"predecessor-version":[{"id":20357,"href":"https:\/\/akdenizolaygazetesi.com\/index.php?rest_route=\/wp\/v2\/posts\/20355\/revisions\/20357"}],"wp:featuredmedia":[{"embeddable":true,"href":"https:\/\/akdenizolaygazetesi.com\/index.php?rest_route=\/wp\/v2\/media\/20356"}],"wp:attachment":[{"href":"https:\/\/akdenizolaygazetesi.com\/index.php?rest_route=%2Fwp%2Fv2%2Fmedia&parent=20355"}],"wp:term":[{"taxonomy":"category","embeddable":true,"href":"https:\/\/akdenizolaygazetesi.com\/index.php?rest_route=%2Fwp%2Fv2%2Fcategories&post=20355"},{"taxonomy":"post_tag","embeddable":true,"href":"https:\/\/akdenizolaygazetesi.com\/index.php?rest_route=%2Fwp%2Fv2%2Ftags&post=20355"}],"curies":[{"name":"wp","href":"https:\/\/api.w.org\/{rel}","templated":true}]}}