{"id":20358,"date":"2022-08-13T16:42:27","date_gmt":"2022-08-13T13:42:27","guid":{"rendered":"http:\/\/akdenizolaygazetesi.com\/?p=20358"},"modified":"2022-08-13T16:42:27","modified_gmt":"2022-08-13T13:42:27","slug":"insanlarin-psikolojisinden-anlayan-dort-dortluk-bir-baskan","status":"publish","type":"post","link":"https:\/\/akdenizolaygazetesi.com\/?p=20358","title":{"rendered":"&#8220;\u0130NSANLARIN PS\u0130KOLOJ\u0130S\u0130NDEN ANLAYAN D\u00d6RT D\u00d6RTL\u00dcK B\u0130R BA\u015eKAN&#8221;"},"content":{"rendered":"<p>Mersin B\u00fcy\u00fck\u015fehir Belediyesi&#8217;nin yaz etkinlikleri ve konserleri t\u00fcm h\u0131z\u0131yla devam ediyor. B\u00fcy\u00fck\u015fehir Belediyesi K\u00fclt\u00fcr ve Sosyal \u0130\u015fler Dairesi b\u00fcnyesinde bulunan T\u00fcrk Halk M\u00fczi\u011fi ekibi, Tarsus&#8217;a ba\u011fl\u0131 k\u0131rsalda bulunan yaylal\u0131k alanlardan \u00c7amalan&#8217;da bir konser ger\u00e7ekle\u015ftirdi.<\/p>\n<p>\u00c7amalan \u015eehit Burhan Y\u0131ld\u0131r\u0131m \u0130lk\u00f6\u011fretim ve Orta\u00f6\u011fretim Okulu bah\u00e7esinde ger\u00e7ekle\u015fen konserde, \u015fef Erdal Ko\u015far y\u00f6netiminde sahne alan B\u00fcy\u00fck\u015fehir Belediyesi THM korosu ekibinden solistler Cengiz \u0130\u015fleyen, \u00d6zge \u00c7abuk ve \u00c7i\u011fdem Akdo\u011fan, Anadolu&#8217;nun e\u015fsiz eserlerini seslendirdiler.<\/p>\n<p>Olduk\u00e7a yo\u011fun kat\u0131l\u0131m\u0131n oldu\u011fu konser program\u0131n\u0131n ilerleyen dakikalar\u0131nda seslendirilen hareketli t\u00fcrk\u00fclere, danslar ve halaylarla e\u015flik eden \u00c7amalan Mahallesi sakinleri, unutamayacaklar\u0131 bir ak\u015fam ya\u015fad\u0131lar.<\/p>\n<p>Konser \u00f6ncesinde yine B\u00fcy\u00fck\u015fehir Belediyesi taraf\u0131ndan &#8220;K\u00f6y Bizim, \u015eenlik Bizim&#8221; program\u0131n\u0131n d\u00fczenledi\u011fi \u00c7amalan&#8217;da hem \u00e7ocuklar, hem de b\u00fcy\u00fckler doya doya e\u011flenme f\u0131rsat\u0131 buldular.<\/p>\n<p>\u00c7amalan&#8217;a \u00f6zg\u00fc &#8220;Mengi&#8221; halk oyunu ekibinin fig\u00fcrleriyle yer ald\u0131\u011f\u0131 etkinlikte, misafirlere limon dondurma ikram\u0131 yap\u0131l\u0131rken, \u00e7ocuklara ise \u00e7e\u015fitli arma\u011fanlar da\u011f\u0131t\u0131ld\u0131. Gecenin ilerleyen dakikalar\u0131na kadar s\u00fcren program\u0131n sonunda hep birlikte s\u00f6ylenen 10. Y\u0131l Mar\u015f\u0131&#8217;nda ise co\u015fku, en \u00fcst seviyeye \u00e7\u0131kt\u0131.<\/p>\n<p>&#8220;\u0130nsanlar\u0131n psikolojisinden anlayan d\u00f6rt d\u00f6rtl\u00fck bir Ba\u015fkan&#8221;<\/p>\n<p>Mahalle sakinlerinden olan Fatma \u00c7atal, etkinlikten olduk\u00e7a memnun kald\u0131\u011f\u0131n\u0131 ifade ederek,  &#8220;\u0130nsanlar\u0131n bu s\u0131k\u0131nt\u0131l\u0131 d\u00f6neminde Vahap Ba\u015fkan\u0131m\u0131z\u0131n b\u00f6yle bir etkinlik yapmas\u0131 bizi \u00e7ok \u00e7ok mutlu etti. Biraz olsun bizim g\u00f6z\u00fcm\u00fcz\u00fc,  g\u00f6nl\u00fcm\u00fcz\u00fc a\u00e7t\u0131. Biz, Vahap Ba\u015fkan\u0131m\u0131zdan \u00e7ok memnunuz. \u00c7\u00fcnk\u00fc, insanlar\u0131n psikolojisinden anlayan, kendini tam yeti\u015ftirmi\u015f, d\u00f6rt d\u00f6rtl\u00fck bir Ba\u015fkan. Bu \u00f6zelliklere sahip Ba\u015fkanlar\u0131n, t\u00fcm T\u00fcrkiye&#8217;ye da\u011f\u0131lmas\u0131n\u0131 istiyoruz ve Vahap Ba\u015fkan\u0131m\u0131z\u0131 \u00e7ok seviyoruz&#8221; diye konu\u015ftu.<\/p>\n<p>&#8220;\u00c7ocuklar da \u00e7ok e\u011flendiler&#8221;<\/p>\n<p>Organizasyonu \u00e7ok be\u011fendiklerini s\u00f6yleyen G\u00fcler Canatan, &#8220;Ba\u015fkan\u0131m\u0131za \u00e7ok te\u015fekk\u00fcr ediyoruz. \u00c7ocuklar da \u00e7ok e\u011flendi, biz de \u00e7ok e\u011flendik. Halaylar \u00e7ekildi, t\u00fcrk\u00fcler s\u00f6ylendi. \u00c7ok mutlu olduk&#8221; dedi.<\/p>\n<p>&#8220;Etkinlikleri devam\u0131n\u0131 diliyoruz&#8221;<\/p>\n<p>Bir ba\u015fka \u00c7amalan sakini G\u00fclseren Boz ise, &#8220;\u00d6nce \u00e7ocuklar ad\u0131na, sonra b\u00fcy\u00fckler ad\u0131na ve sonra \u00c7amalan ad\u0131na \u00e7ok te\u015fekk\u00fcr ediyoruz. \u00c7ok g\u00fczel bir etkinlik. Bu t\u00fcr etkinliklerin devam\u0131n\u0131 diliyoruz ve her zaman destekliyoruz&#8221; \u015feklinde konu\u015ftu.<\/p>\n","protected":false},"excerpt":{"rendered":"<p>Mersin B\u00fcy\u00fck\u015fehir Belediyesi&#8217;nin yaz etkinlikleri ve konserleri t\u00fcm h\u0131z\u0131yla devam ediyor. B\u00fcy\u00fck\u015fehir Belediyesi K\u00fclt\u00fcr ve Sosyal \u0130\u015fler Dairesi b\u00fcnyesinde bulunan T\u00fcrk Halk M\u00fczi\u011fi ekibi, Tarsus&#8217;a ba\u011fl\u0131 k\u0131rsalda bulunan yaylal\u0131k alanlardan &hellip; <a href=\"https:\/\/akdenizolaygazetesi.com\/?p=20358\" class=\"more-link\">Devam\u0131n\u0131 Oku&#8230;<\/a><\/p>\n","protected":false},"author":2,"featured_media":20359,"comment_status":"open","ping_status":"open","sticky":false,"template":"","format":"standard","meta":[],"categories":[1,2,3],"tags":[],"_links":{"self":[{"href":"https:\/\/akdenizolaygazetesi.com\/index.php?rest_route=\/wp\/v2\/posts\/20358"}],"collection":[{"href":"https:\/\/akdenizolaygazetesi.com\/index.php?rest_route=\/wp\/v2\/posts"}],"about":[{"href":"https:\/\/akdenizolaygazetesi.com\/index.php?rest_route=\/wp\/v2\/types\/post"}],"author":[{"embeddable":true,"href":"https:\/\/akdenizolaygazetesi.com\/index.php?rest_route=\/wp\/v2\/users\/2"}],"replies":[{"embeddable":true,"href":"https:\/\/akdenizolaygazetesi.com\/index.php?rest_route=%2Fwp%2Fv2%2Fcomments&post=20358"}],"version-history":[{"count":1,"href":"https:\/\/akdenizolaygazetesi.com\/index.php?rest_route=\/wp\/v2\/posts\/20358\/revisions"}],"predecessor-version":[{"id":20360,"href":"https:\/\/akdenizolaygazetesi.com\/index.php?rest_route=\/wp\/v2\/posts\/20358\/revisions\/20360"}],"wp:featuredmedia":[{"embeddable":true,"href":"https:\/\/akdenizolaygazetesi.com\/index.php?rest_route=\/wp\/v2\/media\/20359"}],"wp:attachment":[{"href":"https:\/\/akdenizolaygazetesi.com\/index.php?rest_route=%2Fwp%2Fv2%2Fmedia&parent=20358"}],"wp:term":[{"taxonomy":"category","embeddable":true,"href":"https:\/\/akdenizolaygazetesi.com\/index.php?rest_route=%2Fwp%2Fv2%2Fcategories&post=20358"},{"taxonomy":"post_tag","embeddable":true,"href":"https:\/\/akdenizolaygazetesi.com\/index.php?rest_route=%2Fwp%2Fv2%2Ftags&post=20358"}],"curies":[{"name":"wp","href":"https:\/\/api.w.org\/{rel}","templated":true}]}}