{"id":20368,"date":"2022-08-14T11:34:09","date_gmt":"2022-08-14T08:34:09","guid":{"rendered":"http:\/\/akdenizolaygazetesi.com\/?p=20368"},"modified":"2022-08-14T11:34:09","modified_gmt":"2022-08-14T08:34:09","slug":"programa-10-ulkeden-100-ogrenci-katildi","status":"publish","type":"post","link":"https:\/\/akdenizolaygazetesi.com\/?p=20368","title":{"rendered":"PROGRAMA 10 \u00dcLKEDEN 100 \u00d6\u011eRENC\u0130 KATILDI"},"content":{"rendered":"<p>Mersin B\u00fcy\u00fck\u015fehir Belediyesi&#8217;nin &#8220;Karde\u015f \u015eehirler \u00d6\u011frenci De\u011fi\u015fim Program\u0131&#8221; kapsam\u0131nda karde\u015f \u015fehir y\u00f6netimi Almanya Oberhausen Belediyesi&#8217;nin i\u015fbirli\u011fi ile Oberhausen kentine d\u00fczenlenen program sona erdi. Program i\u00e7in se\u00e7ilen 9 \u00f6\u011frenci iki hafta boyunca ev sahibi ailelerde kald\u0131. 10 farkl\u0131 \u00fclkeden 100 kat\u0131l\u0131mc\u0131 ile tan\u0131\u015f\u0131p farkl\u0131 k\u00fclt\u00fcrleri tan\u0131ma ve kal\u0131c\u0131 dostluklar geli\u015ftirme imk\u00e2n\u0131 elde eden \u00f6\u011frenciler sanattan spora, sosyal sorumluluk projelerinden yarat\u0131c\u0131 el sanatlar\u0131na kadar bir\u00e7ok etkinlikte yer alma imk\u00e2n\u0131 buldu.<\/p>\n<p>Sosyal sorumluluk projeleri ile k\u00fclt\u00fcr-sanat, spor, sosyal faaliyetler bir arada<\/p>\n<p>B\u00fcy\u00fck\u015fehir Belediyesi&#8217;nin web sitesinde ve sosyal medya hesaplar\u0131nda yay\u0131nlanan duyuruya ba\u015fvuru yapan \u00f6\u011frenciler ile yap\u0131lan m\u00fclakatlarda, \u00f6\u011frencilerin \u0130ngilizce seviyeleri ve akademik ba\u015far\u0131lar\u0131 dikkate al\u0131nd\u0131. Ba\u015fvuru ve de\u011ferlendirme s\u00fcreci sonucunda, Mersin ekibinde yer almak \u00fczere 14-18 ya\u015flar\u0131 aras\u0131nda 9 \u00f6\u011frenci se\u00e7ildi. \u00d6\u011frencilere B\u00fcy\u00fck\u015fehir Belediyesi&#8217;nden 2 personel e\u015flik etti. A\u00e7\u0131l\u0131\u015f t\u00f6reninde, \u00f6\u011frenciler yer alacaklar\u0131 projeler i\u00e7in kura \u00e7ekti ve isteyenler proje konular\u0131n\u0131 kendi aralar\u0131nda de\u011fi\u015ftirdi. B\u00f6ylece her \u00f6\u011frenci, ilgisine y\u00f6nelik bir projede yer alm\u0131\u015f oldu. Program\u0131n 3 g\u00fcn\u00fc tamamen proje g\u00fcnleri olarak ger\u00e7ekle\u015ftirildi ve \u00f6\u011frenciler her bir proje g\u00fcn\u00fcnde a\u015famal\u0131 olarak kendilerini geli\u015ftirdi. <\/p>\n<p>Spor projelerinde profesyonel antren\u00f6rler taraf\u0131ndan \u00e7al\u0131\u015ft\u0131r\u0131lan \u00f6\u011frenciler, yo\u011fun fiziksel efor sarf etti ve ilgili spor dal\u0131n\u0131n temel yetkinliklerine sahip oldu. Sanatsal projelerde \u00e7al\u0131\u015fan \u00f6\u011frenciler, \u00f6\u011frendikleri beceriler ile kapan\u0131\u015f t\u00f6reni i\u00e7in bir g\u00f6steri haz\u0131rlad\u0131. Koro halinde \u015fark\u0131 s\u00f6yleyen, dans eden ve enstr\u00fcman \u00e7alan \u00f6\u011frenciler, t\u00fcm kat\u0131l\u0131mc\u0131lara kazan\u0131mlar\u0131n\u0131 sergiledi. Diki\u015f ve kabartma projelerinde ise \u00f6\u011frenciler, \u00fclkelerine g\u00f6t\u00fcrmek \u00fczere hat\u0131ral\u0131k el sanatlar\u0131 \u00fcr\u00fcnleri haz\u0131rlad\u0131. <\/p>\n<p>Her \u00f6\u011frenci bir sosyal sorumluluk projesi yerine getirdi<\/p>\n<p>&#8220;Sosyal G\u00fcn&#8221; ise, \u00f6\u011frencilerin \u00e7evresel veya sosyal bir ba\u015fl\u0131k alt\u0131nda g\u00f6rev alarak bir sosyal sorumluluk projesi hayata ge\u00e7irmelerine sahne oldu. \u00d6\u011frenciler gruplara ayr\u0131larak belirlenen parklarda \u00e7\u00f6p toplamak, bah\u00e7e i\u015fleri yapmak, sebze paketlemek ve kasalamak gibi ekoloji temal\u0131 g\u00fcnl\u00fck projelere dahil oldu. Sosyal ba\u015fl\u0131klarda yer alan \u00f6\u011frenciler ise, kre\u015fler ve huzurevlerini ziyaret ederek \u00e7ocuklar, ya\u015fl\u0131lar ve engelli bireylerle vakit ge\u00e7irdi.<\/p>\n<p>\u00d6\u011frenciler, program\u0131n en faydal\u0131 taraflar\u0131ndan birinin, i\u00e7inde bulunduklar\u0131 sosyal ortam oldu\u011funu ifade etti. Farkl\u0131 \u00fclkelerden ve k\u00fclt\u00fcrlerden gelen ya\u015f\u0131tlar\u0131 ile birlikte \u00e7al\u0131\u015fman\u0131n ve \u00f6\u011frenmenin yan\u0131 s\u0131ra, yanlar\u0131nda kald\u0131klar\u0131 ev sahibi aileler ile vakit ge\u00e7iren \u00f6\u011frenciler, yabanc\u0131 dil becerilerini ve sosyal yeteneklerini geli\u015ftirirken ayn\u0131 zamanda \u00f6zg\u00fcven kazand\u0131.<\/p>\n<p>10 farkl\u0131 \u00fclke 100 \u00f6\u011frenci<\/p>\n<p>Programa 10 farkl\u0131 \u00fclkeden gelen yakla\u015f\u0131k 100 \u00f6\u011frenci kat\u0131l\u0131m sa\u011flad\u0131. \u00d6\u011frenciler; futbol, basketbol, hentbol, judo gibi spor dallar\u0131na ek olarak dans, \u015fark\u0131 s\u00f6yleme, piyano, bateri, soyut resim gibi sanatsal alanlar ile ilgili projelerde yer ald\u0131, diki\u015f ve kabartma gibi yarat\u0131c\u0131 el sanatlar\u0131n\u0131 \u00f6\u011frenme f\u0131rsat\u0131 elde etti. Ayn\u0131 zamanda \u00f6\u011frenciler, kamusal alanlar\u0131n temiz tutulmas\u0131na y\u00f6nelik ekip \u00e7al\u0131\u015fmalar\u0131 ile kre\u015f ve huzurevi ziyaretleri sayesinde sosyal sorumluluk duygular\u0131n\u0131 geli\u015ftirdi. Program s\u00fcresi boyunca ev sahibi aileler ile kalan, di\u011fer \u00fclkelerden ya\u015f\u0131tlar\u0131 ile arkada\u015fl\u0131k kuran ve tak\u0131m \u00e7al\u0131\u015fmas\u0131 i\u00e7inde bulunan \u00f6\u011frenciler, farkl\u0131 k\u00fclt\u00fcrleri tan\u0131ma ve kal\u0131c\u0131 dostluklar geli\u015ftirme imkan\u0131 elde etti.<\/p>\n<p>\u00d6\u011frenciler \u00fclkeye mutlu d\u00f6nd\u00fc<\/p>\n<p>Programa kat\u0131lan 9 \u00f6\u011frenci de ya\u015fad\u0131klar\u0131 tecr\u00fcbeleri mutlulukla aktard\u0131. Kat\u0131l\u0131mc\u0131 \u00f6\u011frencilerden Berkay Atasoy, &#8220;Burada farkl\u0131 \u00fclkelerden farkl\u0131 insanlarla ileti\u015fime ge\u00e7tim. Bu programa kat\u0131ld\u0131\u011f\u0131m i\u00e7in ger\u00e7ekten \u00e7ok mutluyum. \u00dclkeme \u00e7ok iyi hislerle d\u00f6n\u00fcyorum. Mersin B\u00fcy\u00fck\u015fehir Belediyesi&#8217;ne ve Vahap Ba\u015fkana \u00e7ok te\u015fekk\u00fcr ederim&#8221; dedi.<\/p>\n<p>Arda F\u0131rat G\u00f6k, &#8220;Bu program Almanya Oberhausen kentinde 10 farkl\u0131 \u00fclke taraf\u0131ndan ger\u00e7ekle\u015ftirildi. Bu iki haftal\u0131k s\u00fcre\u00e7 i\u00e7erisinde farkl\u0131 \u00fclkelerden arkada\u015fl\u0131k edinme \u015fans\u0131 buldum. Bu da yabanc\u0131 dilimin geli\u015fmesine olduk\u00e7a b\u00fcy\u00fck katk\u0131 sa\u011flad\u0131&#8221; diye konu\u015ftu.<\/p>\n<p>&#8220;B\u00f6yle bir deneyim ya\u015fad\u0131\u011f\u0131m i\u00e7in \u00e7ok mutluyum&#8221;<\/p>\n<p>Ge\u00e7irdi\u011fi 2 hafta \u00e7ok g\u00fczel tecr\u00fcbeler edindi\u011fini s\u00f6yleyen G\u00fcne\u015f Su Ya\u015far, &#8220;\u0130ki hafta boyunca \u00e7ok farkl\u0131 projeler yapt\u0131k. Mesela spor g\u00fcn\u00fc yapt\u0131k, herkes istedi\u011fi etkinliklerle u\u011fra\u015ft\u0131. Dans projesi, basketbol, diki\u015f gibi farkl\u0131 projeler de yap\u0131ld\u0131 ve \u00e7ok g\u00fczel tecr\u00fcbeler edindik. 10 farkl\u0131 \u00fclkeden neredeyse her \u00fclkeden arkada\u015f\u0131m\u0131z var art\u0131k. B\u00f6yle bir deneyim ya\u015fad\u0131\u011f\u0131m i\u00e7in \u00e7ok mutluyum. \u0130yi ki gelmi\u015fim&#8221; ifadelerine yer verdi.<\/p>\n<p>&#8220;Yeni k\u00fclt\u00fcrler ve yeni arkada\u015fl\u0131klar edindik&#8221;<\/p>\n<p>Arda Efe \u0130rde, &#8220;2 hafta ailelerle birlikte kald\u0131k. Ailelerdeki ya\u015fam tahmin etti\u011fimden \u00e7ok daha iyi, sayg\u0131l\u0131 ve e\u011flenceliydi. Burada yap\u0131lan etkinlikler \u00e7ok g\u00fczel ve hareketliydi. Yeni k\u00fclt\u00fcrler ve yeni arkada\u015fl\u0131klar edindik&#8221; ifadelerine yer verirken, Fatma Berfin Genge\u00e7 de &#8220;10 farkl\u0131 \u00fclkeden pek \u00e7ok insanla tan\u0131\u015f\u0131p dil geli\u015ftirme f\u0131rsat\u0131 buldum. \u00c7ok e\u011flendik&#8221; diye konu\u015ftu.<\/p>\n<p>Ekin G\u00fcrcan, &#8220;Burada edindi\u011fim tecr\u00fcbeler ger\u00e7ekten inan\u0131lmazd\u0131. Dilimin geli\u015fti\u011fini hissediyorum. Bir\u00e7ok farkl\u0131 \u00fclkeden arkada\u015flar edindim&#8221; derken, Sinan \u00d6zd\u00fclger ise  &#8220;Onlarca arkada\u015f edindim ve yabanc\u0131 dilimi geli\u015ftirdim&#8221; dedi.<\/p>\n<p>Hatice Tu\u011f\u00e7e Aydo\u011fan, &#8220;Dolu dolu iki hafta ge\u00e7irdim. Dilim geli\u015fti, kendime g\u00fcvenim artt\u0131. Kald\u0131\u011f\u0131m aile \u00e7ok g\u00fczel ilgilendi. Hi\u00e7 zorluk \u00e7ekmedim&#8221; dedi.<\/p>\n<p>\u00d6mr\u00fcm Eren ise &#8220;Burada edindi\u011fim arkada\u015fl\u0131klar\u0131 ve tecr\u00fcbeleri hi\u00e7bir \u015feye de\u011fi\u015fmem&#8221; diye konu\u015ftu.<\/p>\n","protected":false},"excerpt":{"rendered":"<p>Mersin B\u00fcy\u00fck\u015fehir Belediyesi&#8217;nin &#8220;Karde\u015f \u015eehirler \u00d6\u011frenci De\u011fi\u015fim Program\u0131&#8221; kapsam\u0131nda karde\u015f \u015fehir y\u00f6netimi Almanya Oberhausen Belediyesi&#8217;nin i\u015fbirli\u011fi ile Oberhausen kentine d\u00fczenlenen program sona erdi. Program i\u00e7in se\u00e7ilen 9 \u00f6\u011frenci iki hafta &hellip; <a href=\"https:\/\/akdenizolaygazetesi.com\/?p=20368\" class=\"more-link\">Devam\u0131n\u0131 Oku&#8230;<\/a><\/p>\n","protected":false},"author":2,"featured_media":20369,"comment_status":"open","ping_status":"open","sticky":false,"template":"","format":"standard","meta":[],"categories":[1,2,3,5],"tags":[],"_links":{"self":[{"href":"https:\/\/akdenizolaygazetesi.com\/index.php?rest_route=\/wp\/v2\/posts\/20368"}],"collection":[{"href":"https:\/\/akdenizolaygazetesi.com\/index.php?rest_route=\/wp\/v2\/posts"}],"about":[{"href":"https:\/\/akdenizolaygazetesi.com\/index.php?rest_route=\/wp\/v2\/types\/post"}],"author":[{"embeddable":true,"href":"https:\/\/akdenizolaygazetesi.com\/index.php?rest_route=\/wp\/v2\/users\/2"}],"replies":[{"embeddable":true,"href":"https:\/\/akdenizolaygazetesi.com\/index.php?rest_route=%2Fwp%2Fv2%2Fcomments&post=20368"}],"version-history":[{"count":1,"href":"https:\/\/akdenizolaygazetesi.com\/index.php?rest_route=\/wp\/v2\/posts\/20368\/revisions"}],"predecessor-version":[{"id":20370,"href":"https:\/\/akdenizolaygazetesi.com\/index.php?rest_route=\/wp\/v2\/posts\/20368\/revisions\/20370"}],"wp:featuredmedia":[{"embeddable":true,"href":"https:\/\/akdenizolaygazetesi.com\/index.php?rest_route=\/wp\/v2\/media\/20369"}],"wp:attachment":[{"href":"https:\/\/akdenizolaygazetesi.com\/index.php?rest_route=%2Fwp%2Fv2%2Fmedia&parent=20368"}],"wp:term":[{"taxonomy":"category","embeddable":true,"href":"https:\/\/akdenizolaygazetesi.com\/index.php?rest_route=%2Fwp%2Fv2%2Fcategories&post=20368"},{"taxonomy":"post_tag","embeddable":true,"href":"https:\/\/akdenizolaygazetesi.com\/index.php?rest_route=%2Fwp%2Fv2%2Ftags&post=20368"}],"curies":[{"name":"wp","href":"https:\/\/api.w.org\/{rel}","templated":true}]}}