{"id":20372,"date":"2022-08-15T12:35:51","date_gmt":"2022-08-15T09:35:51","guid":{"rendered":"http:\/\/akdenizolaygazetesi.com\/?p=20372"},"modified":"2022-08-15T12:35:51","modified_gmt":"2022-08-15T09:35:51","slug":"mersin-buyuksehirin-turk-halk-muzigi-toplulugu-ayvagediginde-konser-verdi","status":"publish","type":"post","link":"https:\/\/akdenizolaygazetesi.com\/?p=20372","title":{"rendered":"MERS\u0130N B\u00dcY\u00dcK\u015eEH\u0130R&#8217;\u0130N T\u00dcRK HALK M\u00dcZ\u0130\u011e\u0130 TOPLULU\u011eU AYVAGED\u0130\u011e\u0130&#8217;NDE KONSER VERD\u0130"},"content":{"rendered":"<p>Mersin B\u00fcy\u00fck\u015fehir Belediyesi&#8217;nin k\u00fclt\u00fcr sanat etkinlikleri Mersin&#8217;in t\u00fcm il\u00e7elerine yay\u0131l\u0131yor. B\u00fcy\u00fck\u015fehir Belediyesi K\u00fclt\u00fcr ve Sosyal \u0130\u015fler Dairesi b\u00fcnyesinde faaliyetlerini s\u00fcrd\u00fcren B\u00fcy\u00fck\u015fehir Belediyesi Konservatuvar\u0131 T\u00fcrk Halk M\u00fczi\u011fi Toplulu\u011fu (THM), Yayla \u015eenlikleri&#8217; kapsam\u0131nda Toroslar il\u00e7esinin Ayvagedi\u011fi yaylas\u0131nda bir konser ger\u00e7ekle\u015ftirdi.<br \/>\nYaylal\u0131k b\u00f6lgeler de ezgilerle doluyor<br \/>\nB\u00fcy\u00fck\u015fehir Belediyesi hafta sonunda yaylal\u0131k yerle\u015fim yerlerindeki vatanda\u015flara m\u00fczik ziyafeti verdi. Cuma ak\u015fam\u0131 Tarsus&#8217;a ba\u011fl\u0131 Yaylal\u0131k yerle\u015fim yerlerinden \u00c7amalan&#8217;da Mersinlilerle bulu\u015fan THM ekibi, Pazar ak\u015fam\u0131 da Toroslar il\u00e7esinin Ayvagedi\u011fi yaylas\u0131nda sahne ald\u0131. &#8216;Yayla \u015eenlikleri&#8217; kapsam\u0131nda d\u00fczenlenen etkinliklerde \u00e7ocuklar i\u00e7in y\u00fcz boyamas\u0131, balonlarla e\u011flenceli fig\u00fcrler olu\u015fturma, lazer g\u00f6sterisi gibi bir\u00e7ok keyifli aktivite yap\u0131ld\u0131.<br \/>\nErdal Ko\u015far&#8217;\u0131n \u015fefli\u011finde ger\u00e7ekle\u015ftirilen konserde 14 ki\u015filik saz ekibi yer al\u0131rken, \u00d6zge \u00c7abuk, \u00c7i\u011fdem Akdo\u011fan, \u00d6nder Sezgin ve Cengiz \u0130\u015fleyen solist olarak T\u00fcrk Halk m\u00fczi\u011finin birbirinden g\u00fczel eserlerini seslendirdi. T\u00fcrk\u00fclerle \u015fenlenen vatanda\u015flar kimi eserde halay \u00e7ekti. D\u00fczenlenen programda hem \u00e7ocuklar, hem de b\u00fcy\u00fckler doya doya e\u011flendi.<\/p>\n","protected":false},"excerpt":{"rendered":"<p>Mersin B\u00fcy\u00fck\u015fehir Belediyesi&#8217;nin k\u00fclt\u00fcr sanat etkinlikleri Mersin&#8217;in t\u00fcm il\u00e7elerine yay\u0131l\u0131yor. B\u00fcy\u00fck\u015fehir Belediyesi K\u00fclt\u00fcr ve Sosyal \u0130\u015fler Dairesi b\u00fcnyesinde faaliyetlerini s\u00fcrd\u00fcren B\u00fcy\u00fck\u015fehir Belediyesi Konservatuvar\u0131 T\u00fcrk Halk M\u00fczi\u011fi Toplulu\u011fu (THM), Yayla \u015eenlikleri&#8217; &hellip; <a href=\"https:\/\/akdenizolaygazetesi.com\/?p=20372\" class=\"more-link\">Devam\u0131n\u0131 Oku&#8230;<\/a><\/p>\n","protected":false},"author":2,"featured_media":20373,"comment_status":"open","ping_status":"open","sticky":false,"template":"","format":"standard","meta":[],"categories":[3],"tags":[],"_links":{"self":[{"href":"https:\/\/akdenizolaygazetesi.com\/index.php?rest_route=\/wp\/v2\/posts\/20372"}],"collection":[{"href":"https:\/\/akdenizolaygazetesi.com\/index.php?rest_route=\/wp\/v2\/posts"}],"about":[{"href":"https:\/\/akdenizolaygazetesi.com\/index.php?rest_route=\/wp\/v2\/types\/post"}],"author":[{"embeddable":true,"href":"https:\/\/akdenizolaygazetesi.com\/index.php?rest_route=\/wp\/v2\/users\/2"}],"replies":[{"embeddable":true,"href":"https:\/\/akdenizolaygazetesi.com\/index.php?rest_route=%2Fwp%2Fv2%2Fcomments&post=20372"}],"version-history":[{"count":1,"href":"https:\/\/akdenizolaygazetesi.com\/index.php?rest_route=\/wp\/v2\/posts\/20372\/revisions"}],"predecessor-version":[{"id":20374,"href":"https:\/\/akdenizolaygazetesi.com\/index.php?rest_route=\/wp\/v2\/posts\/20372\/revisions\/20374"}],"wp:featuredmedia":[{"embeddable":true,"href":"https:\/\/akdenizolaygazetesi.com\/index.php?rest_route=\/wp\/v2\/media\/20373"}],"wp:attachment":[{"href":"https:\/\/akdenizolaygazetesi.com\/index.php?rest_route=%2Fwp%2Fv2%2Fmedia&parent=20372"}],"wp:term":[{"taxonomy":"category","embeddable":true,"href":"https:\/\/akdenizolaygazetesi.com\/index.php?rest_route=%2Fwp%2Fv2%2Fcategories&post=20372"},{"taxonomy":"post_tag","embeddable":true,"href":"https:\/\/akdenizolaygazetesi.com\/index.php?rest_route=%2Fwp%2Fv2%2Ftags&post=20372"}],"curies":[{"name":"wp","href":"https:\/\/api.w.org\/{rel}","templated":true}]}}