{"id":20375,"date":"2022-08-15T12:38:02","date_gmt":"2022-08-15T09:38:02","guid":{"rendered":"http:\/\/akdenizolaygazetesi.com\/?p=20375"},"modified":"2022-08-15T12:38:02","modified_gmt":"2022-08-15T09:38:02","slug":"baskan-gultak-da-vatandaslarla-birlikte-yogun-ilgi-goren-filmin-gosterimine-katildi","status":"publish","type":"post","link":"https:\/\/akdenizolaygazetesi.com\/?p=20375","title":{"rendered":"Ba\u015fkan G\u00fcltak da vatanda\u015flarla birlikte, yo\u011fun ilgi g\u00f6ren filmin g\u00f6sterimine kat\u0131ld\u0131"},"content":{"rendered":"<p>Akdeniz Belediyesi\u2019nin, \u201cBergen\u201d filmiyle a\u00e7\u0131l\u0131\u015f\u0131n\u0131 yapt\u0131\u011f\u0131 a\u00e7\u0131k hava film g\u00f6sterimi, binlerce vatanda\u015f\u0131n kat\u0131l\u0131m\u0131 ve b\u00fcy\u00fck ilgisi alt\u0131nda, Millet Bah\u00e7esi sahil etab\u0131nda ger\u00e7ekle\u015fti. Etkinli\u011fe Ba\u015fkan G\u00fcltak da kat\u0131larak, arabeskin unutulmaz sesi Bergen\u2019in hayat\u0131n\u0131 anlatan filmi, alan\u0131 dolduran binlerce seyirci ile birlikte izledi.<br \/>\nAkdeniz Belediyesi K\u00fclt\u00fcr ve Sosyal \u0130\u015fler M\u00fcd\u00fcrl\u00fc\u011f\u00fcn\u00fcn geleneksel hale getirdi\u011fi a\u00e7\u0131k hava sinema g\u00fcnleri, arabeskin unutulmaz seslerinden biri olan Bergen\u2019in (Belgin Sar\u0131lm\u0131\u015fer) trajedi ve ac\u0131larla dolu hayat\u0131n\u0131 anlatan, T\u00fcrkiye\u2019de gi\u015fe rekorlar\u0131 k\u0131rmas\u0131n\u0131n yan\u0131 s\u0131ra yurtd\u0131\u015f\u0131nda da b\u00fcy\u00fck gi\u015fe ba\u015far\u0131s\u0131 elde eden \u201cBergen\u201d filmi ile ba\u015flad\u0131. E\u015fi taraf\u0131ndan u\u011frad\u0131\u011f\u0131 sald\u0131r\u0131da hen\u00fcz 30 ya\u015f\u0131ndayken hayat\u0131n\u0131 kaybeden Bergen\u2019in ya\u015fam\u0131n\u0131 anlatan filmin ba\u015frollerinde Farah Zeynep Abdullah ve Erdal Be\u015fik\u00e7io\u011flu yer al\u0131yor.<br \/>\nBa\u015fkan G\u00fcltak, filmi \u00f6zel konu\u011fu ile birlikte izledi<br \/>\nBu arada; g\u00f6sterimden birka\u00e7 saat \u00f6nce, sosyal medya hesab\u0131 \u00fczerinden Ba\u015fkan Mustafa G\u00fcltak\u2019a mesaj atarak Bergen filmini izlemek istedi\u011fini, ancak ortopedik engelli oldu\u011funu ve ak\u00fcl\u00fc sandalyesinin bozuldu\u011funu belirten 15 ya\u015f\u0131ndaki Mustafa Erg\u00fcl, belediye ekipleri taraf\u0131ndan aile bireyleri ile birlikte Akbelen Mahallesi\u2019ndeki evinden ara\u00e7la al\u0131narak Millet Bah\u00e7esi\u2019ne ula\u015ft\u0131r\u0131ld\u0131. Serebral Palsi hastas\u0131 oldu\u011funu da belirtti\u011fi mesaj\u0131nda; Bergen\u2019in hayran\u0131 oldu\u011funu dile getiren \u00f6zel birey Mustafa Erg\u00fcl; Akdeniz Belediye Ba\u015fkan\u0131 Mustafa G\u00fcltak\u2019\u0131n \u2018\u00f6zel konu\u011fu\u2019 olarak etkinli\u011fe kat\u0131l\u0131p filmi izledi.<br \/>\nBa\u015fkan G\u00fcltak; \u201cAkdeniz, bizimle de\u011fi\u015fmeye ba\u015flad\u0131 ve bu de\u011fi\u015fim s\u00fcrecek\u201d<br \/>\nMersin Millet Bah\u00e7esi sahil etab\u0131nda ger\u00e7ekle\u015fen \u00fccretsiz a\u00e7\u0131k hava film g\u00f6sterimine, gen\u00e7-ya\u015fl\u0131, kad\u0131n-erkek her ya\u015ftan binlerce vatanda\u015f adeta ak\u0131n etti. G\u00f6sterim i\u00e7in haz\u0131rlanan binlerce sandalyede yer bulamayan seyirciler, \u00e7imenlere oturarak filmi izledi. Etkinli\u011fe aileler de b\u00fcy\u00fck ilgi g\u00f6sterirken dev ekranda saat 20:00\u2019de ba\u015flayan filmin g\u00f6sterimi yo\u011fun ilgi \u00e7ekti. Film ba\u015flamadan \u00f6nce, alan\u0131 dolduran vatanda\u015flara hitap eden Ba\u015fkan G\u00fcltak; Akdenizli kad\u0131nlar, gen\u00e7ler ve \u00e7ocuklar i\u00e7in hayata ge\u00e7en a\u00e7\u0131k hava film g\u00f6sterimi, portatif y\u00fczme havuzlar\u0131, e\u011fitim deste\u011fi, mesleki kurslar ve do\u011fa gezilerinden bahsetti. \u201cAkdeniz b\u00f6yle de\u011fildi, bizimle birlikte de\u011fi\u015fmeye ba\u015flad\u0131\u201d diyen Ba\u015fkan G\u00fcltak; \u015f\u00f6yle konu\u015ftu; \u201cA\u00e7\u0131k hava film g\u00f6sterimini, Mersin\u2019e kazand\u0131rd\u0131\u011f\u0131m\u0131z en g\u00fczel ve en b\u00fcy\u00fck millet bah\u00e7elerinden birinde ger\u00e7ekle\u015ftiriyor olmaktan ayr\u0131ca gurur ve mutluluk duyuyoruz. Yak\u0131nda da in\u015fallah itirazlara ra\u011fmen \u00c7aml\u0131bel Su Sporlar\u0131 Merkezi\u2019ni de kentimize ve insanlar\u0131m\u0131za kazand\u0131raca\u011f\u0131z.  T\u00fcrkiye\u2019nin en g\u00fczel su sporlar\u0131 merkezlerinden biri buraya geliyor. 70-80 y\u0131ll\u0131k iskeleler de\u011fi\u015fip yenileniyor. Mersin\u2019in en b\u00fcy\u00fck sorunlar\u0131ndan biri olan otopark sorunu da \u00e7\u00f6z\u00fcl\u00fcyor. Profesyonel bal\u0131k\u00e7\u0131lar\u0131 da b\u00fcy\u00fcyecek olan Karaduvar Liman\u0131\u2019na ta\u015f\u0131yoruz. Bal\u0131k-ekmek satan tekneleri de yeni yap\u0131lacak mendire\u011fe ta\u015f\u0131yoruz. B\u00f6ylelikle i\u00e7eriye 450 yat\u0131n s\u0131\u011faca\u011f\u0131 bir merkez haline geliyor.\u201d<br \/>\nMersinlileri, Eyl\u00fcl ay\u0131n\u0131n sonuna do\u011fru yap\u0131lacak 3\u2019\u00fcnc\u00fc Karaduvar Bal\u0131k Festivali\u2019ne de davet eden Ba\u015fkan Mustafa G\u00fcltak, gelecek y\u0131l Nisan ay\u0131 i\u00e7inde de \u2018g\u00fcl festivali\u2019 d\u00fczenleyeceklerini s\u00f6zlerine ekledi. <\/p>\n","protected":false},"excerpt":{"rendered":"<p>Akdeniz Belediyesi\u2019nin, \u201cBergen\u201d filmiyle a\u00e7\u0131l\u0131\u015f\u0131n\u0131 yapt\u0131\u011f\u0131 a\u00e7\u0131k hava film g\u00f6sterimi, binlerce vatanda\u015f\u0131n kat\u0131l\u0131m\u0131 ve b\u00fcy\u00fck ilgisi alt\u0131nda, Millet Bah\u00e7esi sahil etab\u0131nda ger\u00e7ekle\u015fti. Etkinli\u011fe Ba\u015fkan G\u00fcltak da kat\u0131larak, arabeskin unutulmaz sesi &hellip; <a href=\"https:\/\/akdenizolaygazetesi.com\/?p=20375\" class=\"more-link\">Devam\u0131n\u0131 Oku&#8230;<\/a><\/p>\n","protected":false},"author":2,"featured_media":20376,"comment_status":"open","ping_status":"open","sticky":false,"template":"","format":"standard","meta":[],"categories":[1,2,3,5],"tags":[],"_links":{"self":[{"href":"https:\/\/akdenizolaygazetesi.com\/index.php?rest_route=\/wp\/v2\/posts\/20375"}],"collection":[{"href":"https:\/\/akdenizolaygazetesi.com\/index.php?rest_route=\/wp\/v2\/posts"}],"about":[{"href":"https:\/\/akdenizolaygazetesi.com\/index.php?rest_route=\/wp\/v2\/types\/post"}],"author":[{"embeddable":true,"href":"https:\/\/akdenizolaygazetesi.com\/index.php?rest_route=\/wp\/v2\/users\/2"}],"replies":[{"embeddable":true,"href":"https:\/\/akdenizolaygazetesi.com\/index.php?rest_route=%2Fwp%2Fv2%2Fcomments&post=20375"}],"version-history":[{"count":1,"href":"https:\/\/akdenizolaygazetesi.com\/index.php?rest_route=\/wp\/v2\/posts\/20375\/revisions"}],"predecessor-version":[{"id":20377,"href":"https:\/\/akdenizolaygazetesi.com\/index.php?rest_route=\/wp\/v2\/posts\/20375\/revisions\/20377"}],"wp:featuredmedia":[{"embeddable":true,"href":"https:\/\/akdenizolaygazetesi.com\/index.php?rest_route=\/wp\/v2\/media\/20376"}],"wp:attachment":[{"href":"https:\/\/akdenizolaygazetesi.com\/index.php?rest_route=%2Fwp%2Fv2%2Fmedia&parent=20375"}],"wp:term":[{"taxonomy":"category","embeddable":true,"href":"https:\/\/akdenizolaygazetesi.com\/index.php?rest_route=%2Fwp%2Fv2%2Fcategories&post=20375"},{"taxonomy":"post_tag","embeddable":true,"href":"https:\/\/akdenizolaygazetesi.com\/index.php?rest_route=%2Fwp%2Fv2%2Ftags&post=20375"}],"curies":[{"name":"wp","href":"https:\/\/api.w.org\/{rel}","templated":true}]}}