{"id":20384,"date":"2022-08-15T12:43:34","date_gmt":"2022-08-15T09:43:34","guid":{"rendered":"http:\/\/akdenizolaygazetesi.com\/?p=20384"},"modified":"2022-08-15T12:43:34","modified_gmt":"2022-08-15T09:43:34","slug":"bergen-sevgisi-engel-tanimadi","status":"publish","type":"post","link":"https:\/\/akdenizolaygazetesi.com\/?p=20384","title":{"rendered":"BERGEN SEVG\u0130S\u0130 ENGEL TANIMADI!"},"content":{"rendered":"<p>Bergen hayran\u0131 15 ya\u015f\u0131ndaki \u00f6zel birey Mustafa Erg\u00fcl, belediyeye ait ara\u00e7la ailesi ile birlikte evinden al\u0131nd\u0131; Akdeniz Belediye Ba\u015fkan\u0131 G\u00fcltak\u2019\u0131n \u2018\u00f6zel konu\u011fu\u2019 olarak binlerce ki\u015fi ile birlikte a\u00e7\u0131k havada \u2018Bergen\u2019 filmini izledi.<br \/>\nAkdeniz Belediyesi K\u00fclt\u00fcr ve Sosyal \u0130\u015fler M\u00fcd\u00fcrl\u00fc\u011f\u00fc\u2019n\u00fcn geleneksel a\u00e7\u0131k hava yaz sinema etkinli\u011fi, gi\u015fe rekorlar\u0131 k\u0131ran \u201cBergen\u201d filmi ile ba\u015flad\u0131. Mersin Millet Bah\u00e7esi sahil etab\u0131nda ger\u00e7ekle\u015fen g\u00f6sterime vatanda\u015flar \u00e7ok b\u00fcy\u00fck ilgi g\u00f6sterdi. Filmin g\u00f6sterimine 7\u2019den 70\u2019e binlerce ki\u015fi kat\u0131l\u0131rken; alana dizilen sandalyelerde yer bulamayan y\u00fczlerce ki\u015fi de \u00e7imenlere oturup filmi izledi.<br \/>\nBergen hayran\u0131 gen\u00e7 Mustafa\u2019dan Ba\u015fkan\u2019a mesaj\u2026<br \/>\nAk\u00fcl\u00fc arac\u0131 bozuldu\u011fu i\u00e7in haftalard\u0131r evden d\u0131\u015far\u0131 \u00e7\u0131kamayan serebral palsi hastas\u0131 ve y\u00fcr\u00fcme g\u00fc\u00e7l\u00fc\u011f\u00fc \u00e7eken 15 ya\u015f\u0131ndaki Mustafa Erg\u00fcl, filmin g\u00f6steriminden 1 g\u00fcn \u00f6nce, sosyal medya hesab\u0131 \u00fczerinden Akdeniz Belediye Ba\u015fkan\u0131 M. Mustafa G\u00fcltak\u2019a bir mesaj yazd\u0131.<br \/>\nMesaj\u0131nda, Bergen hayran\u0131 oldu\u011funu ve Millet Bah\u00e7esi\u2019nde kurulacak dev ekranda ve a\u00e7\u0131k havada g\u00f6sterimi yap\u0131lacak filmi izlemek istedi\u011fini, ancak d\u0131\u015far\u0131 \u00e7\u0131kabilmesini sa\u011flayan ak\u00fcl\u00fc arac\u0131n\u0131n bozuldu\u011funu belirten gen\u00e7, Akdeniz Belediye Ba\u015fkan\u0131 Mustafa G\u00fcltak\u2019tan bu konuda yard\u0131m istedi. Kendilerine ait ara\u00e7lar\u0131 olmad\u0131\u011f\u0131n\u0131, ya\u015fad\u0131\u011f\u0131 mahalleden Millet Bah\u00e7esi civar\u0131na toplu ta\u015f\u0131ma seferi de yap\u0131lmad\u0131\u011f\u0131n\u0131 kaydeden gencin mesaj\u0131n\u0131 g\u00f6ren Ba\u015fkan G\u00fcltak, hemen ekiplere talimat verdi, Bergen filminin g\u00f6steriminin yap\u0131laca\u011f\u0131 Cumartesi g\u00fcn\u00fc, gencin evinden al\u0131n\u0131p Millet Bah\u00e7esi\u2019ne getirilmesini istedi.<br \/>\nFilmi, Ba\u015fkan G\u00fcltak ile birlikte izledi<br \/>\nAra\u00e7la yola \u00e7\u0131kan ekipler, konu\u015fma ve y\u00fcr\u00fcme g\u00fc\u00e7l\u00fc\u011f\u00fc \u00e7eken \u00f6zel birey Mustafa\u2019n\u0131n ya\u015fad\u0131\u011f\u0131 eve giderek ailesiyle birlikte O\u2019nu al\u0131p Bergen filminin a\u00e7\u0131k havada g\u00f6steriminin yap\u0131laca\u011f\u0131 Millet Bah\u00e7esi\u2019ne getirdi. Bergen\u2019i \u00e7ok sevdi\u011fini ve filmi izlemesinin kendisine moral verece\u011fini s\u00f6yleyen \u00f6zel birey Mustafa Erg\u00fcl, Akdeniz Belediye Ba\u015fkan\u0131 Mustafa G\u00fcltak\u2019\u0131n \u00f6zel davetlisi olarak Millet Bah\u00e7esi sahil etab\u0131n\u0131 dolduran binlerce vatanda\u015f ile birlikte, arabeskin unutulmayan sesleri aras\u0131nda yerini alan ve as\u0131l ad\u0131 Belgin Sar\u0131lm\u0131\u015fer olan Bergen\u2019in, ac\u0131 ve dramla dolu hayat\u0131n\u0131 anlatan filmi izledi.<br \/>\nBaba Ramazan Erg\u00fcl; \u201c\u00c7ok mutlu olduk, onur duyduk\u201d<br \/>\nAkdeniz Belediye Ba\u015fkan\u0131 Mustafa G\u00fcltak, filmi \u00f6zel konu\u011fu ile birlikte izleyecek olmas\u0131ndan ayr\u0131ca b\u00fcy\u00fck mutluluk duydu\u011funu ifade ederken; gencin anne ve babas\u0131 da g\u00f6sterilen yak\u0131n ilgi ve kendilerine sa\u011flanan imk\u00e2n nedeniyle Ba\u015fkan G\u00fcltak ve K\u00fclt\u00fcr ve Sosyal \u0130\u015fler M\u00fcd\u00fcrl\u00fc\u011f\u00fc ekiplerine te\u015fekk\u00fcr etti.<br \/>\n\u00c7ocu\u011funun tedavisi i\u00e7in \u0130zmir\u2019den Mersin\u2019e ta\u015f\u0131nd\u0131klar\u0131n\u0131 ifade eden baba Ramazan Erg\u00fcl, \u201cMustafa, Bergen filminin g\u00f6sterimine gelmeyi \u00e7ok istedi. Ara\u015ft\u0131rd\u0131\u011f\u0131m\u0131zda belediye otob\u00fcs\u00fc ile buraya gelmenin \u00e7ok zor oldu\u011funu g\u00f6rd\u00fck. O\u011flumun engelli arac\u0131 bozuldu\u011fu i\u00e7in gelmemiz daha da zor olurdu. O\u011flum Mustafa, yazd\u0131\u011f\u0131 mesajla Ba\u015fkan\u0131m\u0131za ula\u015ft\u0131.<br \/>\nSa\u011f olsun Ba\u015fkan\u0131m\u0131z da bizi k\u0131rmad\u0131, yak\u0131ndan ilgilendi. B\u00f6ylesi g\u00fczel bir g\u00fcnde, bu g\u00fczel etkinli\u011fe kat\u0131lmam\u0131z\u0131 sa\u011flad\u0131. B\u00fcy\u00fck onur duyduk. \u0130zmir\u2019den gelip bu g\u00fczel an\u0131lar\u0131 payla\u015fmak bizim i\u00e7in \u00e7ok anlaml\u0131. Duygular\u0131m\u0131z\u0131 kelimelerle tarif etmek hi\u00e7 kolay de\u011fil. E\u011fer bir g\u00fcn \u0130zmir\u2019e geri d\u00f6necek olursak, bu ya\u015fad\u0131\u011f\u0131m\u0131z g\u00fczellikleri ve \u00f6zel anlar\u0131 t\u00fcm dostlara anlataca\u011f\u0131m\u201d diye konu\u015ftu.<\/p>\n","protected":false},"excerpt":{"rendered":"<p>Bergen hayran\u0131 15 ya\u015f\u0131ndaki \u00f6zel birey Mustafa Erg\u00fcl, belediyeye ait ara\u00e7la ailesi ile birlikte evinden al\u0131nd\u0131; Akdeniz Belediye Ba\u015fkan\u0131 G\u00fcltak\u2019\u0131n \u2018\u00f6zel konu\u011fu\u2019 olarak binlerce ki\u015fi ile birlikte a\u00e7\u0131k havada \u2018Bergen\u2019 &hellip; <a href=\"https:\/\/akdenizolaygazetesi.com\/?p=20384\" class=\"more-link\">Devam\u0131n\u0131 Oku&#8230;<\/a><\/p>\n","protected":false},"author":2,"featured_media":20385,"comment_status":"open","ping_status":"open","sticky":false,"template":"","format":"standard","meta":[],"categories":[8,2,3,5,9],"tags":[],"_links":{"self":[{"href":"https:\/\/akdenizolaygazetesi.com\/index.php?rest_route=\/wp\/v2\/posts\/20384"}],"collection":[{"href":"https:\/\/akdenizolaygazetesi.com\/index.php?rest_route=\/wp\/v2\/posts"}],"about":[{"href":"https:\/\/akdenizolaygazetesi.com\/index.php?rest_route=\/wp\/v2\/types\/post"}],"author":[{"embeddable":true,"href":"https:\/\/akdenizolaygazetesi.com\/index.php?rest_route=\/wp\/v2\/users\/2"}],"replies":[{"embeddable":true,"href":"https:\/\/akdenizolaygazetesi.com\/index.php?rest_route=%2Fwp%2Fv2%2Fcomments&post=20384"}],"version-history":[{"count":1,"href":"https:\/\/akdenizolaygazetesi.com\/index.php?rest_route=\/wp\/v2\/posts\/20384\/revisions"}],"predecessor-version":[{"id":20386,"href":"https:\/\/akdenizolaygazetesi.com\/index.php?rest_route=\/wp\/v2\/posts\/20384\/revisions\/20386"}],"wp:featuredmedia":[{"embeddable":true,"href":"https:\/\/akdenizolaygazetesi.com\/index.php?rest_route=\/wp\/v2\/media\/20385"}],"wp:attachment":[{"href":"https:\/\/akdenizolaygazetesi.com\/index.php?rest_route=%2Fwp%2Fv2%2Fmedia&parent=20384"}],"wp:term":[{"taxonomy":"category","embeddable":true,"href":"https:\/\/akdenizolaygazetesi.com\/index.php?rest_route=%2Fwp%2Fv2%2Fcategories&post=20384"},{"taxonomy":"post_tag","embeddable":true,"href":"https:\/\/akdenizolaygazetesi.com\/index.php?rest_route=%2Fwp%2Fv2%2Ftags&post=20384"}],"curies":[{"name":"wp","href":"https:\/\/api.w.org\/{rel}","templated":true}]}}