{"id":20387,"date":"2022-08-15T12:45:04","date_gmt":"2022-08-15T09:45:04","guid":{"rendered":"http:\/\/akdenizolaygazetesi.com\/?p=20387"},"modified":"2022-08-15T12:45:04","modified_gmt":"2022-08-15T09:45:04","slug":"genclerin-hayallerine-giden-yolda-en-buyuk-destekcileri-buyuksehir-belediyesi","status":"publish","type":"post","link":"https:\/\/akdenizolaygazetesi.com\/?p=20387","title":{"rendered":"GEN\u00c7LER\u0130N HAYALLER\u0130NE G\u0130DEN YOLDA EN B\u00dcY\u00dcK DESTEK\u00c7\u0130LER\u0130 B\u00dcY\u00dcK\u015eEH\u0130R BELED\u0130YES\u0130"},"content":{"rendered":"<p>Mersin B\u00fcy\u00fck\u015fehir Belediyesi&#8217;nin Gen\u00e7lik ve Spor Hizmetleri Dairesi Ba\u015fkanl\u0131\u011f\u0131 b\u00fcnyesinde yaz aylar\u0131nda da devam eden Cimnastik Kursu&#8217;nda \u00f6\u011frencilere bu alanda e\u011fitim verilirken, ayn\u0131 zamanda yar\u0131\u015fmalara haz\u0131rlanan \u00f6\u011frencilerle de birebir ilgileniliyor.<br \/>\nMersin B\u00fcy\u00fck\u015fehir Belediyesi&#8217;nin yaz aylar\u0131nda da devam eden cimnastik kursundan toplam 210 \u00f6\u011frenci faydalan\u0131rken, kursa gelen \u00f6\u011frenciler ile yar\u0131\u015fmalara haz\u0131rlanan \u00f6\u011frencilerin ayn\u0131 ortamda \u00e7al\u0131\u015fmalar\u0131, \u00f6zellikle kursa gelen minikleri motive ediyor. Aileler de, \u00e7ocuklar\u0131n\u0131n hem fiziksel hem de bili\u015fsel geli\u015fimlerine katk\u0131 sundu\u011fu i\u00e7in, kurstan b\u00fcy\u00fck bir memnuniyet duyduklar\u0131n\u0131 dile getiriyor.<br \/>\nGen\u00e7lerin hayallerine giden yolda en b\u00fcy\u00fck destek\u00e7ileri Mersin B\u00fcy\u00fck\u015fehir Belediyesi<br \/>\nBirbirinden g\u00fczel hayalleri olan cimnastik \u00f6\u011frencilerinin kimisi ileride Milli Tak\u0131m&#8217;da olmay\u0131 hedeflerken, kimisi de \u00fclke \u00fclke gezerek yar\u0131\u015fmalara kat\u0131lmay\u0131 hedefliyor. Miniklerin hayallerine giden yolda, onlar\u0131n en b\u00fcy\u00fck destek\u00e7isi de Mersin B\u00fcy\u00fck\u015fehir Belediyesi oluyor.<br \/>\nYaz kursu \u00f6\u011frencileri, Haziran ay\u0131nda okullar\u0131n kapanmas\u0131yla birlikte kursa ba\u015flad\u0131. Eyl\u00fcl&#8217;de yaz kursu sona erdikten sonra k\u0131\u015f d\u00f6nemine ge\u00e7ilecek ve B\u00fcy\u00fck\u015fehir Belediyesi gelece\u011fin sporcular\u0131n\u0131 bu kez k\u0131\u015f d\u00f6neminde yeti\u015ftirmeye devam edecek. \u015eu anda yaz kursu \u00f6\u011frencileri kurstan haftan\u0131n 2 g\u00fcn\u00fc faydalan\u0131rken, yar\u0131\u015fmac\u0131lara haz\u0131rlanan \u00f6\u011frenciler ise kursa hafta i\u00e7i her g\u00fcn, k\u0131\u015f aylar\u0131nda ise haftan\u0131n 6 g\u00fcn\u00fc geliyor.<br \/>\nB\u00fcy\u00fck\u015fehir bu kurs sayesinde gen\u00e7 yetenekleri de ke\u015ffediyor<br \/>\nB\u00fcy\u00fck\u015fehir Belediyesi, yaz kursunun yan\u0131 s\u0131ra, yar\u0131\u015fmalara cimnastik alan\u0131nda \u00f6\u011frenci yeti\u015ftirmeyi de s\u00fcrd\u00fcr\u00fcyor. Yaz kursuna gelen \u00f6\u011frencilerden yetene\u011fi olan \u00f6\u011frenciler se\u00e7ilerek, yar\u0131\u015fmalara haz\u0131rlanmalar\u0131 konusunda yard\u0131mc\u0131 olunuyor. B\u00fcy\u00fck\u015fehir Belediyesi taraf\u0131ndan 4-8 ya\u015f aral\u0131\u011f\u0131ndaki \u00e7ocuklara verilen \u00fccretsiz Cimnastik Kursu&#8217;nda, B\u00fcy\u00fck\u015fehir Belediyesi&#8217;nin Cimnastik Antren\u00f6rleri Hafize \u0130\u011fdir ve \u00c7i\u011fdem G\u00f6ka\u015far, miniklerle \u00f6zel ve birebir olarak ilgileniyor.<br \/>\n&#8220;Yetenekli \u00f6\u011frencilerimizi bir \u00fcst seviyeye g\u00f6t\u00fcr\u00fcyoruz&#8221;<br \/>\nMersin B\u00fcy\u00fck\u015fehir Belediyesi Cimnastik Antren\u00f6r\u00fc \u00c7i\u011fdem G\u00f6ka\u015far, &#8220;1 y\u0131l boyunca her g\u00fcn buraday\u0131z. 4 ile 8 ya\u015f aras\u0131 \u00e7ocuklar\u0131m\u0131z\u0131 al\u0131yoruz, temel e\u011fitimle ba\u015fl\u0131yoruz. Daha sonra yetenekli \u00f6\u011frencilerimizi bir \u00fcst seviyeye g\u00f6t\u00fcr\u00fcyoruz. Haftada 2 g\u00fcn \u015feklinde farkl\u0131 gruplar\u0131m\u0131z var. \u015eu an toplamda 6 tane grubumuz var. Hepsinin ya\u015f gruplar\u0131 farkl\u0131. Yaz kursu olarak \u015fu an 210 tane \u00f6\u011frencimiz var. 2 farkl\u0131 grup \u015feklinde \u00e7al\u0131\u015f\u0131yoruz. Eyl\u00fcl&#8217;de k\u0131\u015f kursuna ge\u00e7ece\u011fiz. O zaman hi\u00e7 gelmeyen \u00f6\u011frencilerimize \u00f6ncelik verece\u011fiz. Ailelerimizle biz birebir g\u00f6r\u00fc\u015f\u00fcyoruz. Bu hizmetten \u00e7ok memnunlar&#8221; ifadelerini kulland\u0131. Mersin&#8217;de hem \u00fccretsiz olup, hem de bu kadar kapsaml\u0131 bir kursun olmad\u0131\u011f\u0131na dikkat \u00e7eken G\u00f6ka\u015far, &#8220;Biz \u015fu an temel e\u011fitimdeyiz. Temel e\u011fitimin amac\u0131 \u00e7ocuklar\u0131m\u0131za \u00f6ncelikle kurallar\u0131 \u00f6\u011fretmek. Kuvvet \u00e7al\u0131\u015fmas\u0131 yap\u0131yoruz, esneklik \u00e7al\u0131\u015fmas\u0131 yap\u0131yoruz, denge koordinasyonunu sa\u011flamaya \u00e7al\u0131\u015f\u0131yoruz. G\u00fczel bir arkada\u015fl\u0131k ortam\u0131 yaratmaya \u00e7al\u0131\u015f\u0131yoruz&#8221; dedi.<br \/>\n&#8220;Velilerin \u00e7ocuklar\u0131m\u0131z\u0131 k\u00fc\u00e7\u00fck ya\u015fta getirmelerini tavsiye ediyorum&#8221;<br \/>\nMersin B\u00fcy\u00fck\u015fehir Belediyesi Cimnastik Antren\u00f6r\u00fc Hafize \u0130\u011fdir de &#8220;Temel cimnasti\u011fe gelen \u00e7ocuklar\u0131m\u0131z\u0131n aras\u0131nda, yetene\u011fi olanlar\u0131 ay\u0131r\u0131yorum. Onlara farkl\u0131 g\u00fcn ve saatlerde \u00f6zel olarak \u00f6zel \u00e7al\u0131\u015fmalar yapt\u0131r\u0131yorum. Bu \u015fekilde k\u00fc\u00e7\u00fck ya\u015ftan ba\u015flay\u0131p, cimnastik yar\u0131\u015fmalar\u0131na kat\u0131lacak ya\u015f olan 7 ya\u015f\u0131na kadar yeti\u015ftiriyoruz. \u015eu anda yaz program\u0131m\u0131zda haftan\u0131n 5 g\u00fcn\u00fc en az 4 saat \u00e7al\u0131\u015fmam\u0131z var. Yaz kursundaki \u00f6\u011frencilerimiz, yar\u0131\u015fmac\u0131 olan gruplar\u0131m\u0131z\u0131, ilerlemi\u015f olan \u00e7ocuklar\u0131m\u0131z\u0131 g\u00f6rd\u00fcklerinde onlar da yapmak isteyip, onlar da imreniyor ve daha \u00e7ok cesaretleniyorlar. Bu konuda onlar \u00e7ok iyi bir motive ve \u00f6rnek oluyor onlara. \u015eu anda okul olmad\u0131\u011f\u0131 i\u00e7in \u00e7ok rahat \u00e7al\u0131\u015fma sistemimiz var. Velilerimizden \u00e7ocuklar\u0131n\u0131 k\u00fc\u00e7\u00fck ya\u015ftan bu kursa getirmelerini tavsiye ediyorum&#8221; diye konu\u015ftu.<br \/>\n &#8220;Yapt\u0131\u011f\u0131m spordan \u00e7ok mutluyum&#8221;<br \/>\nYar\u0131\u015fmalara haz\u0131rlanan \u00f6\u011frencilerden 15 ya\u015f\u0131ndaki Damla G\u00fcm\u00fc\u015fan, 8 y\u0131ld\u0131r cimnastik ile u\u011fra\u015ft\u0131\u011f\u0131ndan s\u00f6z ederek, &#8220;Yapt\u0131\u011f\u0131m spordan \u00e7ok mutluyum, \u00e7ok zevk al\u0131yorum. Yapt\u0131\u011f\u0131m i\u015fi \u00e7ok seviyorum. Burada asl\u0131nda \u00e7ok \u00e7al\u0131\u015f\u0131yorum, \u00e7ok yoruluyorum ama burada olmaktan mutluyum. Yani buraya ilk geldi\u011fimde sadece \u00e7ok az \u015fey yapabilirken, bu kadar s\u00fcrede \u00e7ok fazla \u015fey yapt\u0131m. Mutluyum, hocalar\u0131mla da \u00e7ok iyi anla\u015f\u0131yorum. Buradayken \u00e7ok rahat\u0131m. Bu alanda ileride tabi ki Milli Tak\u0131m&#8217;a girmeyi \u00e7ok isterim&#8221; dedi.<br \/>\n&#8220;Ben \u00e7ok g\u00fczel bir cimnastik\u00e7i olmak ve madalya almak istiyorum&#8221;<br \/>\nYar\u0131\u015fmalara haz\u0131rlanan miniklerden Masal G\u00fcrmeydan ise en \u00e7ok \u00e7ember hareketini sevdi\u011finden s\u00f6z ederek, &#8220;Milli yar\u0131\u015fmalara kat\u0131lmak istiyorum. Ba\u015far\u0131l\u0131 bir sporcu olmak istiyorum&#8221; derken, yar\u0131\u015fmaya haz\u0131rlanan k\u00fc\u00e7\u00fcklerden Beren Arnik de,  &#8220;Cimnasti\u011fi \u00e7ok seviyorum. Devam edece\u011fim, daha g\u00fczellerini yapaca\u011f\u0131m. Ailem buraya geliyorum diye mutlu, ben de mutluyum. Buray\u0131 \u00e7ok seviyorum. Ben \u00e7ok iyi bir cimnastik\u00e7i olmak istiyorum. Madalya almak istiyorum&#8221; diye konu\u015ftu.<br \/>\n&#8220;Koskocaman bir k\u0131z olup, \u00fclkelere gidip cimnastik yapmak istiyorum&#8221;<br \/>\nYar\u0131\u015fmalara haz\u0131rlanan miniklerden 10 ya\u015f\u0131ndaki Zekiye Sultan Arnik ise 7 ya\u015f\u0131ndan beri cimnastik yapt\u0131\u011f\u0131n\u0131 dile getirerek, &#8220;Ben burada olmaktan \u00e7ok mutluyum. \u00d6nce biraz s\u0131k\u0131l\u0131yordum ama sonra \u00e7ok sevdim. Yani \u00e7ok hareketini de yapabiliyorum. Benim hi\u00e7 akl\u0131ma b\u00f6yle bir kurs gelmemi\u015fti. Annem kuzenimin geldi\u011fini g\u00f6r\u00fcnce, beni de getirdi. Burada hareketlerimizi yap\u0131yoruz beraber arkada\u015flar\u0131m\u0131zla. Yapamad\u0131\u011f\u0131m\u0131z \u015feylere hocalar\u0131m\u0131z yard\u0131m ediyorlar. Ben b\u00f6yle koskocaman bir k\u0131z olup, \u00fclkelere gidip, cimnastik yapmak istiyorum, yar\u0131\u015fmalara girmek istiyorum&#8221; ifadelerini kulland\u0131.<br \/>\n&#8220;Cimnasti\u011fe tak\u0131nt\u0131l\u0131y\u0131m, \u00e7ok seviyorum&#8221;<br \/>\nYaz kursuna gelen \u00f6\u011frencilerden 8 ya\u015f\u0131ndaki Elif Rana Eren, &#8220;\u00d6nceden beri akl\u0131mda vard\u0131 cimnasti\u011fe ba\u015flamak. Bir de seviyordum. Cimnasti\u011fe tak\u0131nt\u0131l\u0131y\u0131m yani, \u00e7ok seviyorum. Yapabiliyorum da. O y\u00fczden geldim buraya. Okul kapand\u0131ktan birka\u00e7 g\u00fcn sonra falan geldim buraya, kaydoldum. Mutluyum. Haftada 2 g\u00fcn geliyoruz. \u0130leride turnuvalara girmek istiyorum&#8221; dedi.<br \/>\nVeliler de kurstan b\u00fcy\u00fck memnuiyet duyuyor<br \/>\nYaz kursuna gelen \u00f6\u011frencilerin velilerinden H\u00fcseyin Damar, kurstan duyduklar\u0131 memnuniyeti dile getirerek, &#8220;Kursu B\u00fcy\u00fck\u015fehir&#8217;in instagram sayfas\u0131ndan \u00f6\u011frendik. Kursun \u00e7ocu\u011fun fiziksel geli\u015fimine baya\u011f\u0131 etkisi oluyor. Yaz aylar\u0131nda \u00e7ocuklar\u0131n kesinlikle bir \u015feyle u\u011fra\u015fmas\u0131 gerekiyor. U\u011fra\u015facaklar\u0131 \u015feyin de geli\u015fimlerine, \u00f6zellikle zihinsel geli\u015fimlerine etkili olan \u015feyler olmas\u0131 gerekiyor. O y\u00fczden tablet, bilgisayar, televizyon yerine b\u00f6yle sosyal aktiviteler, sporla ilgilenmesi daha iyi oluyor. B\u00fcy\u00fck\u015fehir&#8217;in bu hizmetinden \u00e7ok memnunuz&#8221; ifadelerine yer verdi.<br \/>\n&#8220;Buras\u0131 b\u00fcy\u00fck geli\u015fme oldu Mustafa a\u00e7\u0131s\u0131ndan&#8221;<br \/>\nO\u011flu Mustafa&#8217;y\u0131 cimnastik kursuna getiren anne \u015eifa K\u00fc\u00e7\u00fck de, &#8220;Mustafa&#8217;n\u0131n hem geli\u015fimi a\u00e7\u0131s\u0131ndan, hem de fiziksel y\u00f6nden bu kursun iyi olaca\u011f\u0131n\u0131 d\u00fc\u015f\u00fcnd\u00fck.  K\u00fc\u00e7\u00fck ya\u015f grubu oldu\u011fu i\u00e7in pek bir \u015feyleri fark etmiyorlar, ama yine de iyi oluyor. Mesela tek ayak \u00fcst\u00fcnde falan duram\u0131yordu, parmak u\u00e7lar\u0131nda y\u00fcr\u00fcyemiyordu, \u00e7ok b\u00fcy\u00fck geli\u015fme oldu Mustafa a\u00e7\u0131s\u0131ndan buras\u0131. B\u00fcy\u00fck\u015fehir Belediyesi&#8217;ne \u00e7ok te\u015fekk\u00fcr ediyoruz. Evde bo\u015f durmaktansa burada geliyorlar, hem hareket \u00f6\u011freniyorlar hem v\u00fccutlar\u0131 geli\u015fiyor&#8221; dedi.  \u00c7ocuklar\u0131n\u0131 kursa getiren baba Ahmet Muhtar Co\u015facak ise,  &#8220;Gayet memnunum. Okullar\u0131n tatil oldu\u011fu zamanlarda \u00e7ocuklar bo\u015f zamanlar\u0131n\u0131 burada cimnastik yaparak gideriyorlar. \u00c7ocuklar\u0131m ge\u00e7en sene de geliyorlard\u0131, bu ikinci y\u0131llar\u0131. Haftada 2 g\u00fcn, 2 saat s\u00fcrekli getiriyorum&#8221; dedi ve B\u00fcy\u00fck\u015fehir Belediyesi&#8217;nin bu hizmetinden duydu\u011fu memnuniyeti dile getirdi.<\/p>\n","protected":false},"excerpt":{"rendered":"<p>Mersin B\u00fcy\u00fck\u015fehir Belediyesi&#8217;nin Gen\u00e7lik ve Spor Hizmetleri Dairesi Ba\u015fkanl\u0131\u011f\u0131 b\u00fcnyesinde yaz aylar\u0131nda da devam eden Cimnastik Kursu&#8217;nda \u00f6\u011frencilere bu alanda e\u011fitim verilirken, ayn\u0131 zamanda yar\u0131\u015fmalara haz\u0131rlanan \u00f6\u011frencilerle de birebir ilgileniliyor. &hellip; <a href=\"https:\/\/akdenizolaygazetesi.com\/?p=20387\" class=\"more-link\">Devam\u0131n\u0131 Oku&#8230;<\/a><\/p>\n","protected":false},"author":2,"featured_media":20388,"comment_status":"open","ping_status":"open","sticky":false,"template":"","format":"standard","meta":[],"categories":[2,3,10],"tags":[],"_links":{"self":[{"href":"https:\/\/akdenizolaygazetesi.com\/index.php?rest_route=\/wp\/v2\/posts\/20387"}],"collection":[{"href":"https:\/\/akdenizolaygazetesi.com\/index.php?rest_route=\/wp\/v2\/posts"}],"about":[{"href":"https:\/\/akdenizolaygazetesi.com\/index.php?rest_route=\/wp\/v2\/types\/post"}],"author":[{"embeddable":true,"href":"https:\/\/akdenizolaygazetesi.com\/index.php?rest_route=\/wp\/v2\/users\/2"}],"replies":[{"embeddable":true,"href":"https:\/\/akdenizolaygazetesi.com\/index.php?rest_route=%2Fwp%2Fv2%2Fcomments&post=20387"}],"version-history":[{"count":1,"href":"https:\/\/akdenizolaygazetesi.com\/index.php?rest_route=\/wp\/v2\/posts\/20387\/revisions"}],"predecessor-version":[{"id":20389,"href":"https:\/\/akdenizolaygazetesi.com\/index.php?rest_route=\/wp\/v2\/posts\/20387\/revisions\/20389"}],"wp:featuredmedia":[{"embeddable":true,"href":"https:\/\/akdenizolaygazetesi.com\/index.php?rest_route=\/wp\/v2\/media\/20388"}],"wp:attachment":[{"href":"https:\/\/akdenizolaygazetesi.com\/index.php?rest_route=%2Fwp%2Fv2%2Fmedia&parent=20387"}],"wp:term":[{"taxonomy":"category","embeddable":true,"href":"https:\/\/akdenizolaygazetesi.com\/index.php?rest_route=%2Fwp%2Fv2%2Fcategories&post=20387"},{"taxonomy":"post_tag","embeddable":true,"href":"https:\/\/akdenizolaygazetesi.com\/index.php?rest_route=%2Fwp%2Fv2%2Ftags&post=20387"}],"curies":[{"name":"wp","href":"https:\/\/api.w.org\/{rel}","templated":true}]}}