{"id":20390,"date":"2022-08-15T12:46:44","date_gmt":"2022-08-15T09:46:44","guid":{"rendered":"http:\/\/akdenizolaygazetesi.com\/?p=20390"},"modified":"2022-08-15T12:46:44","modified_gmt":"2022-08-15T09:46:44","slug":"yenisehir-belediyesi-acik-hava-sinemasini-mahallelere-tasiyor","status":"publish","type":"post","link":"https:\/\/akdenizolaygazetesi.com\/?p=20390","title":{"rendered":"Yeni\u015fehir Belediyesi a\u00e7\u0131k hava sinemas\u0131n\u0131 mahallelere ta\u015f\u0131yor"},"content":{"rendered":"<p>Mersin Yeni\u015fehir Belediyesi, vatanda\u015flar\u0131n nostaljik filmlerle keyifli bir yaz ak\u015fam\u0131 ge\u00e7irmelerini sa\u011flamak amac\u0131yla mahallelere a\u00e7\u0131k hava sinemas\u0131 kuruyor. Bu kapsamda \u00c7i\u00e7ek Abbas, Ya\u015far Ne Ya\u015far Ne Ya\u015famaz, Nereye Bak\u0131yor Bu Adamlar, \u015eark B\u00fclb\u00fcl\u00fc ve Z\u00fc\u011f\u00fcrt A\u011fa gibi efsane filmler Yeni\u015fehirlilerle bulu\u015facak. Yeni\u015fehir Belediye Ba\u015fkan\u0131 Abdullah \u00d6zyi\u011fit, t\u00fcm vatanda\u015flar\u0131 film g\u00f6sterimlerine davet etti.<br \/>\nDaha \u00f6nce Gezici Sinema G\u00fcnleri d\u00fczenleyen ve 32 mahallede beyaz perde kurarak, \u00fccretsiz sinema filmi g\u00f6sterimleri yapan Mersin Yeni\u015fehir Belediyesi \u015fimdi de nostaljik a\u00e7\u0131k hava sinemas\u0131n\u0131 mahallelere ta\u015f\u0131yor. Karahac\u0131l\u0131, \u00c7avak, Bat\u0131kent, Deniz, 50.Y\u0131l ve Kuzeykent mahallerinde yap\u0131lacak a\u00e7\u0131k hava sinema g\u00fcnleri her mahallede iki g\u00fcn devam edecek. \u0130lk g\u00fcn nostaljik filmler, ikinci g\u00fcn ise \u00e7ocuk filmleri g\u00f6sterilecek. Yeni\u015fehir Belediyesi, Karahac\u0131l\u0131 ve \u00c7avak&#8217;ta film saatlerinde di\u011fer k\u0131rsal mahallelerden de otob\u00fcs kald\u0131rarak, vatanda\u015flar\u0131 ta\u015f\u0131yacak. 16 A\u011fustos Sal\u0131 g\u00fcn\u00fc ba\u015flayacak a\u00e7\u0131k hava sinema g\u00fcnleri 28 A\u011fustos&#8217;ta sona erecek.<br \/>\nFilm g\u00f6sterimi program\u0131 ise \u015fu \u015fekilde:<br \/>\nTarih: 16 A\u011fustos Sal\u0131<br \/>\nSaat: 20.00<br \/>\nFilm: \u00c7i\u00e7ek Abbas<br \/>\nYer: Karahac\u0131l\u0131 Mahallesi \u0130lk\u00f6\u011fretim Okulu yan\u0131<br \/>\nTarih: 17 A\u011fustos \u00c7ar\u015famba<br \/>\nSaat: 20.00<br \/>\nFilm: Kirpi Latte ve B\u00fcy\u00fcl\u00fc Ta\u015f<br \/>\nYer: Karahac\u0131l\u0131 Mahallesi \u0130lk\u00f6\u011fretim Okulu yan\u0131<br \/>\nTarih:18 A\u011fustos Per\u015fembe<br \/>\nSaat: 20.00<br \/>\nFilm: Ya\u015far Ne Ya\u015far Ne Ya\u015famaz<br \/>\nYer: \u00c7avak Mahalle Muhtarl\u0131\u011f\u0131 yan\u0131<br \/>\nTarih: 19 A\u011fustos Cuma<br \/>\nSaat: 20.00<br \/>\nFilm: K\u0131rm\u0131z\u0131 Papu\u00e7lar ve Yedi C\u00fcceler<br \/>\nYer: \u00c7avak Mahalle Muhtarl\u0131\u011f\u0131 yan\u0131<br \/>\nTarih: 20 A\u011fustos Cumartesi<br \/>\nSaat: 21.00<br \/>\nFilm: Nereye Bak\u0131yor Bu Adamlar<br \/>\nYer: Bat\u0131kent Mahalle Muhtarl\u0131\u011f\u0131 yan\u0131<br \/>\nTarih: 21 A\u011fustos Pazar<br \/>\nSaat: 21.00<br \/>\nFilm: Kirpi Latte ve B\u00fcy\u00fcl\u00fc Ta\u015f<br \/>\nYer: Bat\u0131kent Mahalle Muhtarl\u0131\u011f\u0131 yan\u0131<br \/>\nTarih: 23 A\u011fustos Sal\u0131<br \/>\nSaat: 21.00<br \/>\nFilm: \u015eark B\u00fclb\u00fcl\u00fc<br \/>\nYer: Deniz Mahalle Muhtarl\u0131\u011f\u0131 yan\u0131<br \/>\nTarih: 24 A\u011fustos \u00c7ar\u015famba<br \/>\nSaat: 21.00<br \/>\nFilm: K\u0131rm\u0131z\u0131 Papu\u00e7lar ve Yedi C\u00fcceler<br \/>\nYer: Deniz Mahalle Muhtarl\u0131\u011f\u0131 yan\u0131<br \/>\nTarih: 25 A\u011fustos Per\u015fembe<br \/>\nSaat: 21.00<br \/>\nFilm: Z\u00fc\u011f\u00fcrt A\u011fa<br \/>\nYer: 50.Y\u0131l Mahalle Muhtarl\u0131\u011f\u0131 yan\u0131<br \/>\nTarih: 26 A\u011fustos Cuma<br \/>\nSaat: 21.00<br \/>\nFilm: Kirpi Latte ve B\u00fcy\u00fcl\u00fc Ta\u015f<br \/>\nYer: 50.Y\u0131l Mahalle Muhtarl\u0131\u011f\u0131 yan\u0131<br \/>\nTarih: 27 A\u011fustos Cumartesi<br \/>\nSaat: 21.00<br \/>\nFilm: \u00c7i\u00e7ek Abbas<br \/>\nYer: Kuzeykent Mahalle Muhtarl\u0131\u011f\u0131 yan\u0131<br \/>\nTarih: 28 A\u011fustos Pazar<br \/>\nSaat: 21.00<br \/>\nFilm: K\u0131rm\u0131z\u0131 Papu\u00e7lar ve Yedi C\u00fcceler<br \/>\nYer: Kuzeykent Mahalle Muhtarl\u0131\u011f\u0131 yan\u0131<\/p>\n","protected":false},"excerpt":{"rendered":"<p>Mersin Yeni\u015fehir Belediyesi, vatanda\u015flar\u0131n nostaljik filmlerle keyifli bir yaz ak\u015fam\u0131 ge\u00e7irmelerini sa\u011flamak amac\u0131yla mahallelere a\u00e7\u0131k hava sinemas\u0131 kuruyor. Bu kapsamda \u00c7i\u00e7ek Abbas, Ya\u015far Ne Ya\u015far Ne Ya\u015famaz, Nereye Bak\u0131yor Bu &hellip; <a href=\"https:\/\/akdenizolaygazetesi.com\/?p=20390\" class=\"more-link\">Devam\u0131n\u0131 Oku&#8230;<\/a><\/p>\n","protected":false},"author":2,"featured_media":20391,"comment_status":"open","ping_status":"open","sticky":false,"template":"","format":"standard","meta":[],"categories":[3,5],"tags":[],"_links":{"self":[{"href":"https:\/\/akdenizolaygazetesi.com\/index.php?rest_route=\/wp\/v2\/posts\/20390"}],"collection":[{"href":"https:\/\/akdenizolaygazetesi.com\/index.php?rest_route=\/wp\/v2\/posts"}],"about":[{"href":"https:\/\/akdenizolaygazetesi.com\/index.php?rest_route=\/wp\/v2\/types\/post"}],"author":[{"embeddable":true,"href":"https:\/\/akdenizolaygazetesi.com\/index.php?rest_route=\/wp\/v2\/users\/2"}],"replies":[{"embeddable":true,"href":"https:\/\/akdenizolaygazetesi.com\/index.php?rest_route=%2Fwp%2Fv2%2Fcomments&post=20390"}],"version-history":[{"count":1,"href":"https:\/\/akdenizolaygazetesi.com\/index.php?rest_route=\/wp\/v2\/posts\/20390\/revisions"}],"predecessor-version":[{"id":20392,"href":"https:\/\/akdenizolaygazetesi.com\/index.php?rest_route=\/wp\/v2\/posts\/20390\/revisions\/20392"}],"wp:featuredmedia":[{"embeddable":true,"href":"https:\/\/akdenizolaygazetesi.com\/index.php?rest_route=\/wp\/v2\/media\/20391"}],"wp:attachment":[{"href":"https:\/\/akdenizolaygazetesi.com\/index.php?rest_route=%2Fwp%2Fv2%2Fmedia&parent=20390"}],"wp:term":[{"taxonomy":"category","embeddable":true,"href":"https:\/\/akdenizolaygazetesi.com\/index.php?rest_route=%2Fwp%2Fv2%2Fcategories&post=20390"},{"taxonomy":"post_tag","embeddable":true,"href":"https:\/\/akdenizolaygazetesi.com\/index.php?rest_route=%2Fwp%2Fv2%2Ftags&post=20390"}],"curies":[{"name":"wp","href":"https:\/\/api.w.org\/{rel}","templated":true}]}}