{"id":20393,"date":"2022-08-15T12:48:46","date_gmt":"2022-08-15T09:48:46","guid":{"rendered":"http:\/\/akdenizolaygazetesi.com\/?p=20393"},"modified":"2022-08-15T12:48:46","modified_gmt":"2022-08-15T09:48:46","slug":"mersinde-igne-oyalari-gorucuye-cikiyor","status":"publish","type":"post","link":"https:\/\/akdenizolaygazetesi.com\/?p=20393","title":{"rendered":"MERS\u0130N&#8217;DE \u0130\u011eNE OYALARI G\u00d6R\u00dcC\u00dcYE \u00c7IKIYOR"},"content":{"rendered":"<p>Toroslar Belediyesi, renkli bir festivale daha imza atacak. K\u00fclt\u00fcrel miras\u0131m\u0131z olan i\u011fne oyas\u0131 sanat\u0131, \u0130\u011fne Oyas\u0131 Festivali ile g\u00fcn y\u00fcz\u00fcne \u00e7\u0131k\u0131yor.<\/p>\n<p>Mersin&#8217;in merkez il\u00e7esi Toroslar Belediyesinin, \u00c7aml\u0131yayla Belediyesi ile ortakla\u015fa d\u00fczenleyece\u011fi &#8220;6. Geleneksel \u00c7aml\u0131yayla \u0130\u011fne Oyas\u0131 Festivali&#8221;; 17-21 A\u011fustos tarihleri aras\u0131nda \u00c7aml\u0131yayla ve Toroslar&#8217;da yap\u0131lacak.<\/p>\n<p>Geleneksel olarak yazma, boh\u00e7a, havlu, \u00e7ar\u015faf kenarlar\u0131nda kullan\u0131lan, g\u00fcn\u00fcm\u00fczde tak\u0131 tasar\u0131mlar\u0131na ve k\u0131yafetlere de ayr\u0131 bir renk katan i\u011fne oyalar\u0131, 4 g\u00fcn s\u00fcrecek festival ile Mersinlilerin be\u011fenisine sunulacak.<\/p>\n<p>&#8220;Festival, 17 A\u011fustos&#8217;ta \u00c7aml\u0131yayla&#8217;da Ba\u015fl\u0131yor&#8221;<\/p>\n<p>El eme\u011fi g\u00f6z nuru i\u011fne oyalar\u0131n\u0131n gelecek nesillere tan\u0131t\u0131lmas\u0131n\u0131n da hedeflendi\u011fi festival, 17 A\u011fustos \u00c7ar\u015famba g\u00fcn\u00fc saat 16.00&#8217;da \u00c7aml\u0131yayla \u0130l\u00e7esinin Zevzek Tepesi&#8217;nde ba\u015flayacak.<\/p>\n<p>Sergiler, halk oyunlar\u0131 g\u00f6sterileri, defile ve konserlerin yer alaca\u011f\u0131 festivalin a\u00e7\u0131l\u0131\u015f\u0131nda Ankaral\u0131 Ay\u015fe konser verecek. \u00c7aml\u0131yayla&#8217;daki etkinlikler, yine Zevzek Tepesi&#8217;nde 18 A\u011fustos Per\u015fembe g\u00fcn\u00fc Y\u00f6r\u00fcko\u011flu Selim konseri ile devam edecek.<\/p>\n<p>&#8220;Toroslar&#8217;da, \u00dcnl\u00fc Sanat\u00e7\u0131 Orhan Hakalmaz ve Y\u00f6r\u00fcko\u011flu Selim Sahne Alacak&#8221;<\/p>\n<p>Toroslar Belediyesi Teknik ve Mesleki E\u011fitim Kurslar\u0131&#8217;nda(TORTEK),\u00fcreterek aile ekonomisine katk\u0131 sa\u011flayan kad\u0131nlar taraf\u0131ndan yap\u0131lan i\u011fne oyalar\u0131 da 20 ve 21 A\u011fustos tarihlerinde So\u011fucak Mahallesi&#8217;ndeki G\u00fcre\u015f Alan\u0131nda g\u00f6r\u00fcc\u00fcye \u00e7\u0131kacak.<\/p>\n<p>Toroslar&#8217;da, 20 A\u011fustos Cumartesi g\u00fcn\u00fc saat 16.00&#8217;da ba\u015flayacak kortej y\u00fcr\u00fcy\u00fc\u015f\u00fc, halk oyunlar\u0131 g\u00f6sterileri ve defilelerin yer alaca\u011f\u0131 etkinlikler; Y\u00f6r\u00fcko\u011flu Selim Konseri ile devam edecek.<\/p>\n<p>Festival, T\u00fcrk Halk M\u00fczi\u011fi Sanat\u00e7\u0131s\u0131 Orhan Hakalmaz&#8217;\u0131n 21 A\u011fustos Pazar g\u00fcn\u00fc sahne alaca\u011f\u0131 konser ile son bulacak. \u00dcnl\u00fc Sanat\u00e7\u0131 Hakalmaz, sevilen t\u00fcrk\u00fclerini Mersinliler i\u00e7in seslendirecek.<\/p>\n<p>Ba\u015fkan Y\u0131lmaz; &#8220;Gelene\u011fimiz olan \u0130\u011fne Oyalar\u0131, Aile Ekonomisine de B\u00fcy\u00fck Katk\u0131 Sa\u011fl\u0131yor&#8221;<\/p>\n<p>Toroslar Belediye Ba\u015fkan\u0131 Ats\u0131z Af\u015f\u0131n Y\u0131lmaz, t\u00fcm hem\u015fehrilerini \u00c7aml\u0131yayla Belediyesi ile ortakla\u015fa d\u00fczenleyecekleri 6. Geleneksel \u00c7aml\u0131yayla \u0130\u011fne Oyas\u0131 Festivali&#8217;ne davet etti.<\/p>\n<p>E\u011fitim ve \u00fcretimi bir arada sunduklar\u0131 TORTEK Merkezi ile el sanatlar\u0131n\u0131 ya\u015fatmaya devam ettiklerini belirten Ba\u015fkan Y\u0131lmaz; &#8220;Kad\u0131n berekettir, kad\u0131n \u00fcretkendir diyerek \u00dcreten Toroslar hedefi ile \u00e7al\u0131\u015fmalar\u0131m\u0131z\u0131 s\u00fcrd\u00fcr\u00fcyoruz. \u0130stihdam\u0131 te\u015fvik eden \u00e7al\u0131\u015fmalar\u0131m\u0131z\u0131n yan\u0131 s\u0131ra \u00fcretim s\u00fcrecindeki kad\u0131nlar\u0131n desteklenmesine de a\u011f\u0131rl\u0131k veriyoruz. 46 bran\u015ftaki Teknik ve Mesleki E\u011fitim kurslar\u0131m\u0131z (TORTEK) ve bir\u00e7ok projemizle kad\u0131nlar\u0131m\u0131z\u0131n yan\u0131nda olduk ve olmaya devam ediyoruz. Kad\u0131nlar\u0131n hem gelene\u011fimizi ya\u015fatt\u0131klar\u0131 hem de aile ekonomilerine katk\u0131da bulunduklar\u0131 el sanatlar\u0131 \u00fcr\u00fcnlerinin ba\u015f\u0131nda i\u011fne oyas\u0131 gelmektedir. Bu k\u00fclt\u00fcrel miras\u0131m\u0131z\u0131 gelecek nesillere aktarmay\u0131 ve t\u00fcm d\u00fcnyaya tan\u0131tmay\u0131 ama\u00e7l\u0131yoruz. Bu anlamda \u00c7aml\u0131yayla Belediyemizin geleneksel olarak d\u00fczenledi\u011fi \u00c7aml\u0131yayla \u0130\u011fne Oyas\u0131 Festivali&#8217;ne destek veriyoruz. \u00c7aml\u0131yayla ve Toroslar\u0131m\u0131zda 4 g\u00fcn s\u00fcrecek etkinliklere t\u00fcm hem\u015fehrilerimizi bekliyoruz&#8221; \u015feklinde konu\u015ftu.<\/p>\n","protected":false},"excerpt":{"rendered":"<p>Toroslar Belediyesi, renkli bir festivale daha imza atacak. K\u00fclt\u00fcrel miras\u0131m\u0131z olan i\u011fne oyas\u0131 sanat\u0131, \u0130\u011fne Oyas\u0131 Festivali ile g\u00fcn y\u00fcz\u00fcne \u00e7\u0131k\u0131yor. Mersin&#8217;in merkez il\u00e7esi Toroslar Belediyesinin, \u00c7aml\u0131yayla Belediyesi ile ortakla\u015fa &hellip; <a href=\"https:\/\/akdenizolaygazetesi.com\/?p=20393\" class=\"more-link\">Devam\u0131n\u0131 Oku&#8230;<\/a><\/p>\n","protected":false},"author":2,"featured_media":20394,"comment_status":"open","ping_status":"open","sticky":false,"template":"","format":"standard","meta":[],"categories":[8,1,3,5],"tags":[],"_links":{"self":[{"href":"https:\/\/akdenizolaygazetesi.com\/index.php?rest_route=\/wp\/v2\/posts\/20393"}],"collection":[{"href":"https:\/\/akdenizolaygazetesi.com\/index.php?rest_route=\/wp\/v2\/posts"}],"about":[{"href":"https:\/\/akdenizolaygazetesi.com\/index.php?rest_route=\/wp\/v2\/types\/post"}],"author":[{"embeddable":true,"href":"https:\/\/akdenizolaygazetesi.com\/index.php?rest_route=\/wp\/v2\/users\/2"}],"replies":[{"embeddable":true,"href":"https:\/\/akdenizolaygazetesi.com\/index.php?rest_route=%2Fwp%2Fv2%2Fcomments&post=20393"}],"version-history":[{"count":1,"href":"https:\/\/akdenizolaygazetesi.com\/index.php?rest_route=\/wp\/v2\/posts\/20393\/revisions"}],"predecessor-version":[{"id":20395,"href":"https:\/\/akdenizolaygazetesi.com\/index.php?rest_route=\/wp\/v2\/posts\/20393\/revisions\/20395"}],"wp:featuredmedia":[{"embeddable":true,"href":"https:\/\/akdenizolaygazetesi.com\/index.php?rest_route=\/wp\/v2\/media\/20394"}],"wp:attachment":[{"href":"https:\/\/akdenizolaygazetesi.com\/index.php?rest_route=%2Fwp%2Fv2%2Fmedia&parent=20393"}],"wp:term":[{"taxonomy":"category","embeddable":true,"href":"https:\/\/akdenizolaygazetesi.com\/index.php?rest_route=%2Fwp%2Fv2%2Fcategories&post=20393"},{"taxonomy":"post_tag","embeddable":true,"href":"https:\/\/akdenizolaygazetesi.com\/index.php?rest_route=%2Fwp%2Fv2%2Ftags&post=20393"}],"curies":[{"name":"wp","href":"https:\/\/api.w.org\/{rel}","templated":true}]}}