{"id":20405,"date":"2022-08-16T12:59:32","date_gmt":"2022-08-16T09:59:32","guid":{"rendered":"http:\/\/akdenizolaygazetesi.com\/?p=20405"},"modified":"2022-08-16T12:59:32","modified_gmt":"2022-08-16T09:59:32","slug":"chpli-antmen-karsilastirmali-gida-urun-fiyat-tablosu-yayinladi","status":"publish","type":"post","link":"https:\/\/akdenizolaygazetesi.com\/?p=20405","title":{"rendered":"CHP\u2019L\u0130 ANTMEN KAR\u015eILA\u015eTIRMALI GIDA \u00dcR\u00dcN F\u0130YAT TABLOSU YAYINLADI"},"content":{"rendered":"<p>AKP&#8217;li Cumhurba\u015fkan\u0131 Recep Tayyip Erdo\u011fan, ge\u00e7ti\u011fimiz g\u00fcnlerde yapt\u0131\u011f\u0131 a\u00e7\u0131klamada, Tar\u0131m Kredi Kooperatifleri marketlerinde 15 A\u011fustos&#8217;ta indirime gidilece\u011fini duyurmu\u015ftu. Ancak indirime gidilece\u011fi s\u00f6ylenen bir\u00e7ok \u00fcr\u00fcne indirim yerine zam geldi\u011fi g\u00f6r\u00fcld\u00fc.<\/p>\n<p>CHP Mersin Milletvekili Alpay Antmen, Mersin&#8217;de inceledi\u011fi 2 Tar\u0131m Kredi Kooperatifi marketinde bulunan \u00fcr\u00fcnlerin zincir marketlerden daha pahal\u0131 oldu\u011funu s\u00f6yledi. Antmen, &#8220;S\u00f6zde indirim ba\u015flayacakt\u0131. Buradaki et \u00fcr\u00fcnleri kasaplarla ayn\u0131 fiyatlarda. 2-3 \u00fcr\u00fcnde sembolik indirimler var. Onun d\u0131\u015f\u0131nda indirim g\u00f6remiyoruz. L\u00fctfen halk\u0131 kand\u0131rmay\u0131n. Cumhurba\u015fkan\u0131 Say\u0131n Recep Tayyip Erdo\u011fan halk\u0131 kand\u0131rmaktan vazge\u00e7meli. \u00c7ift\u00e7inin mal\u0131 olan kredi kooperatiflerini kendi siyasi alg\u0131 operasyonlar\u0131na alet etmemeliler&#8221; dedi.<\/p>\n<p>Alpay Antmen, Mersin&#8217;de Tar\u0131m Kredi Kooperatif marketlerinde incelemelerde bulundu. Temel g\u0131da ve temizlik \u00fcr\u00fcnlerini tek tek inceleyen CHP&#8217;li Vekil, kredi marketlerindeki fiyatlarla, zincir marketteki ayn\u0131 \u00fcr\u00fcnlerin fiyatlar\u0131n\u0131 kar\u015f\u0131la\u015ft\u0131rd\u0131. Konuyla ilgili olarak kar\u015f\u0131la\u015ft\u0131rmal\u0131 bir tablo yay\u0131nlayan Alpay Antmen&#8217;in verdi\u011fi bilgilerden baz\u0131lar\u0131 \u015fu \u015fekilde;<\/p>\n<p>&#8220;OMO 5.5 Kilo deterjan Tar\u0131m Kredide 99 lira, ayn\u0131 5.5 kiloluk OMO deterjan Migros&#8217;ta 93 lira. Bir kiloluk baldo pirin\u00e7 kredi markette 25.65 lirayken, ayn\u0131 baldo pirin\u00e7 Migros&#8217;ta 24 lira. Be\u015f y\u00fcz graml\u0131k Marmarabirlik zeytin tar\u0131m kredi marketinde 33.90 lira iken, ayn\u0131 \u00fcr\u00fcn A 101&#8217;de 26 lira. Bir litrelik zeytinya\u011f\u0131 kredi markette 72 lira iken, bu \u00fcr\u00fcn A 101&#8217;de 59.95 lira. 350 graml\u0131k s\u00fczme \u00e7i\u00e7ek bal tar\u0131m kredi kooperatifi marketinde 69 lirayken, 460 graml\u0131k s\u00fczme \u00e7i\u00e7ek bal \u015eOK markette 36 lira&#8221;<\/p>\n","protected":false},"excerpt":{"rendered":"<p>AKP&#8217;li Cumhurba\u015fkan\u0131 Recep Tayyip Erdo\u011fan, ge\u00e7ti\u011fimiz g\u00fcnlerde yapt\u0131\u011f\u0131 a\u00e7\u0131klamada, Tar\u0131m Kredi Kooperatifleri marketlerinde 15 A\u011fustos&#8217;ta indirime gidilece\u011fini duyurmu\u015ftu. Ancak indirime gidilece\u011fi s\u00f6ylenen bir\u00e7ok \u00fcr\u00fcne indirim yerine zam geldi\u011fi g\u00f6r\u00fcld\u00fc. CHP &hellip; <a href=\"https:\/\/akdenizolaygazetesi.com\/?p=20405\" class=\"more-link\">Devam\u0131n\u0131 Oku&#8230;<\/a><\/p>\n","protected":false},"author":2,"featured_media":20406,"comment_status":"open","ping_status":"open","sticky":false,"template":"","format":"standard","meta":[],"categories":[8,2,3],"tags":[],"_links":{"self":[{"href":"https:\/\/akdenizolaygazetesi.com\/index.php?rest_route=\/wp\/v2\/posts\/20405"}],"collection":[{"href":"https:\/\/akdenizolaygazetesi.com\/index.php?rest_route=\/wp\/v2\/posts"}],"about":[{"href":"https:\/\/akdenizolaygazetesi.com\/index.php?rest_route=\/wp\/v2\/types\/post"}],"author":[{"embeddable":true,"href":"https:\/\/akdenizolaygazetesi.com\/index.php?rest_route=\/wp\/v2\/users\/2"}],"replies":[{"embeddable":true,"href":"https:\/\/akdenizolaygazetesi.com\/index.php?rest_route=%2Fwp%2Fv2%2Fcomments&post=20405"}],"version-history":[{"count":1,"href":"https:\/\/akdenizolaygazetesi.com\/index.php?rest_route=\/wp\/v2\/posts\/20405\/revisions"}],"predecessor-version":[{"id":20407,"href":"https:\/\/akdenizolaygazetesi.com\/index.php?rest_route=\/wp\/v2\/posts\/20405\/revisions\/20407"}],"wp:featuredmedia":[{"embeddable":true,"href":"https:\/\/akdenizolaygazetesi.com\/index.php?rest_route=\/wp\/v2\/media\/20406"}],"wp:attachment":[{"href":"https:\/\/akdenizolaygazetesi.com\/index.php?rest_route=%2Fwp%2Fv2%2Fmedia&parent=20405"}],"wp:term":[{"taxonomy":"category","embeddable":true,"href":"https:\/\/akdenizolaygazetesi.com\/index.php?rest_route=%2Fwp%2Fv2%2Fcategories&post=20405"},{"taxonomy":"post_tag","embeddable":true,"href":"https:\/\/akdenizolaygazetesi.com\/index.php?rest_route=%2Fwp%2Fv2%2Ftags&post=20405"}],"curies":[{"name":"wp","href":"https:\/\/api.w.org\/{rel}","templated":true}]}}