{"id":20408,"date":"2022-08-16T13:01:02","date_gmt":"2022-08-16T10:01:02","guid":{"rendered":"http:\/\/akdenizolaygazetesi.com\/?p=20408"},"modified":"2022-08-16T13:01:02","modified_gmt":"2022-08-16T10:01:02","slug":"baskan-secer-akdenizin-tozunu-alan-modern-yollari-gezdi","status":"publish","type":"post","link":"https:\/\/akdenizolaygazetesi.com\/?p=20408","title":{"rendered":"BA\u015eKAN SE\u00c7ER, AKDEN\u0130Z&#8217;\u0130N TOZUNU ALAN MODERN YOLLARI GEZD\u0130"},"content":{"rendered":"<p>Anamur&#8217;dan Tarsus&#8217;a kadar vatanda\u015fa her konuda e\u015fit ve adil hizmet g\u00f6t\u00fcrmeyi temel prensip olarak kabul eden Mersin B\u00fcy\u00fck\u015fehir Belediyesi, uzun zamand\u0131r hizmet bekleyen Akdeniz il\u00e7esinde de \u00e7al\u0131\u015fmalar\u0131n\u0131 aral\u0131ks\u0131z s\u00fcrd\u00fcr\u00fcyor. Akdeniz il\u00e7esinin \u00c7ay, \u00c7ilek ve \u00d6zg\u00fcrl\u00fck Mahalleleri&#8217;nde tamamlan\u0131p trafi\u011fe a\u00e7\u0131lan ve yap\u0131m\u0131 s\u00fcren yollar\u0131 inceleyen Ba\u015fkan Se\u00e7er, yap\u0131lan \u00e7al\u0131\u015fmalardan b\u00fcy\u00fck memnuniyet duyan vatanda\u015flarla yapt\u0131\u011f\u0131 sohbette, &#8220;Bu b\u00f6lgeler, tarihinde g\u00f6rmedi\u011fi teknik hizmeti ald\u0131&#8221; dedi.<br \/>\nAkdeniz il\u00e7esindeki yol incelemeleri ve esnaf ziyaretine; Ba\u015fkan Se\u00e7er&#8217;in yan\u0131 s\u0131ra B\u00fcy\u00fck\u015fehir Belediyesi Genel Sekreteri Olcay Tok, MESK\u0130 b\u00fcrokratlar\u0131, daire ba\u015fkanlar\u0131 ve muhtarlar da kat\u0131ld\u0131.<br \/>\nModern yollarla Akdeniz&#8217;in \u00e7ehresi de\u011fi\u015fiyor<br \/>\n3 mahallede y\u00fcr\u00fct\u00fclen yol \u00e7al\u0131\u015fmalar\u0131nda 138. ve 139. Caddeler modern bir teknik yap\u0131yla tamamlan\u0131p trafi\u011fe a\u00e7\u0131ld\u0131. 136. Cadde&#8217;de ise \u00e7al\u0131\u015fmalar devam ediyor. 136. Cadde&#8217;nin ard\u0131ndan, \u00c7ilek Mahallesi Abdi \u0130pek\u00e7i Caddesi&#8217;nde \u00e7al\u0131\u015fmalar ba\u015flayacak. Ba\u015fkan Se\u00e7er, s\u00fcratle s\u00fcrd\u00fcr\u00fclen \u00e7al\u0131\u015fmalar\u0131 yerinde inceleyerek, \u00d6zg\u00fcrl\u00fck Mahallesi&#8217;ndeki 4. B\u00f6lge Pazartesi Pazar\u0131 ve \u00c7ilek Mahallesi Abdi \u0130pek\u00e7i Caddesi esnaf\u0131n\u0131 ziyaret etti. Uzun zamand\u0131r bozuk olan yollardan dolay\u0131 yo\u011fun tozlanma ile m\u00fccadele ettiklerini belirten mahalle sakinleri, il\u00e7eye kazand\u0131r\u0131lan hizmetler i\u00e7in Ba\u015fkan Se\u00e7er&#8217;e te\u015fekk\u00fcr ettiler.<br \/>\n&#8220;\u0130l\u00e7e Belediyesi&#8217;nin sorumlulu\u011fundaki i\u015fleri de biz yapt\u0131k&#8221;<br \/>\n\u00d6zg\u00fcrl\u00fck Mahallesi 136. Cadde&#8217;yi inceledikten sonra \u00e7al\u0131\u015fmalar hakk\u0131nda bilgi veren Ba\u015fkan Se\u00e7er, &#8220;\u00d6zg\u00fcrl\u00fck, \u00c7ay ve \u00c7ilek Mahalleleri&#8217;nde 51 lokasyonu B\u00fcy\u00fck\u015fehir&#8217;e ait olmak \u00fczere, toplam 169 lokasyonda \u00e7al\u0131\u015fma yapt\u0131k. 118 lokasyon asl\u0131nda il\u00e7e belediyesine aitti. Yani buran\u0131n Akdeniz Belediyesi&#8217;ne ait oldu\u011funu d\u00fc\u015f\u00fcn\u00fcrseniz, MESK\u0130 \u00e7al\u0131\u015fmalar\u0131ndan sonra, Akdeniz Belediyesi&#8217;nin sorumlulu\u011funda olup yapamad\u0131\u011f\u0131 ya da yapmak istemedi\u011fi \u00e7al\u0131\u015fmalar\u0131 da biz \u00fcstlendik. Ara sokaklara kadar girdik. Toplamda 3 mahallede 80 bin ton asfalt kulland\u0131k, 53 bin metrekare de kald\u0131r\u0131m \u00e7al\u0131\u015fmas\u0131n\u0131n alt\u0131na imza att\u0131k&#8221; diye konu\u015ftu. Bu b\u00f6lgelerin tarihinde g\u00f6rmedi\u011fi teknik hizmeti ald\u0131\u011f\u0131n\u0131; burada yap\u0131lan yollar\u0131n, g\u00fcn\u00fc kurtarmak ya da yasak savmak i\u00e7in yap\u0131lan i\u015fler olmad\u0131\u011f\u0131na vurgu yapan Ba\u015fkan Se\u00e7er, &#8220;Burada 10 ayr\u0131 caddede yenileme \u00e7al\u0131\u015fmalar\u0131 yapt\u0131k. Her caddenin kendine g\u00f6re bir \u00f6zelli\u011fi var. Bunlardan 134, 136, 138, 144 ve 152. Caddeler, yo\u011fun ve a\u011f\u0131r y\u00fck ta\u015f\u0131tlar\u0131n\u0131n seyir halinde oldu\u011fu caddeler. \u00c7\u00fcnk\u00fc burada \u00e7ok say\u0131da b\u00fcy\u00fck lojistik, bakliyat ve benzeri i\u015fletmeler var. Buralara gelen ara\u00e7lar da y\u00fcksek tonajl\u0131 ara\u00e7lar ve zaman i\u00e7inde yola zarar veriyorlar. Bundan dolay\u0131 biz bu caddelerde kaliteli, dayan\u0131kl\u0131, uzun y\u0131llara sarih herhangi bir problem yaratmayacak teknik bir imalat yapt\u0131k&#8221; dedi.<br \/>\n&#8220;Y\u0131llard\u0131r ya\u015fanan sorunlar, bu \u00e7al\u0131\u015fmalarla ortadan kalk\u0131yor&#8221;<br \/>\n\u00d6zg\u00fcrl\u00fck Mahalle Muhtar\u0131 ile birlikte yol \u00e7al\u0131\u015fmas\u0131n\u0131 inceleyen Ba\u015fkan Se\u00e7er, &#8220;\u00d6zg\u00fcrl\u00fck Mahalle Muhtar\u0131m\u0131z&#8217;dan, buradaki \u00e7al\u0131\u015fmalar hakk\u0131nda bilgi ald\u0131m. Mahalleli olarak son derece memnunlar.  \u00c7\u00fcnk\u00fc uzun s\u00fcredir ya\u015fanan bu sorunlar, yap\u0131lan bu \u00e7al\u0131\u015fmalarla ortadan kalkm\u0131\u015f olacak. Bu \u00e7al\u0131\u015fma bittikten sonra, \u00c7ilek Mahallesi Abdi \u0130pek\u00e7i Caddesi&#8217;ne ge\u00e7ece\u011fiz. Orada Bekirde Yolu olarak and\u0131\u011f\u0131m\u0131z b\u00f6lgede, 800 metrelik \u00e7ok yo\u011fun bir g\u00fczergahta \u00e7al\u0131\u015fmam\u0131z olacak&#8221; diye konu\u015ftu.<br \/>\n&#8220;Acil ihtiyac\u0131 olan yerlere \u00f6ncelik veriyoruz&#8221;<br \/>\nMersin&#8217;in d\u00f6rt bir yan\u0131na adaletli ve e\u015fit hizmet g\u00f6t\u00fcrmek ilkesiyle hareket ettiklerini s\u00f6zlerine ekleyen Ba\u015fkan Se\u00e7er, &#8220;\u00d6zellikle bug\u00fcne kadar hizmet almakta s\u0131k\u0131nt\u0131 ya\u015fam\u0131\u015f b\u00f6lgelere belki pozitif ayr\u0131mc\u0131l\u0131k yap\u0131labilir, ama genel anlamda bakt\u0131\u011f\u0131n\u0131z zaman, ihtiyac\u0131 \u00f6ncelikli olarak tespit edilen yerlerde bu \u00e7al\u0131\u015fmalar yap\u0131l\u0131yor, yap\u0131lmaya da devam edecek&#8221; ifadelerini kulland\u0131.<\/p>\n","protected":false},"excerpt":{"rendered":"<p>Anamur&#8217;dan Tarsus&#8217;a kadar vatanda\u015fa her konuda e\u015fit ve adil hizmet g\u00f6t\u00fcrmeyi temel prensip olarak kabul eden Mersin B\u00fcy\u00fck\u015fehir Belediyesi, uzun zamand\u0131r hizmet bekleyen Akdeniz il\u00e7esinde de \u00e7al\u0131\u015fmalar\u0131n\u0131 aral\u0131ks\u0131z s\u00fcrd\u00fcr\u00fcyor. Akdeniz &hellip; <a href=\"https:\/\/akdenizolaygazetesi.com\/?p=20408\" class=\"more-link\">Devam\u0131n\u0131 Oku&#8230;<\/a><\/p>\n","protected":false},"author":2,"featured_media":20409,"comment_status":"open","ping_status":"open","sticky":false,"template":"","format":"standard","meta":[],"categories":[2,3,5],"tags":[],"_links":{"self":[{"href":"https:\/\/akdenizolaygazetesi.com\/index.php?rest_route=\/wp\/v2\/posts\/20408"}],"collection":[{"href":"https:\/\/akdenizolaygazetesi.com\/index.php?rest_route=\/wp\/v2\/posts"}],"about":[{"href":"https:\/\/akdenizolaygazetesi.com\/index.php?rest_route=\/wp\/v2\/types\/post"}],"author":[{"embeddable":true,"href":"https:\/\/akdenizolaygazetesi.com\/index.php?rest_route=\/wp\/v2\/users\/2"}],"replies":[{"embeddable":true,"href":"https:\/\/akdenizolaygazetesi.com\/index.php?rest_route=%2Fwp%2Fv2%2Fcomments&post=20408"}],"version-history":[{"count":1,"href":"https:\/\/akdenizolaygazetesi.com\/index.php?rest_route=\/wp\/v2\/posts\/20408\/revisions"}],"predecessor-version":[{"id":20410,"href":"https:\/\/akdenizolaygazetesi.com\/index.php?rest_route=\/wp\/v2\/posts\/20408\/revisions\/20410"}],"wp:featuredmedia":[{"embeddable":true,"href":"https:\/\/akdenizolaygazetesi.com\/index.php?rest_route=\/wp\/v2\/media\/20409"}],"wp:attachment":[{"href":"https:\/\/akdenizolaygazetesi.com\/index.php?rest_route=%2Fwp%2Fv2%2Fmedia&parent=20408"}],"wp:term":[{"taxonomy":"category","embeddable":true,"href":"https:\/\/akdenizolaygazetesi.com\/index.php?rest_route=%2Fwp%2Fv2%2Fcategories&post=20408"},{"taxonomy":"post_tag","embeddable":true,"href":"https:\/\/akdenizolaygazetesi.com\/index.php?rest_route=%2Fwp%2Fv2%2Ftags&post=20408"}],"curies":[{"name":"wp","href":"https:\/\/api.w.org\/{rel}","templated":true}]}}