{"id":20414,"date":"2022-08-16T16:51:33","date_gmt":"2022-08-16T13:51:33","guid":{"rendered":"http:\/\/akdenizolaygazetesi.com\/?p=20414"},"modified":"2022-08-16T16:51:33","modified_gmt":"2022-08-16T13:51:33","slug":"doga-kaynakli-afetler-ulkemizde-yaralar-acmaya-devam-ediyor","status":"publish","type":"post","link":"https:\/\/akdenizolaygazetesi.com\/?p=20414","title":{"rendered":"\u2018DO\u011eA KAYNAKLI AFETLER \u00dcLKEM\u0130ZDE YARALAR A\u00c7MAYA DEVAM ED\u0130YOR\u2019"},"content":{"rendered":"<p>TMMOB Jeoloji M\u00fch. Odas\u0131 Mersin \u0130l Temsilcisi Jeoloji Y\u00fck. M\u00fchendisi Erkan Demir, Jeoloji M\u00fchendisleri Odas\u0131 olarak ad\u0131na &#8220;17 A\u011fustos 1999 Depremi Y\u0131ld\u00f6n\u00fcm\u00fc\u2019nde&#8221; bas\u0131n a\u00e7\u0131klamas\u0131nda bulundu.<\/p>\n<p>17 A\u011fustos 1999 tarihinde, saat 03:02&#8217;de G\u00f6lc\u00fck\/ Kocaeli\u2019de meydana gelen 7.6 b\u00fcy\u00fckl\u00fc\u011f\u00fcndeki depremin, Kocaeli, Sakarya, D\u00fczce, \u0130stanbul, Yalova ve Bolu illerinde resmi rakamlara g\u00f6re 18 bin 373 ki\u015finin ya\u015fam\u0131n\u0131 yitirmesine, yakla\u015f\u0131k 50 bin ki\u015finin yaralanmas\u0131na, 375 bin konut ve i\u015fyerinin y\u0131k\u0131lmas\u0131 veya hasar g\u00f6rmesine neden oldu\u011funu hat\u0131rlatarak, \u201cBu b\u00fcy\u00fck felaketin \u00fczerinden 23 y\u0131l ge\u00e7mi\u015f olmas\u0131na ra\u011fmen \u00fclkemizde yeterli tedbirlerin al\u0131nmamas\u0131 nedeniyle sadece depremler de\u011fil \u00e7ok say\u0131da do\u011fa kaynakl\u0131 afet her y\u0131l y\u00fczlerce yurtta\u015f\u0131m\u0131z\u0131n can kayb\u0131na, milyarlarca lira ekonomik kay\u0131plara neden olmaya devam ediyor. \u00dclkemiz, bulundu\u011fu co\u011frafyan\u0131n jeolojik, jeomorfolojik ve tektonik yap\u0131s\u0131 gere\u011fi depremler ba\u015fta olmak \u00fczere heyelan, kaya d\u00fc\u015fmesi, sel, ta\u015fk\u0131n, \u00e7\u0131\u011f d\u00fc\u015fmesi, volkanik aktiviteler, oturma-\u00e7\u00f6kme, obruk, t\u0131bbi jeolojik riskler gibi jeolojik ve hidrolojik k\u00f6kenli afetlerin yan\u0131 s\u0131ra kurakl\u0131k, f\u0131rt\u0131na, hortum, a\u015f\u0131r\u0131 s\u0131cakl\u0131k ve kar ya\u011f\u0131\u015f\u0131 gibi meteorolojik afetler ile y\u00fczey ve yeralt\u0131 yang\u0131nlar\u0131, Covid-19 ba\u015fta olmak \u00fczere salg\u0131n hastal\u0131klar, \u00e7ekirge ve t\u0131rt\u0131l istilas\u0131,  musilaj gibi biyolojik afetlerin etkisinde alt\u0131nda ya\u015famaya devam ediyor.\u201d dedi.<\/p>\n<p>\u201cAfet fark\u0131ndal\u0131\u011f\u0131 y\u00fcksek bir toplumu yaratmak ve bu yolda ilerlemek zorunday\u0131z\u201d<\/p>\n<p>Her ne kadar son bir y\u0131ll\u0131k s\u00fcre\u00e7te hasar yaratacak b\u00fcy\u00fckl\u00fckte bir deprem ya\u015fanmam\u0131\u015fsa da, ba\u015fta Karadeniz B\u00f6lgesi olmak \u00fczere \u00fclkenin farkl\u0131 b\u00f6lgelerindeki a\u015f\u0131r\u0131 ya\u011f\u0131\u015flar\u0131n neden oldu\u011fu sel, ta\u015fk\u0131n, heyelan ve kaya d\u00fc\u015fmeleri, farkl\u0131 kentlerde ya\u015fanan orman yang\u0131nlar\u0131, Covid-19 salg\u0131n\u0131, Trakya B\u00f6lgesi\u2019nde g\u00f6r\u00fclen \u00e7ay\u0131r t\u0131rt\u0131l\u0131, G\u00fcneydo\u011fu ve Do\u011fu Anadolu\u2019nun baz\u0131 kentlerinde g\u00f6r\u00fclen \u00e7ekirge istilas\u0131 gibi biyolojik ve f\u0131rt\u0131na, kurakl\u0131k, a\u015f\u0131r\u0131 s\u0131cakl\u0131k veya a\u015f\u0131r\u0131 kar ya\u011f\u0131\u015f\u0131 gibi meteorolojik afetler nedeniyle \u00e7ok say\u0131da insan\u0131n ya\u015fam\u0131n\u0131 yitirdi\u011fini, binlerce konut veya i\u015f yerinin y\u0131k\u0131ld\u0131\u011f\u0131n\u0131 veya hasar g\u00f6rd\u00fc\u011f\u00fcn\u00fc milyarlarca liray\u0131 bulan ekonomik kay\u0131plar ya\u015fand\u0131\u011f\u0131n\u0131 belirterek, \u201c\u0130\u00e7i\u015fleri Bakanl\u0131\u011f\u0131 sadece Haziran-2022 ay\u0131nda D\u00fczce, Bolu, Karab\u00fck, Zonguldak, Bart\u0131n ve Kastamonu\u2019da meydana gelen ta\u015fk\u0131n ve heyelanlar\u0131n neden oldu\u011fu maddi zarar\u0131n 4,5 milyar lira civar\u0131nda oldu\u011funu a\u00e7\u0131klam\u0131\u015ft\u0131r. \u00dclkemizde do\u011fa kaynakl\u0131 afetlerle m\u00fccadele i\u00e7in milat oldu\u011fu varsay\u0131lan 17 A\u011fustos 1999 depreminin \u00fczerinden 23 y\u0131l ge\u00e7mesine ra\u011fmen, do\u011fa kaynakl\u0131 afetler kar\u015f\u0131s\u0131ndaki toplumsal, sosyal, ekonomik, kurumsal ve teknik altyap\u0131m\u0131zdaki k\u0131r\u0131lganl\u0131k katlanarak artm\u0131\u015f, getirilen \u00e7\u00f6z\u00fcmler ise afet risklerini azaltmak yerine, \u201cyara sarma\u201d amac\u0131na hizmet etmi\u015ftir. Deprem, sel, ta\u015fk\u0131n, heyelan gibi do\u011fa kaynakl\u0131 olaylar\u0131n afete d\u00f6n\u00fc\u015fmemesi ve \u00fclkemizde ya\u015fanan ac\u0131lar\u0131n tekrarlanmamas\u0131 i\u00e7in do\u011fa ve teknoloji kaynakl\u0131 afet risklerine kar\u015f\u0131 \u201cetkin bir mevzuat altyap\u0131s\u0131n\u0131, g\u00fc\u00e7l\u00fc kurumsal yap\u0131lanmay\u0131, afet g\u00fcvenli\u011fini \u00f6nceleyen bir ekonomiyi, tedbirleri kararl\u0131l\u0131kla uygulayan bir siyaseti ve afet fark\u0131ndal\u0131\u011f\u0131 y\u00fcksek bir toplumu\u201d yaratmak ve bu yolda ilerlemek zorunday\u0131z.\u201d \u015feklinde konu\u015ftu. <\/p>\n<p>\u201cMevcut kurumsal yap\u0131 afetler ile ba\u015f etmede yetersiz\u201d<\/p>\n<p>Bu yolda \u0131\u015f\u0131k tutaca\u011f\u0131na inand\u0131klar\u0131 baz\u0131 \u00f6nerileri payla\u015fan Demir;<br \/>\n&#8211; \u201c09\/06\/2022 tarih ve 31861 say\u0131l\u0131 Resmi Gazete\u2019de yay\u0131mlanan Cumhurba\u015fkanl\u0131\u011f\u0131 Kararnamesi ile Afet ve Acil Durum Y\u00f6netimi Ba\u015fkanl\u0131\u011f\u0131\u2019n\u0131n kurumsal yap\u0131s\u0131n\u0131n de\u011fi\u015ftirilmesi olumlu bir geli\u015fmedir. Ancak 2020 y\u0131l\u0131ndan bu yana Covid-19 dahil ya\u015fanan deprem, heyelan, sel, ta\u015fk\u0131n ve yang\u0131nlar gibi do\u011fa kaynakl\u0131 afetler sonucunda, 100.000\u2019den fazla insan\u0131m\u0131z\u0131n ya\u015fam\u0131n\u0131 yitirmesi, 100.000\u2019e yak\u0131n konut ve i\u015fyerinin y\u0131k\u0131lmas\u0131 ve a\u011f\u0131r hasar g\u00f6rmesi, 100 milyarlarca liran\u0131n \u00fczerindeki ekonomik kay\u0131plar ile k\u00fcresel iklim de\u011fi\u015fikli\u011finin neden oldu\u011fu etkiler de d\u00fc\u015f\u00fcn\u00fcld\u00fc\u011f\u00fcnde, mevcut kurumsal yap\u0131n\u0131n afetler ile ba\u015f etmede yetersiz kald\u0131\u011f\u0131 g\u00f6r\u00fclmektedir. Afet ve acil durumlara ili\u015fkin risklerin \u00f6nceden belirlenebilmesi, gerekli tedbirlerin zaman\u0131nda ve b\u00fct\u00fcnc\u00fcl bir anlay\u0131\u015fla ele al\u0131nmas\u0131 ve etkili \u015fekilde y\u00f6netebilmesi i\u00e7in acilen \u201cAfet, Acil Durum ve \u0130klim De\u011fi\u015fikli\u011fi Bakanl\u0131\u011f\u0131\u201d kurulmal\u0131d\u0131r.<br \/>\n&#8211; Her do\u011fa kaynakl\u0131 afet sonras\u0131nda yerel idarelerde ya\u015fanagelen ke\u015fmeke\u015f ve yetki karma\u015fas\u0131 devam etmektedir. Yerel idarelerin \u00e7o\u011fu afetler kar\u015f\u0131s\u0131ndaki sorumluluklar\u0131n\u0131 bilmedikleri gibi ya\u015fad\u0131klar\u0131 kentleri tehdit eden do\u011fa kaynakl\u0131 afet risklerinden de habersizdirler. 2021 y\u0131l\u0131nda Afet ve Acil Durum Y\u00f6netimi Ba\u015fkanl\u0131\u011f\u0131 \u00f6nc\u00fcl\u00fc\u011f\u00fcnde olu\u015fturulan \u0130l Afet Risk Azaltma Planlar\u0131 (\u0130RAP)\u2019n\u0131n y\u00fcr\u00fcrl\u00fc\u011fe konulmas\u0131 \u00f6nemli bir geli\u015fme olmakla birlikte, yerel idarelerin gerek uzmanl\u0131k gerektiren bu planlar hakk\u0131nda yeterince bilgi sahibi olamamalar\u0131, gerekse \u00e7o\u011funun b\u00fcnyesinde afet riskleri ile m\u00fccadele birimlerinin bulunmamas\u0131 nedeniyle do\u011fa kaynakl\u0131 afetlere kar\u015f\u0131 yeterli tedbirleri almad\u0131\u011f\u0131 g\u00f6r\u00fclmektedir. Mevcut durumu ile \u0130RAP raporlar\u0131n\u0131n, daha \u00f6nce \u00e7ok say\u0131da \u00f6rnekte ya\u015fand\u0131\u011f\u0131 gibi, eyleme d\u00f6n\u00fc\u015femeden \u201ctozlu raflarda\u201d kalma olas\u0131l\u0131\u011f\u0131 b\u00fcy\u00fckt\u00fcr. \u0130RAP raporlar\u0131nda belirtilen afet risklerinin azalt\u0131lmas\u0131 amac\u0131yla TU\u0130K verilerine g\u00f6re 84 milyon insan\u0131m\u0131z\u0131n %80\u2019inin ya\u015fad\u0131\u011f\u0131 30 B\u00fcy\u00fck\u015fehir Belediye Ba\u015fkanl\u0131\u011f\u0131 dahil t\u00fcm belediyelerin kurumsal organizasyon yap\u0131s\u0131n\u0131 d\u00fczenleyen ve 22\/2\/2007 tarih ve 26442 say\u0131l\u0131 Resm\u00ee Gazete\u2019de yay\u0131mlanan \u201cBelediye ve Ba\u011fl\u0131 Kurulu\u015flar\u0131 ile Mahalli \u0130dare Birlikleri Norm Kadro \u0130lke ve Standartlar\u0131na Dair Y\u00f6netmelik\u201d \u00c7evre, \u015eehircilik ve \u0130klim De\u011fi\u015fikli\u011fi Bakanl\u0131\u011f\u0131\u2019nca acilen yeniden d\u00fczenlenerek belediyelerin kurumsal yap\u0131s\u0131 i\u00e7inde \u201cAfet ve Risk Azaltma Daire Ba\u015fkanl\u0131klar\u0131n\u201d kurulmas\u0131 zorunlu hale getirilmelidir. Bir di\u011fer \u00f6nemli husus, \u201c\u0130tfaiye Daire Ba\u015fkanl\u0131klar\u0131n\u0131n\u201d g\u00f6rev kapsam\u0131n\u0131 d\u00fczenleyen y\u00f6netmelikte gerekli de\u011fi\u015fiklikler yap\u0131larak itfaiye te\u015fkilat\u0131n\u0131n \u201cafet ve acil durumlara\u201d ili\u015fkin m\u00fcdahale kapasitesini artt\u0131racak altyap\u0131 ve insan kayna\u011f\u0131na sahip hale getirilmelidir.\u201d<br \/>\n&#8211; \u00dclkemizde; \u201cBolu, Sakarya, Kocaeli, Bursa, Bal\u0131kesir, Manisa, \u0130zmir, Ayd\u0131n, Mu\u011fla, Denizli, Burdur, K\u00fctahya, Eski\u015fehir, Tokat, Aksaray, Konya, Kayseri, Kahramanmara\u015f, Hatay, Bing\u00f6l, Erzincan, Erzurum, Hakk\u00e2ri ve Osmaniye\u201d dahil 24 kent merkezi, 110 il\u00e7e, 500\u2019\u00fc a\u015fk\u0131n mahalle veya k\u00f6y yerle\u015fim yeri ile \u00e7ok say\u0131da baraj, g\u00f6let, at\u0131k baraj\u0131 ve kritik sanayi tesisimiz do\u011frudan fay zonlar\u0131 veya hatlar\u0131n\u0131n \u00fczerine ya da \u00e7ok yak\u0131n\u0131na in\u015fa edilmi\u015f bulunmaktad\u0131r. Ya\u015fanan her depremde sars\u0131lan, zemine batan yap\u0131lar\u0131n yan\u0131 s\u0131ra fay zonlar\u0131 \u00fcst\u00fcne oturan y\u00fczlerce yap\u0131 da y\u0131k\u0131lmakta veya hasar g\u00f6rmekte, \u00e7ok say\u0131da vatanda\u015f\u0131m\u0131z ya\u015fam\u0131n\u0131 yitirmektedir. ABD ba\u015fta olmak \u00fczere bir\u00e7ok \u00fclke ile 27 AB \u00fclkesinde fay zonlar\u0131n\u0131n sak\u0131n\u0131m band\u0131 i\u00e7inde bina ve bina t\u00fcr\u00fc yap\u0131lara k\u0131s\u0131tlama getirilmesine ili\u015fkin \u201cFay Yasas\u0131\u201d ad\u0131 alt\u0131nda d\u00fczenlemeler bulunmas\u0131na ra\u011fmen, \u00fclkemiz gibi 5.5 ve \u00fczeri deprem \u00fcretme potansiyeline sahip 550\u2019nin \u00fczerinde fay hatt\u0131 ve zonu bulunmas\u0131na ra\u011fmen hen\u00fcz fay yasas\u0131 \u00e7\u0131kar\u0131lamam\u0131\u015ft\u0131r. 2020 y\u0131l\u0131nda 41 vatanda\u015f\u0131m\u0131z\u0131n deprem nedeniyle ya\u015fam\u0131n\u0131 yitirmesi, 18.000 a\u015fk\u0131n konutun y\u0131k\u0131lmas\u0131 veya hasar g\u00f6rmesi sonras\u0131nda \u201cFay Yasas\u0131n\u0131n\u201d \u00e7\u0131kar\u0131laca\u011f\u0131 bizzat \u0130\u00e7i\u015fleri Bakan\u0131 taraf\u0131ndan bas\u0131n yay\u0131n kurulu\u015flar\u0131 \u00f6n\u00fcnde defalarca ifade edilmi\u015f, buna ra\u011fmen aradan ge\u00e7en iki bu\u00e7uk y\u0131ll\u0131k zaman dilimine ra\u011fmen bu konuda ilerleme sa\u011flanamam\u0131\u015ft\u0131r.  Halk\u0131n can ve mal g\u00fcvenli\u011fi hi\u00e7e say\u0131larak fay zonlar\u0131n\u0131n sak\u0131n\u0131m band\u0131 i\u00e7ine onlarca bina ve bina t\u00fcr\u00fc yap\u0131ya her g\u00fcn yap\u0131 ruhsat\u0131 verilmesi uygulamas\u0131na derhal son verilmeli, bu konuyu d\u00fczenleyen \u201cFay Yasas\u0131\u201d acilen \u00e7\u0131kar\u0131lmal\u0131d\u0131r.<br \/>\n&#8211; 2020 y\u0131l\u0131nda Elaz\u0131\u011f\u2019da meydana gelen depremden sonra TBMM taraf\u0131ndan kurulan Meclis Ara\u015ft\u0131rma Komisyonu taraf\u0131ndan haz\u0131rlanan \u201cDepreme Kar\u015f\u0131 Al\u0131nabilecek \u00d6nlemlerin ve Deprem Zararlar\u0131n\u0131n En Aza \u0130ndirilmesi \u0130\u00e7in Al\u0131nmas\u0131 Gereken Tedbirlerin Belirlenmesi Amac\u0131yla Kurulan Meclis Ara\u015ft\u0131rma Komisyonu\u201d Raporunda \u00f6nemli tespitler yap\u0131lm\u0131\u015f olmas\u0131na ra\u011fmen, raporda belirtilen 7269 say\u0131l\u0131 Afetler Kanunu, 3194 say\u0131l\u0131 \u0130mar Kanunu, 4708 say\u0131l\u0131 Yap\u0131 Denetimi Hakk\u0131nda Kanun ba\u015fta olmak \u00fczere ilgili mevzuattaki eksikliklerin giderilmesi amac\u0131yla tek bir d\u00fczenleme yap\u0131lmam\u0131\u015ft\u0131r. Bu yasal d\u00fczenlemelere ba\u011fl\u0131 olarak ilgili kurumlar taraf\u0131ndan \u00e7\u0131kart\u0131lmas\u0131 gereken ikincil mevzuat niteli\u011findeki y\u00f6netmelik ve tebli\u011flerde de herhangi bir d\u00fczenlemeye gidilmemi\u015ftir. TBMM Ba\u015fkanl\u0131\u011f\u0131, \u00fclkemizin do\u011fa kaynakl\u0131 afetlere kar\u015f\u0131 k\u0131r\u0131lganl\u0131klar\u0131n\u0131 dikkate alarak TBMM Genel Kurulu\u2019nda kabul edilen ve bu raporda belirtilen eksiklikleri bir ana \u00f6nce giderecek tedbirleri ve yasal d\u00fczenlemeleri yapmal\u0131, do\u011fa kaynakl\u0131 afetlere kar\u015f\u0131 diren\u00e7lili\u011fimizi art\u0131racak d\u00fczenlemelerin yasala\u015fmas\u0131 i\u00e7in \u00e7aba g\u00f6stermelidir.<br \/>\n&#8211; 8 Temmuz 2022 tarih ve 31890 say\u0131l\u0131 Resmi Gazetede Cumhurba\u015fkanl\u0131\u011f\u0131 Karar\u0131 ile yay\u0131nlanarak y\u00fcr\u00fcrl\u00fc\u011fe giren \u201cT\u00fcrkiye Afet Risk Azaltma Plan\u0131 2022-2030 (TARAP)\u201d \u00f6nemli olmakla birlikte, haz\u0131rlanan plan\u0131n bundan \u00f6nce haz\u0131rlanan strateji ve eylem plan ile raporlar\u0131n ak\u0131betine u\u011framamas\u0131 ve ya\u015fama ge\u00e7irilebilmesi i\u00e7in eylemliliklerden sorumlu kurumlar\u0131m bilgilendirilmesi, bu eylemlilikleri yerine getirebilmek i\u00e7in gerekli finansal kaynaklar\u0131n yarat\u0131lmas\u0131, s\u00fcrekli izleme, kontrol ve denetim mekanizmalar\u0131 olu\u015fturularak eylemliliklerin hayata ge\u00e7irilip ge\u00e7irilmedi\u011fine ili\u015fkin bilgiler kamuoyu ile payla\u015f\u0131lmal\u0131d\u0131r.<br \/>\n&#8211; Deprem, sel, ta\u015fk\u0131n, heyelan gibi do\u011fa kaynakl\u0131 her bir afet tehlikesi i\u00e7in tekil veya \u00e7oklu tehlike haritalar\u0131 \u00fcretilerek mek\u00e2nsal planlama s\u00fcrecine entegre edilmesi sa\u011flanmal\u0131, fay zonlar\u0131 \u00fczerinde yap\u0131lacak paleosismolojik ara\u015ft\u0131rmalar sonucu belirlenen sak\u0131n\u0131m bantlar\u0131 ile DS\u0130 Genel M\u00fcd\u00fcrl\u00fc\u011f\u00fc taraf\u0131ndan haz\u0131rlanan havza plan ve raporlar\u0131nda belirtilen \u201cTa\u015fk\u0131n Tehlike Haritalar\u0131\u201dndaki riskli alanlar imar planlar\u0131na i\u015flenmeli, bu alanlarda bina ve bina t\u00fcr\u00fc yap\u0131lar\u0131n yap\u0131lmas\u0131na s\u0131n\u0131rlama getirecek d\u00fczenlemeler acilen hayata ge\u00e7irilmelidir.<br \/>\n&#8211; Ba\u015fta b\u00fcy\u00fck\u015fehir belediyeleri olmak \u00fczere \u00fclkemizdeki t\u00fcm illerin 1\/1000 \u00f6l\u00e7ekli Jeolojik-Jeoteknik ve Mikrob\u00f6lgeleme Et\u00fctleri h\u0131zla tamamlanmal\u0131; bu et\u00fctlerin sonu\u00e7lar\u0131na g\u00f6re b\u00fct\u00fcnle\u015fik afet master planlar\u0131 haz\u0131rlanarak afet g\u00fcvenli\u011finin gerektirdi\u011fi imar plan revizyonlar\u0131 ve di\u011fer risk azaltma \u00f6nlemleri ile birlikte uygulanmal\u0131d\u0131r.<br \/>\n&#8211; Beton lobileri taraf\u0131ndan kent ya\u011fmas\u0131 ve kentsel rant\u0131n d\u00f6n\u00fc\u015ft\u00fcr\u00fclmesinin arac\u0131 haline getirilen 6306 say\u0131l\u0131 Afet Riski Alt\u0131ndaki Alanlar\u0131n D\u00f6n\u00fc\u015ft\u00fcr\u00fclmesi Hakk\u0131nda Kanun \u00fclke insan\u0131m\u0131z\u0131 depremler ba\u015fta olmak \u00fczere afet tehlike ve risklerine kar\u015f\u0131 korunmas\u0131 sa\u011flayacak \u015fekilde yeniden d\u00fczenlenmesi gerekmektedir. <\/p>\n<p>Sonu\u00e7 olarak 17 A\u011fustos 1999 G\u00f6lc\u00fck\/Kocaeli depreminin \u00fczerinden ge\u00e7en 23 y\u0131la ra\u011fmen, do\u011fa kaynakl\u0131 afet kar\u015f\u0131s\u0131nda toplumsal, sosyal, ekonomik ve teknik altyap\u0131m\u0131z\u0131 g\u00fc\u00e7lendiren, olas\u0131 afetler kar\u015f\u0131s\u0131nda k\u0131r\u0131lganl\u0131klar\u0131m\u0131z\u0131 yeterince azaltan noktadan olduk\u00e7a uzakta oldu\u011fumuz g\u00f6r\u00fclmekte olup, hala zarar azaltma yerine yara sarma politikalar\u0131nda \u0131srar edilmektedir.\u201d diyerek a\u00e7\u0131klamas\u0131n\u0131 tamamlad\u0131.<\/p>\n","protected":false},"excerpt":{"rendered":"<p>TMMOB Jeoloji M\u00fch. Odas\u0131 Mersin \u0130l Temsilcisi Jeoloji Y\u00fck. M\u00fchendisi Erkan Demir, Jeoloji M\u00fchendisleri Odas\u0131 olarak ad\u0131na &#8220;17 A\u011fustos 1999 Depremi Y\u0131ld\u00f6n\u00fcm\u00fc\u2019nde&#8221; bas\u0131n a\u00e7\u0131klamas\u0131nda bulundu. 17 A\u011fustos 1999 tarihinde, saat &hellip; <a href=\"https:\/\/akdenizolaygazetesi.com\/?p=20414\" class=\"more-link\">Devam\u0131n\u0131 Oku&#8230;<\/a><\/p>\n","protected":false},"author":2,"featured_media":20415,"comment_status":"open","ping_status":"open","sticky":false,"template":"","format":"standard","meta":[],"categories":[3],"tags":[],"_links":{"self":[{"href":"https:\/\/akdenizolaygazetesi.com\/index.php?rest_route=\/wp\/v2\/posts\/20414"}],"collection":[{"href":"https:\/\/akdenizolaygazetesi.com\/index.php?rest_route=\/wp\/v2\/posts"}],"about":[{"href":"https:\/\/akdenizolaygazetesi.com\/index.php?rest_route=\/wp\/v2\/types\/post"}],"author":[{"embeddable":true,"href":"https:\/\/akdenizolaygazetesi.com\/index.php?rest_route=\/wp\/v2\/users\/2"}],"replies":[{"embeddable":true,"href":"https:\/\/akdenizolaygazetesi.com\/index.php?rest_route=%2Fwp%2Fv2%2Fcomments&post=20414"}],"version-history":[{"count":1,"href":"https:\/\/akdenizolaygazetesi.com\/index.php?rest_route=\/wp\/v2\/posts\/20414\/revisions"}],"predecessor-version":[{"id":20416,"href":"https:\/\/akdenizolaygazetesi.com\/index.php?rest_route=\/wp\/v2\/posts\/20414\/revisions\/20416"}],"wp:featuredmedia":[{"embeddable":true,"href":"https:\/\/akdenizolaygazetesi.com\/index.php?rest_route=\/wp\/v2\/media\/20415"}],"wp:attachment":[{"href":"https:\/\/akdenizolaygazetesi.com\/index.php?rest_route=%2Fwp%2Fv2%2Fmedia&parent=20414"}],"wp:term":[{"taxonomy":"category","embeddable":true,"href":"https:\/\/akdenizolaygazetesi.com\/index.php?rest_route=%2Fwp%2Fv2%2Fcategories&post=20414"},{"taxonomy":"post_tag","embeddable":true,"href":"https:\/\/akdenizolaygazetesi.com\/index.php?rest_route=%2Fwp%2Fv2%2Ftags&post=20414"}],"curies":[{"name":"wp","href":"https:\/\/api.w.org\/{rel}","templated":true}]}}