{"id":20420,"date":"2022-08-17T12:22:42","date_gmt":"2022-08-17T09:22:42","guid":{"rendered":"http:\/\/akdenizolaygazetesi.com\/?p=20420"},"modified":"2022-08-17T12:22:42","modified_gmt":"2022-08-17T09:22:42","slug":"anamur-ve-aydincikli-yetistiricilere-toplam-100-kucukbas-hayvan-teslim-edildi","status":"publish","type":"post","link":"https:\/\/akdenizolaygazetesi.com\/?p=20420","title":{"rendered":"ANAMUR VE AYDINCIKLI YET\u0130\u015eT\u0130R\u0130C\u0130LERE TOPLAM 100 K\u00dc\u00c7\u00dcKBA\u015e HAYVAN TESL\u0130M ED\u0130LD\u0130"},"content":{"rendered":"<p>Mersin B\u00fcy\u00fck\u015fehir Belediyesi Tar\u0131msal Hizmetler Dairesi koordinesinde y\u00fcr\u00fct\u00fclen &#8220;Hadi Gel K\u00f6y\u00fcm\u00fcze Destek Verelim&#8221; projesi kapsam\u0131nda yeti\u015ftiricilere k\u00fc\u00e7\u00fckba\u015f hayvan deste\u011fi devam ediyor. Da\u011f\u0131t\u0131mlar kapsam\u0131nda il\u00e7e il\u00e7e gezerek yeti\u015ftiricilerle bulu\u015fan B\u00fcy\u00fck\u015fehir, bu kez de Anamurlu ve Ayd\u0131nc\u0131kl\u0131 yeti\u015ftiricilere k\u00fc\u00e7\u00fckba\u015f hayvanlar\u0131n\u0131 teslim etti.<br \/>\nAnamur&#8217;da 3, Ayd\u0131nc\u0131k&#8217;ta 1 yeti\u015ftiriciye toplam 100 k\u00fc\u00e7\u00fckba\u015f deste\u011fi<br \/>\nMersin B\u00fcy\u00fck\u015fehir Belediye Ba\u015fkan\u0131 Vahap Se\u00e7er&#8217;in tar\u0131ma ve hayvanc\u0131l\u0131\u011fa verdi\u011fi \u00f6nemle 2020 y\u0131l\u0131nda hayata ge\u00e7irdi\u011fi &#8216;Hadi Gel K\u00f6y\u00fcm\u00fcze Destek Verelim&#8221; projesi, farkl\u0131 yeti\u015ftiricilere kazan\u00e7 kap\u0131s\u0131 olmaya ve b\u00fcy\u00fcmeye devam ediyor. \u0130l\u00e7e il\u00e7e devam eden da\u011f\u0131t\u0131mlar ile hem hayvan pop\u00fclasyonunun artmas\u0131na katk\u0131 sunuluyor, hem de k\u00fc\u00e7\u00fck \u00fcreticiler destekleniyor. Kimi yeti\u015ftirici aile ekonomilerine katk\u0131 sunarken, kimi yeti\u015ftirici de i\u015f kolu olarak b\u00fcy\u00fcmeyi ama\u00e7l\u0131yor. Anamur&#8217;da ger\u00e7ekle\u015ftirilen da\u011f\u0131t\u0131mlar kapsam\u0131nda Ayd\u0131nc\u0131k&#8217;ta 1, Anamur&#8217;da 3 yeti\u015ftiriciye 25&#8217;er tane dam\u0131zl\u0131k k\u00fc\u00e7\u00fckba\u015f hayvan teslim edildi.<br \/>\n&#8220;\u00c7ark kendi kendine d\u00f6nmeye ba\u015flad\u0131&#8221;<br \/>\nTar\u0131msal Hizmetler Dairesi&#8217;nde g\u00f6rev yapan Ziraat M\u00fchendisi Dr. Dilek T\u00fcney Bebek, &#8220;2020 y\u0131l\u0131nda verdi\u011fimiz dam\u0131zl\u0131klardan Anamur, Ayd\u0131nc\u0131k ve Bozyaz\u0131 il\u00e7elerimizde, kendi dam\u0131zl\u0131klar\u0131m\u0131zdan \u00fcretti\u011fimiz hayvanlar\u0131m\u0131zdan 98 tanesini toplad\u0131k. 2022 y\u0131l\u0131nda Ayd\u0131nc\u0131k&#8217;ta 1, Anamur&#8217;da 3 yeni yeti\u015ftiricimiz var.  4 yeti\u015ftiricimize teslim etti\u011fimiz toplam 100 adet k\u00fc\u00e7\u00fckba\u015f hayvan\u0131n 98 adedi, kendi dam\u0131zl\u0131klar\u0131m\u0131zdan olu\u015fuyor. K\u0131sacas\u0131 \u00e7ark kendi kendine d\u00f6nmeye ba\u015flad\u0131. Vatanda\u015flar\u0131m\u0131za hay\u0131rl\u0131 olsun&#8221; dedi.<br \/>\n&#8220;Ge\u00e7imimizi sa\u011flayacak bir kayna\u011f\u0131m\u0131z oldu&#8221;<br \/>\nAyd\u0131nc\u0131k Duruhan Mahallesi&#8217;nde ikamet eden ve k\u00fc\u00e7\u00fckba\u015f hayvan da\u011f\u0131t\u0131mlar\u0131ndan faydalanan Erdal \u00c7\u00f6kelek, &#8220;\u00c7ok mutluyuz. \u015eu an i\u015fimiz g\u00fcc\u00fcm\u00fcz yoktu. Ge\u00e7imimizi sa\u011flayacak bir kayna\u011f\u0131m\u0131z oldu. Mallar\u0131m\u0131z geldi, ald\u0131k. Herkese de tavsiye ediyorum&#8221; diye konu\u015ftu.<\/p>\n<p>Anamur \u00c7ukurcak Mahallesi&#8217;nden Nurten Bahar, &#8220;Bizlere bu imkan\u0131 tan\u0131yanlara te\u015fekk\u00fcr ediyorum. Biz de bu hayvanlara bakmakla y\u00fck\u00fcml\u00fcy\u00fcz. Ge\u00e7imimizi bunlarla; s\u00fct\u00fcnden, etinden faydalanarak sa\u011flayaca\u011f\u0131z. \u00c7ocuklar\u0131m\u0131n biri 4. s\u0131n\u0131fta okuyor, biri askerden geldi, biri de askere gidecek. K\u00f6yde oldu\u011fumuz i\u00e7in hayvanc\u0131l\u0131kla u\u011fra\u015fmaya karar verdik&#8221; dedi.<\/p>\n<p>&#8220;\u00c7ocuklar\u0131m\u0131za ve bize destek olacak&#8221;<\/p>\n<p>Anamur Sug\u00f6z\u00fc Mahallesi&#8217;nde ya\u015fayan bir di\u011fer vatanda\u015f Havva Serin, &#8220;2, 3 ke\u00e7im vard\u0131. Muhtar arad\u0131 &#8216;ke\u00e7ileri \u00e7o\u011faltal\u0131m&#8217; dedi. Ben de nas\u0131l \u00e7o\u011faltaca\u011f\u0131z&#8217; dedim. Projeyi anlatt\u0131. \u00c7ok sevindik. \u00c7ocuklar\u0131m\u0131za ve bize destek olacak. Ba\u011f bah\u00e7eyle u\u011fra\u015f\u0131yorduk. Bir i\u015fimiz yok. Bu projeye de b\u00fct\u00e7emize destek olsun diye ba\u015fvurduk&#8221; ifadelerine yer verdi.<br \/>\nAnamur&#8217;un Ucar\u0131 Mahallesi&#8217;nden Erhan De\u011firmenci, projeye dahil oldu\u011fu i\u00e7in \u00e7ok mutlu oldu\u011funu payla\u015farak, &#8220;Bu ke\u00e7ilerin etinden, s\u00fct\u00fcnden olmak \u00fczere her \u015feyinden yararlanaca\u011f\u0131z. Aile ge\u00e7imine katk\u0131 sa\u011flamak istiyoruz. B\u00f6yle proje bizler i\u00e7in \u00e7ok iyi oldu&#8221; dedi.  <\/p>\n","protected":false},"excerpt":{"rendered":"<p>Mersin B\u00fcy\u00fck\u015fehir Belediyesi Tar\u0131msal Hizmetler Dairesi koordinesinde y\u00fcr\u00fct\u00fclen &#8220;Hadi Gel K\u00f6y\u00fcm\u00fcze Destek Verelim&#8221; projesi kapsam\u0131nda yeti\u015ftiricilere k\u00fc\u00e7\u00fckba\u015f hayvan deste\u011fi devam ediyor. Da\u011f\u0131t\u0131mlar kapsam\u0131nda il\u00e7e il\u00e7e gezerek yeti\u015ftiricilerle bulu\u015fan B\u00fcy\u00fck\u015fehir, bu &hellip; <a href=\"https:\/\/akdenizolaygazetesi.com\/?p=20420\" class=\"more-link\">Devam\u0131n\u0131 Oku&#8230;<\/a><\/p>\n","protected":false},"author":2,"featured_media":20421,"comment_status":"open","ping_status":"open","sticky":false,"template":"","format":"standard","meta":[],"categories":[2,3,5],"tags":[],"_links":{"self":[{"href":"https:\/\/akdenizolaygazetesi.com\/index.php?rest_route=\/wp\/v2\/posts\/20420"}],"collection":[{"href":"https:\/\/akdenizolaygazetesi.com\/index.php?rest_route=\/wp\/v2\/posts"}],"about":[{"href":"https:\/\/akdenizolaygazetesi.com\/index.php?rest_route=\/wp\/v2\/types\/post"}],"author":[{"embeddable":true,"href":"https:\/\/akdenizolaygazetesi.com\/index.php?rest_route=\/wp\/v2\/users\/2"}],"replies":[{"embeddable":true,"href":"https:\/\/akdenizolaygazetesi.com\/index.php?rest_route=%2Fwp%2Fv2%2Fcomments&post=20420"}],"version-history":[{"count":1,"href":"https:\/\/akdenizolaygazetesi.com\/index.php?rest_route=\/wp\/v2\/posts\/20420\/revisions"}],"predecessor-version":[{"id":20422,"href":"https:\/\/akdenizolaygazetesi.com\/index.php?rest_route=\/wp\/v2\/posts\/20420\/revisions\/20422"}],"wp:featuredmedia":[{"embeddable":true,"href":"https:\/\/akdenizolaygazetesi.com\/index.php?rest_route=\/wp\/v2\/media\/20421"}],"wp:attachment":[{"href":"https:\/\/akdenizolaygazetesi.com\/index.php?rest_route=%2Fwp%2Fv2%2Fmedia&parent=20420"}],"wp:term":[{"taxonomy":"category","embeddable":true,"href":"https:\/\/akdenizolaygazetesi.com\/index.php?rest_route=%2Fwp%2Fv2%2Fcategories&post=20420"},{"taxonomy":"post_tag","embeddable":true,"href":"https:\/\/akdenizolaygazetesi.com\/index.php?rest_route=%2Fwp%2Fv2%2Ftags&post=20420"}],"curies":[{"name":"wp","href":"https:\/\/api.w.org\/{rel}","templated":true}]}}